{"id":5779,"date":"2025-12-29T16:20:24","date_gmt":"2025-12-29T15:20:24","guid":{"rendered":"https:\/\/online-filmkatarzis.com\/kucko\/hirek\/?p=5779"},"modified":"2025-12-29T16:20:24","modified_gmt":"2025-12-29T15:20:24","slug":"curtis-kimondta-orban-viktor-pedig-megosztotta","status":"publish","type":"post","link":"https:\/\/online-filmkatarzis.com\/kucko\/hirek\/curtis-kimondta-orban-viktor-pedig-megosztotta\/","title":{"rendered":"Curtis kimondta, Orb\u00e1n Viktor pedig megosztotta"},"content":{"rendered":"<h3>Majka n\u00e9h\u00e1ny napja egy \u00e9v v\u00e9gi hepaj keret\u00e9ben d\u00f6nt\u00f6tt \u00fagy, hogy koc\/int a m\u00f6g\u00f6tt\u00fcnk \u00e1ll\u00f3 \u00e9vre, \u00e9s egyben \u00e1ldom\u00e1st is\/ik a 2026-os esztend\u0151re. Nos, ezzel egy picit el\u0151re i\/ott a medve b\u0151r\u00e9re, hiszen \u00e9ppen ez a p\/harazg\/t\u00e1s vezetett oda, hogy most i\/tas ve\/et\u00e9s\u00e9rt kell felelnie. A b\/lika ut\u00e1n ugyanis beleszaladt egy igazoltat\u00e1sba, amelynek sor\u00e1n el\u0151ker\u00fclt a szonda is. Persze Majka ak\u00e1r j\u00f3l is z\u00e1rhatta volna az \u00e9vet, ha nem sokkal a leint\u00e9se el\u0151tt felteszi mag\u00e1nak a j\u00f3l ismert \u2013 mondjuk ki: retr\u00f3 \u2013 k\u00e9rd\u00e9st: \u201e\u00d6n d\u00f6nt! Is\/ik, vagy vezet?\u201d MUTATJUK A R\u00c9SZLETEKET!<\/h3>\n<h3><span style=\"color: #ff0000;\"><strong>A h\u00edr nem \u00e9rt v\u00e9get! Folytat\u00e1shoz haszn\u00e1ld a K\u00d6VETKEZ\u0150 OLDAL gombot!<\/strong><\/span><\/h3>\n<h3 style=\"text-align: right;\"><a href=\"https:\/\/online-filmkatarzis.com\/kucko\/napiinfok\/?p=5779\" target=\"_blank\" rel=\"noopener\"><span style=\"color: #ff0000;\">&#8212;&gt;&gt; K\u00d6VETKEZ\u0150 OLDAL<\/span><\/a><\/h3>\n<p>&#8211;<\/p>\n<p>Az Advance felszerelts\u00e9gi szint 17 colos kerekeken g\u00f6rd\u00fcl, szemben a k\u00edn\u00e1lat t\u00f6bbi tagj\u00e1n megtal\u00e1lhat\u00f3 19 colos felnikkel, \u00e9s er\u0151s a gyan\u00fank, hogy ez nagyban hozz\u00e1j\u00e1rul ahhoz a meglep\u0151en j\u00f3 rug\u00f3z\u00e1si komforthoz, amit az aut\u00f3 ny\u00fajt. Ha valaki a cs\u00facsnak sz\u00e1m\u00edt\u00f3 Ultimate kivitel mellett d\u00f6nt, de sz\u00e1m\u00e1ra kiemelten fontos a k\u00e9nyelmes utaz\u00e1s, j\u00f3 h\u00edr, hogy a kisebb, 17 colos ker\u00e9km\u00e9ret ebben az esetben is v\u00e1laszthat\u00f3, r\u00e1ad\u00e1sul fel\u00e1r n\u00e9lk\u00fcl. Ennek tov\u00e1bbi el\u0151nye, hogy a kisebb kerekek alacsonyabb g\u00f6rd\u00fcl\u00e9si ellen\u00e1ll\u00e1sa miatt egy felt\u00f6lt\u00e9ssel nagyobb hat\u00f3t\u00e1v \u00e9rhet\u0151 el, \u00e9s az energiahat\u00e9konys\u00e1g is javul, ami a mindennapi haszn\u00e1lat sor\u00e1n k\u00e9zzelfoghat\u00f3 el\u0151nyt jelent.<\/p>\n<p>A Kona Electric, sok m\u00e1s Kia \u00e9s Hyundai elektromos modellhez hasonl\u00f3an, n\u00e9gyfokozat\u00fa regenerat\u00edv f\u00e9krendszerrel rendelkezik, valamint el\u00e9rhet\u0151 benne az egyped\u00e1los vezet\u00e9si m\u00f3d is. Ez lehet\u0151v\u00e9 teszi, hogy a vezet\u0151 pontosan be\u00e1ll\u00edtsa, milyen m\u00e9rt\u00e9k\u0171 lassul\u00e1st szeretne, amikor leveszi a l\u00e1b\u00e1t a g\u00e1zped\u00e1lr\u00f3l.<\/p>\n","protected":false},"excerpt":{"rendered":"<p>Majka n\u00e9h\u00e1ny napja egy \u00e9v v\u00e9gi hepaj keret\u00e9ben d\u00f6nt\u00f6tt \u00fagy, hogy koc\/int a m\u00f6g\u00f6tt\u00fcnk \u00e1ll\u00f3 \u00e9vre, \u00e9s egyben \u00e1ldom\u00e1st is\/ik&#8230; <span class=\"gridview-grid-post-read-more\"><a href=\"https:\/\/online-filmkatarzis.com\/kucko\/hirek\/curtis-kimondta-orban-viktor-pedig-megosztotta\/\">read more<span class=\"gridview-sr-only\"> Curtis kimondta, Orb\u00e1n Viktor pedig megosztotta<\/span><\/a><\/span><\/p>\n","protected":false},"author":1,"featured_media":5780,"comment_status":"open","ping_status":"open","sticky":false,"template":"","format":"standard","meta":{"footnotes":""},"categories":[1],"tags":[],"class_list":["post-5779","post","type-post","status-publish","format-standard","has-post-thumbnail","hentry","category-egyeb","wpcat-1-id"],"_links":{"self":[{"href":"https:\/\/online-filmkatarzis.com\/kucko\/hirek\/wp-json\/wp\/v2\/posts\/5779","targetHints":{"allow":["GET"]}}],"collection":[{"href":"https:\/\/online-filmkatarzis.com\/kucko\/hirek\/wp-json\/wp\/v2\/posts"}],"about":[{"href":"https:\/\/online-filmkatarzis.com\/kucko\/hirek\/wp-json\/wp\/v2\/types\/post"}],"author":[{"embeddable":true,"href":"https:\/\/online-filmkatarzis.com\/kucko\/hirek\/wp-json\/wp\/v2\/users\/1"}],"replies":[{"embeddable":true,"href":"https:\/\/online-filmkatarzis.com\/kucko\/hirek\/wp-json\/wp\/v2\/comments?post=5779"}],"version-history":[{"count":1,"href":"https:\/\/online-filmkatarzis.com\/kucko\/hirek\/wp-json\/wp\/v2\/posts\/5779\/revisions"}],"predecessor-version":[{"id":5781,"href":"https:\/\/online-filmkatarzis.com\/kucko\/hirek\/wp-json\/wp\/v2\/posts\/5779\/revisions\/5781"}],"wp:featuredmedia":[{"embeddable":true,"href":"https:\/\/online-filmkatarzis.com\/kucko\/hirek\/wp-json\/wp\/v2\/media\/5780"}],"wp:attachment":[{"href":"https:\/\/online-filmkatarzis.com\/kucko\/hirek\/wp-json\/wp\/v2\/media?parent=5779"}],"wp:term":[{"taxonomy":"category","embeddable":true,"href":"https:\/\/online-filmkatarzis.com\/kucko\/hirek\/wp-json\/wp\/v2\/categories?post=5779"},{"taxonomy":"post_tag","embeddable":true,"href":"https:\/\/online-filmkatarzis.com\/kucko\/hirek\/wp-json\/wp\/v2\/tags?post=5779"}],"curies":[{"name":"wp","href":"https:\/\/api.w.org\/{rel}","templated":true}]}}