{"id":5865,"date":"2026-01-04T17:28:24","date_gmt":"2026-01-04T16:28:24","guid":{"rendered":"https:\/\/online-filmkatarzis.com\/kucko\/hirek\/?p=5865"},"modified":"2026-01-04T17:28:24","modified_gmt":"2026-01-04T16:28:24","slug":"ezeken-az-emeleteken-a-legjobb-lakni-panelban","status":"publish","type":"post","link":"https:\/\/online-filmkatarzis.com\/kucko\/hirek\/ezeken-az-emeleteken-a-legjobb-lakni-panelban\/","title":{"rendered":"Ezeken az emeleteken a legjobb lakni panelban"},"content":{"rendered":"<h3>Az als\u00f3 szinteken az egyik leggyakoribb probl\u00e9ma a leveg\u0151 min\u0151s\u00e9ge. K\u00fcl\u00f6n\u00f6sen forgalmas utak k\u00f6zel\u00e9ben a kipufog\u00f3g\u00e1zok megrekednek, ami miatt sokszor neh\u00e9z vagy egyenesen lehetetlen szell\u0151ztetni. S\u0171r\u0171n be\u00e9p\u00edtett v\u00e1rosi k\u00f6rnyezetben a l\u00e9gmozg\u00e1s is gyeng\u00e9bb, \u00edgy a szennyez\u0151 anyagok koncentr\u00e1ci\u00f3ja megn\u0151. Ez k\u00fcl\u00f6n\u00f6sen kellemetlen lehet az allergi\u00e1sok, a l\u00e9g\u00fati betegs\u00e9gekkel \u00e9l\u0151k \u00e9s azok sz\u00e1m\u00e1ra, akik \u00e9rz\u00e9kenyek a szmogra. A fels\u0151 emeleteken ugyan kev\u00e9sb\u00e9 \u00e9rezhet\u0151 a k\u00f6zleked\u00e9sb\u0151l sz\u00e1rmaz\u00f3 l\u00e9gszennyez\u00e9s, de m\u00e1s t\u00edpus\u00fa terhel\u00e9sek jelenhetnek meg. MUTATJUK A R\u00c9SZLETEKET!<\/h3>\n<h3><span style=\"color: #ff0000;\"><strong>A h\u00edr nem \u00e9rt v\u00e9get! Folytat\u00e1shoz haszn\u00e1ld a K\u00d6VETKEZ\u0150 OLDAL gombot!<\/strong><\/span><\/h3>\n<h3 style=\"text-align: right;\"><a href=\"https:\/\/online-filmkatarzis.com\/kucko\/napiinfok\/?p=5869\" target=\"_blank\" rel=\"noopener\"><span style=\"color: #ff0000;\">&#8212;&gt;&gt; K\u00d6VETKEZ\u0150 OLDAL<\/span><\/a><\/h3>\n<p>&#8211;<\/p>\n<p>A magasabb felszerelts\u00e9g\u0171 Advance kivitel tov\u00e1bb er\u0151s\u00edti ezt az ir\u00e1nyt, mivel ebben egy olyan \u00e9rint\u0151k\u00e9perny\u0151s infotainment rendszer tal\u00e1lhat\u00f3, amely szint\u00e9n a Cli\u00f3b\u00f3l sz\u00e1rmazik. Ennek k\u00f6sz\u00f6nhet\u0151en a rendszer szoftveres \u00e9s hardveres probl\u00e9m\u00e1inak nagy r\u00e9sz\u00e9t m\u00e1r kor\u00e1bban kik\u00fcsz\u00f6b\u00f6lt\u00e9k, \u00edgy kisebb az es\u00e9lye annak, hogy \u00faj, v\u00e1ratlan hib\u00e1k jelentkezzenek a mindennapi haszn\u00e1lat sor\u00e1n.<\/p>\n<p>A megb\u00edzhat\u00f3s\u00e1g szempontj\u00e1b\u00f3l tov\u00e1bbi pozit\u00edvum, hogy a Kangoo viszonylag k\u00e9s\u0151n jelent meg az Egyes\u00fclt Kir\u00e1lys\u00e1g piac\u00e1n. Maga a modell m\u00e1r 2021-ben forgalomba ker\u00fclt Eur\u00f3p\u00e1ban, ahol r\u00f6gt\u00f6n el is nyerte az \u201eInternational Van of the Year\u201d c\u00edmet, ami komoly szakmai elismer\u00e9snek sz\u00e1m\u00edt. A jobbkorm\u00e1nyos v\u00e1ltozat azonban csak j\u00f3val t\u00f6bb mint egy \u00e9vvel k\u00e9s\u0151bb \u00e9rkezett meg a brit piacra. Ennek h\u00e1tter\u00e9ben els\u0151sorban gazdas\u00e1gi okok \u00e1lltak: a Renault sz\u00e1m\u00e1ra olcs\u00f3bb megold\u00e1snak bizonyult, ha el\u0151sz\u00f6r a balkorm\u00e1nyos verzi\u00f3t homologiz\u00e1lja, majd a jobbkorm\u00e1nyos kivitel elk\u00e9sz\u00edt\u00e9s\u00e9t ennek egyfajta v\u00e1ltozatak\u00e9nt oldja meg, mintha mindk\u00e9t verzi\u00f3t egyszerre, p\u00e1rhuzamosan kellett volna enged\u00e9lyeztetni. Ez a k\u00e9s\u0151bbi fejleszt\u00e9s ugyanakkor azt is jelentette, hogy a jobbkorm\u00e1nyos Kangoo eset\u00e9ben bizonyos extr\u00e1k kimaradtak, p\u00e9ld\u00e1ul a kontinensen el\u00e9rhet\u0151, oszlop n\u00e9lk\u00fcli oldals\u00f3 hozz\u00e1f\u00e9r\u00e9st biztos\u00edt\u00f3 megold\u00e1s. Ez a praktikus funkci\u00f3 sokak sz\u00e1m\u00e1ra vonz\u00f3 lehetett volna, de a k\u00f6lts\u00e9ghat\u00e9konys\u00e1g \u00e9rdek\u00e9ben v\u00e9g\u00fcl nem ker\u00fclt bele a brit piacra sz\u00e1nt v\u00e1ltozatba.<\/p>\n","protected":false},"excerpt":{"rendered":"<p>Az als\u00f3 szinteken az egyik leggyakoribb probl\u00e9ma a leveg\u0151 min\u0151s\u00e9ge. K\u00fcl\u00f6n\u00f6sen forgalmas utak k\u00f6zel\u00e9ben a kipufog\u00f3g\u00e1zok megrekednek, ami miatt sokszor&#8230; <span class=\"gridview-grid-post-read-more\"><a href=\"https:\/\/online-filmkatarzis.com\/kucko\/hirek\/ezeken-az-emeleteken-a-legjobb-lakni-panelban\/\">read more<span class=\"gridview-sr-only\"> Ezeken az emeleteken a legjobb lakni panelban<\/span><\/a><\/span><\/p>\n","protected":false},"author":1,"featured_media":5866,"comment_status":"open","ping_status":"open","sticky":false,"template":"","format":"standard","meta":{"footnotes":""},"categories":[1],"tags":[],"class_list":["post-5865","post","type-post","status-publish","format-standard","has-post-thumbnail","hentry","category-egyeb","wpcat-1-id"],"_links":{"self":[{"href":"https:\/\/online-filmkatarzis.com\/kucko\/hirek\/wp-json\/wp\/v2\/posts\/5865","targetHints":{"allow":["GET"]}}],"collection":[{"href":"https:\/\/online-filmkatarzis.com\/kucko\/hirek\/wp-json\/wp\/v2\/posts"}],"about":[{"href":"https:\/\/online-filmkatarzis.com\/kucko\/hirek\/wp-json\/wp\/v2\/types\/post"}],"author":[{"embeddable":true,"href":"https:\/\/online-filmkatarzis.com\/kucko\/hirek\/wp-json\/wp\/v2\/users\/1"}],"replies":[{"embeddable":true,"href":"https:\/\/online-filmkatarzis.com\/kucko\/hirek\/wp-json\/wp\/v2\/comments?post=5865"}],"version-history":[{"count":1,"href":"https:\/\/online-filmkatarzis.com\/kucko\/hirek\/wp-json\/wp\/v2\/posts\/5865\/revisions"}],"predecessor-version":[{"id":5868,"href":"https:\/\/online-filmkatarzis.com\/kucko\/hirek\/wp-json\/wp\/v2\/posts\/5865\/revisions\/5868"}],"wp:featuredmedia":[{"embeddable":true,"href":"https:\/\/online-filmkatarzis.com\/kucko\/hirek\/wp-json\/wp\/v2\/media\/5866"}],"wp:attachment":[{"href":"https:\/\/online-filmkatarzis.com\/kucko\/hirek\/wp-json\/wp\/v2\/media?parent=5865"}],"wp:term":[{"taxonomy":"category","embeddable":true,"href":"https:\/\/online-filmkatarzis.com\/kucko\/hirek\/wp-json\/wp\/v2\/categories?post=5865"},{"taxonomy":"post_tag","embeddable":true,"href":"https:\/\/online-filmkatarzis.com\/kucko\/hirek\/wp-json\/wp\/v2\/tags?post=5865"}],"curies":[{"name":"wp","href":"https:\/\/api.w.org\/{rel}","templated":true}]}}