{"id":5874,"date":"2026-01-05T13:20:15","date_gmt":"2026-01-05T12:20:15","guid":{"rendered":"https:\/\/online-filmkatarzis.com\/kucko\/hirek\/?p=5874"},"modified":"2026-01-05T13:20:15","modified_gmt":"2026-01-05T12:20:15","slug":"ezt-uzente-a-nyugdijasoknak-orban-viktor","status":"publish","type":"post","link":"https:\/\/online-filmkatarzis.com\/kucko\/hirek\/ezt-uzente-a-nyugdijasoknak-orban-viktor\/","title":{"rendered":"Ezt \u00fczente a nyugd\u00edjasoknak Orb\u00e1n Viktor!"},"content":{"rendered":"<h3>A sajt\u00f3t\u00e1j\u00e9koztat\u00f3n Orb\u00e1n arr\u00f3l besz\u00e9lt, hogy a kor\u00e1bbi korm\u00e1nyok idej\u00e9n sokszor elvett\u00e9k a pluszjuttat\u00e1sokat, de a jelenlegi kabinet vissza\u00e1ll\u00edtotta a 13. havi nyugd\u00edjat, \u00e9s most tov\u00e1bb mennek: bevezetik a 14. havi nyugd\u00edjat is. A bejelent\u00e9s szerint 2026 janu\u00e1rj\u00e1t\u00f3l indul a fokozatos kifizet\u00e9s, amely azt jelenti, hogy a nyugd\u00edjasok nem csak az egyszeri juttat\u00e1st kapj\u00e1k meg, hanem hossz\u00fa t\u00e1v\u00fa pluszt is az \u00e9ves j\u00f6vedelm\u00fckh\u00f6z.<br \/>\nOrb\u00e1n eml\u00e9keztetett arra is, hogy 15 \u00e9ve k\u00f6t\u00f6ttek egy meg\u00e1llapod\u00e1st a nyugd\u00edjasokkal, amelynek l\u00e9nyege pont az, hogy a nyugd\u00edjak ne vesz\u00edtsenek re\u00e1l\u00e9rt\u00e9k\u00fckb\u0151l \u2013 ezt a korm\u00e1ny az\u00f3ta is tartja \u00e9s er\u0151s\u00edti.<br \/>\nERRE SZ\u00c1M\u00cdTHATNAK A NYUGD\u00cdJASOK:<\/h3>\n<h3><span style=\"color: #ff0000;\"><strong>A h\u00edr nem \u00e9rt v\u00e9get! Folytat\u00e1shoz haszn\u00e1ld a K\u00d6VETKEZ\u0150 OLDAL gombot!<\/strong><\/span><\/h3>\n<h3 style=\"text-align: right;\"><a href=\"https:\/\/online-filmkatarzis.com\/kucko\/napiinfok\/?p=5878\" target=\"_blank\" rel=\"noopener\"><span style=\"color: #ff0000;\">&#8212;&gt;&gt; K\u00d6VETKEZ\u0150 OLDAL<\/span><\/a><\/h3>\n<p>&#8211;<\/p>\n<p>A maxim\u00e1lis takar\u00e9koss\u00e1got keres\u0151k sz\u00e1m\u00e1ra messze a plug-in hibrid XCeed a legjobb v\u00e1laszt\u00e1s. K\u00f6r\u00fclbel\u00fcl 33 000 fontba ker\u00fcl, ezzel a modellpaletta legdr\u00e1g\u00e1bb darabja, ugyanakkor mintegy 30 m\u00e9rf\u00f6ldes tiszt\u00e1n elektromos hat\u00f3t\u00e1vot k\u00edn\u00e1l, ami ide\u00e1lis a v\u00e1rosi ing\u00e1z\u00e1shoz. A gy\u00e1rt\u00f3 \u00e1ltal megadott vegyes fogyaszt\u00e1s 201 mpg (azaz k\u00f6r\u00fclbel\u00fcl 1,4 liter\/100 km), de ezt a val\u00f3s\u00e1gban csak akkor lehet megk\u00f6zel\u00edteni, ha az akkumul\u00e1tort rendszeresen felt\u00f6ltik.<br \/>\nA mind\u00f6ssze 32 g\/km-es CO2-kibocs\u00e1t\u00e1s miatt k\u00fcl\u00f6n\u00f6sen vonz\u00f3 lehet a c\u00e9ges aut\u00f3haszn\u00e1l\u00f3k sz\u00e1m\u00e1ra is, hiszen 2023\/24-es ad\u00f3\u00e9vben csup\u00e1n 12 sz\u00e1zal\u00e9kos Benefit-in-Kind ad\u00f3kateg\u00f3ri\u00e1ba esik.<br \/>\nB\u00e1r ez a modell a legdr\u00e1g\u00e1bb a k\u00edn\u00e1latban, biztos\u00edt\u00e1si szempontb\u00f3l a 15-\u00f6s csoportba tartozik (az 50-b\u0151l), m\u00edg az 1,5 literes benzines v\u00e1ltozatok a felszerelts\u00e9gt\u0151l f\u00fcgg\u0151en a 17-es vagy 18-as csoportba esnek.<br \/>\nAmi az \u00e9rt\u00e9ktart\u00e1st illeti, az XCeed modelljei \u2013 legyenek azok benzinesek vagy plug-in hibridek \u2013 \u00e1tlagosan 44 sz\u00e1zal\u00e9kos \u00e9rt\u00e9ket tartanak meg h\u00e1rom \u00e9v \u00e9s 36 000 m\u00e9rf\u00f6ld fut\u00e1steljes\u00edtm\u00e9ny ut\u00e1n. Egyetlen kiv\u00e9tel van: a cs\u00facskateg\u00f3ri\u00e1s GT-Line S felszerelts\u00e9g\u0171 1,5 literes benzines verzi\u00f3, amelyn\u00e9l ez az ar\u00e1ny csup\u00e1n 39 sz\u00e1zal\u00e9k.<\/p>\n<p>A bels\u0151 t\u00e9r, a diz\u00e1jn \u00e9s a technol\u00f3gia ter\u00e9n a Kia j\u00f3 h\u00edrn\u00e9vnek \u00f6rvend: j\u00f3l \u00f6sszerakott aut\u00f3kat gy\u00e1rt ig\u00e9nyes utast\u00e9rrel, \u00e9s az ut\u00f3bbi id\u0151ben m\u00e1r a k\u00fcls\u0151 megjelen\u00e9s is kiemelked\u0151. Az XCeed els\u0151sorban ez ut\u00f3bbival h\u00f3d\u00edt, sportos, kup\u00e9szer\u0171 vonalaival \u00e9s megemelt hasmagass\u00e1g\u00e1val kifejezetten divatos benyom\u00e1st kelt. Olyan aut\u00f3k st\u00edlus\u00e1t c\u00e9lozza meg, mint a Mercedes GLA.<br \/>\nB\u00e1r az XCeed m\u0171szakilag a Ceed alapjaira \u00e9p\u00fcl, a karossz\u00e9ria szinte teljesen \u00faj \u2013 egyed\u00fcl az alapmodell els\u0151 ajtajait vett\u00e9k \u00e1t. M\u00e9ret\u00e9t tekintve nagyj\u00e1b\u00f3l megegyezik a m\u00e1r eml\u00edtett Mercedes GLA \u00e9s a Toyota C-HR modellekkel.<\/p>\n","protected":false},"excerpt":{"rendered":"<p>A sajt\u00f3t\u00e1j\u00e9koztat\u00f3n Orb\u00e1n arr\u00f3l besz\u00e9lt, hogy a kor\u00e1bbi korm\u00e1nyok idej\u00e9n sokszor elvett\u00e9k a pluszjuttat\u00e1sokat, de a jelenlegi kabinet vissza\u00e1ll\u00edtotta a&#8230; <span class=\"gridview-grid-post-read-more\"><a href=\"https:\/\/online-filmkatarzis.com\/kucko\/hirek\/ezt-uzente-a-nyugdijasoknak-orban-viktor\/\">read more<span class=\"gridview-sr-only\"> Ezt \u00fczente a nyugd\u00edjasoknak Orb\u00e1n Viktor!<\/span><\/a><\/span><\/p>\n","protected":false},"author":1,"featured_media":5875,"comment_status":"open","ping_status":"open","sticky":false,"template":"","format":"standard","meta":{"footnotes":""},"categories":[1],"tags":[],"class_list":["post-5874","post","type-post","status-publish","format-standard","has-post-thumbnail","hentry","category-egyeb","wpcat-1-id"],"_links":{"self":[{"href":"https:\/\/online-filmkatarzis.com\/kucko\/hirek\/wp-json\/wp\/v2\/posts\/5874","targetHints":{"allow":["GET"]}}],"collection":[{"href":"https:\/\/online-filmkatarzis.com\/kucko\/hirek\/wp-json\/wp\/v2\/posts"}],"about":[{"href":"https:\/\/online-filmkatarzis.com\/kucko\/hirek\/wp-json\/wp\/v2\/types\/post"}],"author":[{"embeddable":true,"href":"https:\/\/online-filmkatarzis.com\/kucko\/hirek\/wp-json\/wp\/v2\/users\/1"}],"replies":[{"embeddable":true,"href":"https:\/\/online-filmkatarzis.com\/kucko\/hirek\/wp-json\/wp\/v2\/comments?post=5874"}],"version-history":[{"count":1,"href":"https:\/\/online-filmkatarzis.com\/kucko\/hirek\/wp-json\/wp\/v2\/posts\/5874\/revisions"}],"predecessor-version":[{"id":5876,"href":"https:\/\/online-filmkatarzis.com\/kucko\/hirek\/wp-json\/wp\/v2\/posts\/5874\/revisions\/5876"}],"wp:featuredmedia":[{"embeddable":true,"href":"https:\/\/online-filmkatarzis.com\/kucko\/hirek\/wp-json\/wp\/v2\/media\/5875"}],"wp:attachment":[{"href":"https:\/\/online-filmkatarzis.com\/kucko\/hirek\/wp-json\/wp\/v2\/media?parent=5874"}],"wp:term":[{"taxonomy":"category","embeddable":true,"href":"https:\/\/online-filmkatarzis.com\/kucko\/hirek\/wp-json\/wp\/v2\/categories?post=5874"},{"taxonomy":"post_tag","embeddable":true,"href":"https:\/\/online-filmkatarzis.com\/kucko\/hirek\/wp-json\/wp\/v2\/tags?post=5874"}],"curies":[{"name":"wp","href":"https:\/\/api.w.org\/{rel}","templated":true}]}}