{"id":5877,"date":"2026-01-05T14:12:34","date_gmt":"2026-01-05T13:12:34","guid":{"rendered":"https:\/\/online-filmkatarzis.com\/kucko\/hirek\/?p=5877"},"modified":"2026-01-05T14:12:34","modified_gmt":"2026-01-05T13:12:34","slug":"ebbe-halt-bele-dudas-miki","status":"publish","type":"post","link":"https:\/\/online-filmkatarzis.com\/kucko\/hirek\/ebbe-halt-bele-dudas-miki\/","title":{"rendered":"Ebbe halt bele Dud\u00e1s Miki"},"content":{"rendered":"<h3>A hal\u00e1lh\u00edr h\u00e1tter\u00e9ben egy hosszabb, f\u00e1jdalmas t\u00f6rt\u00e9net \u00e1ll, amely m\u00e9g 2024 nyar\u00e1n kezd\u0151d\u00f6tt: Miki \u00e9desapj\u00e1t brut\u00e1\/is t\u00e1mad\u00e1s \u00e9rte egy benzink\u00fatn\u00e1l, amikor egy hatf\u0151s csoport s\u00falyosan b\/nta\/mazta a f\u00e9rfit. Az incidens ut\u00e1n a 56 \u00e9ves rokkantnyugd\u00edjas azonnal k\u00f3rh\u00e1zba ker\u00fclt, \u00e9ber k\u00f3m\u00e1ba zuhant, \u00e9s h\u00f3napokon \u00e1t k\u00fczd\u00f6tt az \u00e9let\u00e9\u00e9rt \u2014 de sajnos nem tudott fel\u00e9bredni.<br \/>\nA sportol\u00f3 maga is megsz\u00f3lalt a trag\u00e9dia idej\u00e9n: testk\u00f6zelb\u0151l \u00e9lte meg az apja szenved\u00e9s\u00e9t, \u00e9s csal\u00e1dj\u00e1val pr\u00f3b\u00e1lt megk\u00fczdeni a rem\u00e9ny \u00e9s a kil\u00e1t\u00e1stalans\u00e1g k\u00f6z\u00f6tt. Instagramon megosztott sorait, melyekben a szeretett \u00e9desapj\u00e1t\u00f3l b\u00facs\u00fazott, t\u00f6bb ezren osztott\u00e1k meg \u2014 m\u00e9ly, szem\u00e9lyes f\u00e1jdalomr\u00f3l tan\u00faskodva.<br \/>\nEZ T\u00d6RT\u00c9NT DUD\u00c1S MIKIVEL:<\/h3>\n<h3><span style=\"color: #ff0000;\"><strong>A h\u00edr nem \u00e9rt v\u00e9get! Folytat\u00e1shoz haszn\u00e1ld a K\u00d6VETKEZ\u0150 OLDAL gombot!<\/strong><\/span><\/h3>\n<h3 style=\"text-align: right;\"><a href=\"https:\/\/online-filmkatarzis.com\/kucko\/napiinfok\/?p=5881\" target=\"_blank\" rel=\"noopener\"><span style=\"color: #ff0000;\">&#8212;&gt;&gt; K\u00d6VETKEZ\u0150 OLDAL<\/span><\/a><\/h3>\n<p>&#8211;<\/p>\n<p>A nagyobb praktikum \u00e9rdek\u00e9ben mi az \u00f6tajt\u00f3s v\u00e1ltozatot aj\u00e1nlan\u00e1nk, de \u00edgy is elmondhat\u00f3, hogy a h\u00e1ts\u00f3 kil\u00e1t\u00e1s meglehet\u0151sen korl\u00e1tozott. Legal\u00e1bb a magas \u00fcl\u00e9spoz\u00edci\u00f3 biztos\u00edt egy uralkod\u00f3 kil\u00e1t\u00e1st az \u00fatra, \u00e9s az \u00fcl\u00e9sek rendk\u00edv\u00fcl k\u00e9nyelmesek.<br \/>\n\u00c9rdemes megeml\u00edteni, hogy az Evoque alacsony tet\u0151vonala miatt a fejt\u00e9r egy kicsit sz\u0171k\u00f6s, \u00e9s az alacsony oldals\u00f3 ablakok miatt a h\u00e1ts\u00f3 \u00fcl\u00e9seken \u00fclve kiss\u00e9 szoros \u00e9rz\u00e9s\u00fcnk t\u00e1madhat. Az opcion\u00e1lis panor\u00e1ma tet\u0151 dr\u00e1ga extra volt \u00fajkor\u00e1ban, de rengeteg sz\u00fcks\u00e9ges f\u00e9nyt enged be. Ha k\u00f6r\u00fcln\u00e9z\u00fcnk a kabinban, sok hasznos t\u00e1rol\u00f3helyet \u00e9s sz\u00e1mos praktikus poh\u00e1rtart\u00f3t tal\u00e1lunk.<br \/>\nA 420 literes csomagt\u00e9r 85 literrel kisebb, mint az X1-es\u00e9, de ha a h\u00e1ts\u00f3 \u00fcl\u00e9seket lehajtjuk, akkor ez a t\u00e9r 1.445 literre n\u0151. Ha a h\u00e1romajt\u00f3s Evoque kup\u00e9t v\u00e1lasztod, ugyanaz a 420 literes csomagt\u00e9r \u00e1ll rendelkez\u00e9sre \u00f6t \u00fcl\u00e9ssel is, de ha lehajtjuk a h\u00e1ts\u00f3 \u00fcl\u00e9seket, az \u00f6sszkapacit\u00e1s egy kicsit kevesebb lesz, 1.350 liter.<\/p>\n<p>A Cabriolet verzi\u00f3 komolyan vesz\u00edt a praktikumb\u00f3l \u2013 m\u00e9g a norm\u00e1l h\u00e1romajt\u00f3s modellhez k\u00e9pest is. A csomagt\u00e9r kapacit\u00e1sa 420 literb\u0151l mind\u00f6ssze 251 literre cs\u00f6kken, ami kisebb, mint a legt\u00f6bb szuperminiben, \u00e9s a kis ny\u00edl\u00e1s miatt m\u00e9g ha be is f\u00e9r valami, el\u00e9g neh\u00e9z bepakolni. A h\u00e1ts\u00f3 \u00fcl\u00e9sek nem hajthat\u00f3k le, \u00edgy ha hosszabb t\u00e1rgyakat szeretn\u00e9l elhelyezni, akkor egy Dynamic Lux felszerelts\u00e9g\u0171 p\u00e9ld\u00e1nyra van sz\u00fcks\u00e9ged, mivel abban s\u00edhatch tal\u00e1lhat\u00f3 a h\u00e1ts\u00f3 \u00fcl\u00e9sekn\u00e9l.<br \/>\nB\u00e1r az Evoque kabinja j\u00f3l n\u00e9z ki, igaz\u00e1n j\u00f3l is van felszerelve. A f\u0171t\u00f6tt b\u0151r \u00fcl\u00e9sek alapfelszerelts\u00e9g, \u00e9s a k\u00e9tszon\u00e1s kl\u00edmavez\u00e9rl\u00e9s is benne van. Amikor \u00faj volt, rengeteg opci\u00f3 k\u00f6z\u00fcl lehetett v\u00e1lasztani. A panor\u00e1ma tet\u0151 dr\u00e1ga extra volt, de \u00e9rdemes figyelni a haszn\u00e1lt p\u00e9ld\u00e1nyokn\u00e1l, mivel sok Evoque-ra szereltek h\u00e1ts\u00f3 priv\u00e1t \u00fcvegeket. N\u00e9zd meg a f\u0171t\u00f6tt korm\u00e1nykereket is, ami \u00fajkor\u00e1ban 200 fontos opci\u00f3 volt.<\/p>\n","protected":false},"excerpt":{"rendered":"<p>A hal\u00e1lh\u00edr h\u00e1tter\u00e9ben egy hosszabb, f\u00e1jdalmas t\u00f6rt\u00e9net \u00e1ll, amely m\u00e9g 2024 nyar\u00e1n kezd\u0151d\u00f6tt: Miki \u00e9desapj\u00e1t brut\u00e1\/is t\u00e1mad\u00e1s \u00e9rte egy benzink\u00fatn\u00e1l,&#8230; <span class=\"gridview-grid-post-read-more\"><a href=\"https:\/\/online-filmkatarzis.com\/kucko\/hirek\/ebbe-halt-bele-dudas-miki\/\">read more<span class=\"gridview-sr-only\"> Ebbe halt bele Dud\u00e1s Miki<\/span><\/a><\/span><\/p>\n","protected":false},"author":1,"featured_media":5878,"comment_status":"open","ping_status":"open","sticky":false,"template":"","format":"standard","meta":{"footnotes":""},"categories":[1],"tags":[],"class_list":["post-5877","post","type-post","status-publish","format-standard","has-post-thumbnail","hentry","category-egyeb","wpcat-1-id"],"_links":{"self":[{"href":"https:\/\/online-filmkatarzis.com\/kucko\/hirek\/wp-json\/wp\/v2\/posts\/5877","targetHints":{"allow":["GET"]}}],"collection":[{"href":"https:\/\/online-filmkatarzis.com\/kucko\/hirek\/wp-json\/wp\/v2\/posts"}],"about":[{"href":"https:\/\/online-filmkatarzis.com\/kucko\/hirek\/wp-json\/wp\/v2\/types\/post"}],"author":[{"embeddable":true,"href":"https:\/\/online-filmkatarzis.com\/kucko\/hirek\/wp-json\/wp\/v2\/users\/1"}],"replies":[{"embeddable":true,"href":"https:\/\/online-filmkatarzis.com\/kucko\/hirek\/wp-json\/wp\/v2\/comments?post=5877"}],"version-history":[{"count":1,"href":"https:\/\/online-filmkatarzis.com\/kucko\/hirek\/wp-json\/wp\/v2\/posts\/5877\/revisions"}],"predecessor-version":[{"id":5879,"href":"https:\/\/online-filmkatarzis.com\/kucko\/hirek\/wp-json\/wp\/v2\/posts\/5877\/revisions\/5879"}],"wp:featuredmedia":[{"embeddable":true,"href":"https:\/\/online-filmkatarzis.com\/kucko\/hirek\/wp-json\/wp\/v2\/media\/5878"}],"wp:attachment":[{"href":"https:\/\/online-filmkatarzis.com\/kucko\/hirek\/wp-json\/wp\/v2\/media?parent=5877"}],"wp:term":[{"taxonomy":"category","embeddable":true,"href":"https:\/\/online-filmkatarzis.com\/kucko\/hirek\/wp-json\/wp\/v2\/categories?post=5877"},{"taxonomy":"post_tag","embeddable":true,"href":"https:\/\/online-filmkatarzis.com\/kucko\/hirek\/wp-json\/wp\/v2\/tags?post=5877"}],"curies":[{"name":"wp","href":"https:\/\/api.w.org\/{rel}","templated":true}]}}