{"id":5925,"date":"2026-01-08T16:30:25","date_gmt":"2026-01-08T15:30:25","guid":{"rendered":"https:\/\/online-filmkatarzis.com\/kucko\/hirek\/?p=5925"},"modified":"2026-01-08T16:30:25","modified_gmt":"2026-01-08T15:30:25","slug":"dudas-miki-nagyapja-elarulta-hogyan-halt-meg-unokaja","status":"publish","type":"post","link":"https:\/\/online-filmkatarzis.com\/kucko\/hirek\/dudas-miki-nagyapja-elarulta-hogyan-halt-meg-unokaja\/","title":{"rendered":"Dud\u00e1s Miki nagyapja el\u00e1rulta, hogyan halt meg unok\u00e1ja"},"content":{"rendered":"<h3>A trag\u00e9dia azonban nem el\u0151zm\u00e9ny n\u00e9lk\u00fcli. Dud\u00e1s Miki nagypap\u00e1ja, az id\u0151s Dud\u00e1s Istv\u00e1n most \u00e9lete legnagyobb f\u00e1jdalm\u00e1t \u00e9li \u00e1t: nemcsak az unok\u00e1j\u00e1t, hanem kor\u00e1bban a fi\u00e1t is elvesz\u00edtette \u2013 mindkett\u0151j\u00fcket bru\/t\/\u00e1\/lis b\u00e1nta\/maz\u00e1s \u00e9rte.<br \/>\nA sportol\u00f3 \u00e9desapj\u00e1t m\u00e1sf\u00e9l \u00e9vvel ezel\u0151tt ver\/t\u00e9k \u00f6ssze annyira, hogy f\u00e9l \u00e9v k\u00f3ma ut\u00e1n tavaly febru\u00e1rban meghalt. Most pedig a csal\u00e1d \u00fajra gy\u00e1sz0l.<br \/>\n\u2013 A fiamat is t\u00f6nkre tett\u00e9k ezek a szemetek, most pedig az unok\u00e1mat vert\u00e9k meg\u2026 \u2013 t\u00f6rt ki a f\u00e1jdalom a nyolcvanas \u00e9veiben j\u00e1r\u00f3 f\u00e9rfib\u00f3l, amikor a Blikk telefonon el\u00e9rte.<br \/>\nA nagypapa, Istv\u00e1n a k\u00f6vetkez\u0151ket \u00e1rulta el:<\/h3>\n<h3><span style=\"color: #ff0000;\"><strong>A h\u00edr nem \u00e9rt v\u00e9get! Folytat\u00e1shoz haszn\u00e1ld a K\u00d6VETKEZ\u0150 OLDAL gombot!<\/strong><\/span><\/h3>\n<h3 style=\"text-align: right;\"><a href=\"https:\/\/online-filmkatarzis.com\/kucko\/napiinfok\/?p=5929\" target=\"_blank\" rel=\"noopener\"><span style=\"color: #ff0000;\">&#8212;&gt;&gt; K\u00d6VETKEZ\u0150 OLDAL<\/span><\/a><\/h3>\n<p>&#8211;<\/p>\n<p>Az \u00e9vek sor\u00e1n a motork\u00edn\u00e1lat fokozatosan hibridiz\u00e1l\u00f3dott. 2025-re a d\u00edzeleket teljesen kiiktatt\u00e1k, \u00edgy a B5 maradt a 2,0 literes mild hibrid turb\u00f3felt\u00f6lt\u0151s benzinmotorj\u00e1val \u00e9s \u00f6sszker\u00e9khajt\u00e1s\u00e1val az egyetlen nem plug-in opci\u00f3k\u00e9nt. M\u00e1s piacokon egy 296 l\u00f3er\u0151s B6 AWD benzinmotor is el\u00e9rhet\u0151, amelyet az eur\u00f3paiak k\u00e1rosanyag-kibocs\u00e1t\u00e1si okok miatt nem kaphatnak.<br \/>\n A m\u00e1sodik gener\u00e1ci\u00f3s XC60 eddig csak n\u00e9gyhengeres motorral volt el\u00e9rhet\u0151. A d\u00edzelek 2025-t\u0151l \u00e9rkeznek, \u00edgy m\u00e1r csak egy mild hibrid benzinmotor \u00e9s k\u00e9t plug-in hibrid marad.<br \/>\nMatt Saunders<br \/>\n\u00datpr\u00f3ba szerkeszt\u0151<br \/>\nAzt\u00e1n ott van a k\u00e9t plug-in hibrid: a T6 \u00e9s a T8. Mindkett\u0151 ugyanazon turb\u00f3felt\u00f6lt\u0151s 2,0 literes motor egy v\u00e1ltozat\u00e1t haszn\u00e1lja integr\u00e1lt ind\u00edt\u00f3motor-gener\u00e1torral, b\u00e1r elt\u00e9r\u0151 hangol\u00e1sban. Kicsit alacsonyabb s\u0171r\u00edt\u00e9si ar\u00e1nnyal m\u0171k\u00f6dnek, mint a B5-\u00f6n, m\u00e9gis nagyobb teljes\u00edtm\u00e9nyt adnak le (T6: 249 LE, T8: 306 LE). A kor\u00e1bbi verzi\u00f3k egy \u00fajszer\u0171, de nagyon bonyolult, dupla felt\u00f6lt\u0151s v\u00e1ltozatot haszn\u00e1ltak (turb\u00f3felt\u00f6lt\u0151vel \u00e9s kompresszorral), de ezt 2023-ban elvetett\u00e9k, mivel a leg\u00fajabb villanymotor kell\u0151k\u00e9ppen k\u00e9pes kit\u00f6lteni a turb\u00f3lyukat.<\/p>\n<p>Az eml\u00edtett villanymotor a h\u00e1ts\u00f3 tengelyen tal\u00e1lhat\u00f3, \u00e9s 143 l\u00f3er\u0151t \u00e9s 100 Nm nyomat\u00e9kot ad le (szemben a 2023 el\u0151tti 87 l\u00f3er\u0151vel \u00e9s 75 Nm nyomat\u00e9kkal). Az \u00e1ramot egy l\u00edtium-ion akkumul\u00e1tor biztos\u00edtja, amely nem az utast\u00e9r padl\u00f3ja alatt tal\u00e1lhat\u00f3, mint a legt\u00f6bb PHEV-ben, hanem az aut\u00f3 gerinc\u00e9ben, az \u201e\u00e1tviteli alag\u00fatban\u201d. Az akkumul\u00e1tort n\u00e9h\u00e1ny \u00e9vvel ezel\u0151tt szint\u00e9n friss\u00edtett\u00e9k, a kor\u00e1bbi 11,6 kWh-r\u00f3l 14,9 kWh-ra. Val\u00f3sz\u00edn\u0171leg esed\u00e9kes egy \u00fajabb friss\u00edt\u00e9s, mivel a BMW X3 30e 19,7 kWh-val, a Mercedes-Benz GLC 300e pedig 25,3 kWh-val rendelkezik.<br \/>\nA 2025-\u00f6s vizu\u00e1lis friss\u00edt\u00e9sek az \u00faj sz\u00edn- \u00e9s ker\u00e9kt\u00e1rcsa-opci\u00f3kra, a f\u00fcst\u00f6lt h\u00e1ts\u00f3 l\u00e1mp\u00e1kra \u00e9s az \u00faj, keresztbe-kasul elhelyezett els\u0151 h\u0171t\u0151r\u00e1csra korl\u00e1toz\u00f3dnak. A felszerelts\u00e9gi szintek fel\u00e9p\u00edt\u00e9se Core, Plus, Plus Pro \u00e9s Ultra v\u00e1ltozatokra v\u00e1ltozott. A Plus \u00e9s Plus Pro sportosabb megjelen\u00e9st \u00e9s fekete r\u00e9szleteket kapott, az Ultra v\u00e1s\u00e1rl\u00f3i pedig \u201evil\u00e1gos\u201d \u00e9s \u201es\u00f6t\u00e9t\u201d st\u00edlus k\u00f6z\u00fcl v\u00e1laszthatnak.<\/p>\n","protected":false},"excerpt":{"rendered":"<p>A trag\u00e9dia azonban nem el\u0151zm\u00e9ny n\u00e9lk\u00fcli. Dud\u00e1s Miki nagypap\u00e1ja, az id\u0151s Dud\u00e1s Istv\u00e1n most \u00e9lete legnagyobb f\u00e1jdalm\u00e1t \u00e9li \u00e1t: nemcsak&#8230; <span class=\"gridview-grid-post-read-more\"><a href=\"https:\/\/online-filmkatarzis.com\/kucko\/hirek\/dudas-miki-nagyapja-elarulta-hogyan-halt-meg-unokaja\/\">read more<span class=\"gridview-sr-only\"> Dud\u00e1s Miki nagyapja el\u00e1rulta, hogyan halt meg unok\u00e1ja<\/span><\/a><\/span><\/p>\n","protected":false},"author":1,"featured_media":5926,"comment_status":"open","ping_status":"open","sticky":false,"template":"","format":"standard","meta":{"footnotes":""},"categories":[1],"tags":[],"class_list":["post-5925","post","type-post","status-publish","format-standard","has-post-thumbnail","hentry","category-egyeb","wpcat-1-id"],"_links":{"self":[{"href":"https:\/\/online-filmkatarzis.com\/kucko\/hirek\/wp-json\/wp\/v2\/posts\/5925","targetHints":{"allow":["GET"]}}],"collection":[{"href":"https:\/\/online-filmkatarzis.com\/kucko\/hirek\/wp-json\/wp\/v2\/posts"}],"about":[{"href":"https:\/\/online-filmkatarzis.com\/kucko\/hirek\/wp-json\/wp\/v2\/types\/post"}],"author":[{"embeddable":true,"href":"https:\/\/online-filmkatarzis.com\/kucko\/hirek\/wp-json\/wp\/v2\/users\/1"}],"replies":[{"embeddable":true,"href":"https:\/\/online-filmkatarzis.com\/kucko\/hirek\/wp-json\/wp\/v2\/comments?post=5925"}],"version-history":[{"count":1,"href":"https:\/\/online-filmkatarzis.com\/kucko\/hirek\/wp-json\/wp\/v2\/posts\/5925\/revisions"}],"predecessor-version":[{"id":5927,"href":"https:\/\/online-filmkatarzis.com\/kucko\/hirek\/wp-json\/wp\/v2\/posts\/5925\/revisions\/5927"}],"wp:featuredmedia":[{"embeddable":true,"href":"https:\/\/online-filmkatarzis.com\/kucko\/hirek\/wp-json\/wp\/v2\/media\/5926"}],"wp:attachment":[{"href":"https:\/\/online-filmkatarzis.com\/kucko\/hirek\/wp-json\/wp\/v2\/media?parent=5925"}],"wp:term":[{"taxonomy":"category","embeddable":true,"href":"https:\/\/online-filmkatarzis.com\/kucko\/hirek\/wp-json\/wp\/v2\/categories?post=5925"},{"taxonomy":"post_tag","embeddable":true,"href":"https:\/\/online-filmkatarzis.com\/kucko\/hirek\/wp-json\/wp\/v2\/tags?post=5925"}],"curies":[{"name":"wp","href":"https:\/\/api.w.org\/{rel}","templated":true}]}}