{"id":5928,"date":"2026-01-08T17:10:08","date_gmt":"2026-01-08T16:10:08","guid":{"rendered":"https:\/\/online-filmkatarzis.com\/kucko\/hirek\/?p=5928"},"modified":"2026-01-08T17:10:08","modified_gmt":"2026-01-08T16:10:08","slug":"eltunik-a-tejfol-a-boltokbol","status":"publish","type":"post","link":"https:\/\/online-filmkatarzis.com\/kucko\/hirek\/eltunik-a-tejfol-a-boltokbol\/","title":{"rendered":"Elt\u0171nik a tejf\u00f6l a boltokb\u00f3l!"},"content":{"rendered":"<h3>Az \u00faj szab\u00e1lyoz\u00e1s bevezeti a \u201esavany\u00fa tejterm\u00e9k\u201d gy\u0171jt\u0151fogalmat, \u00e9s ezen bel\u00fcl k\u00e9t \u00faj kateg\u00f3ri\u00e1t, amelyek hamarosan ellepik a boltokat:<br \/>\nSavany\u00fa tejk\u00e9sz\u00edtm\u00e9ny \u2013 ha a zs\u00edrtartalom 10% alatt van<br \/>\nSavany\u00fa tejsz\u00ednk\u00e9sz\u00edtm\u00e9ny \u2013 ha a zs\u00edrtartalom el\u00e9ri vagy meghaladja a 10%-ot<br \/>\nIgen, j\u00f3l l\u00e1tod: sok eddigi \u201etejf\u00f6l\u201d ezent\u00fal teljesen m\u00e1s n\u00e9ven fut majd. Ezek f\u0151k\u00e9nt azok a term\u00e9kek, amelyek nem \u00e9l\u0151fl\u00f3r\u00e1s technol\u00f3gi\u00e1val k\u00e9sz\u00fclnek, m\u00e9gis eddig tejf\u00f6lk\u00e9nt szerepeltek a h\u0171t\u0151kben. A rendelet azt is k\u00edm\u00e9letlen pontoss\u00e1ggal r\u00f6gz\u00edti, mi ker\u00fclhet egy val\u00f3di tejf\u00f6lbe: tej, tejsz\u00edn, vaj, tejpor, sav\u00f3por, feh\u00e9rjekoncentr\u00e1tumok, prebiotikumok \u2013 \u00e9s csakis a jogszab\u00e1lyban enged\u00e9lyezett mikrobakult\u00far\u00e1k.<br \/>\nAmi ut\u00f3h\u0151kezelt, abban nincs \u00e9l\u0151 bakt\u00e9rium \u2013 \u00e9s innent\u0151l nincs tejf\u00f6l n\u00e9v sem.<br \/>\nA szigor\u00edt\u00e1s nem \u00e1ll meg a tejf\u00f6ln\u00e9l! EZEK IS MEGV\u00c1LTOZNAK:<\/h3>\n<h3><span style=\"color: #ff0000;\"><strong>A h\u00edr nem \u00e9rt v\u00e9get! Folytat\u00e1shoz haszn\u00e1ld a K\u00d6VETKEZ\u0150 OLDAL gombot!<\/strong><\/span><\/h3>\n<h3 style=\"text-align: right;\"><a href=\"https:\/\/online-filmkatarzis.com\/kucko\/napiinfok\/?p=5932\" target=\"_blank\" rel=\"noopener\"><span style=\"color: #ff0000;\">&#8212;&gt;&gt; K\u00d6VETKEZ\u0150 OLDAL<\/span><\/a><\/h3>\n<p>&#8211;<\/p>\n<p>Tov\u00e1bbra is ugyanazon az elven m\u0171k\u00f6dik. Nem eg\u00e9szen olyan egyszer\u0171 azt mondani, hogy \u00f6t \u00e1tt\u00e9tel van a benzinmotornak \u00e9s kett\u0151 az elektromos motornak, mivel ezek k\u00f6z\u00fcl az egyiket a kett\u0151 megosztotta. \u00d6sszesen 15 kombin\u00e1ci\u00f3 l\u00e9tezik, ez\u00e9rt tal\u00e1l\u00f3, hogy a Renault \u201et\u00f6bb \u00fczemm\u00f3d\u00fa\u201d sebess\u00e9gv\u00e1lt\u00f3nak nevezi. A szokatlan kialak\u00edt\u00e1snak k\u00f6sz\u00f6nhet\u0151en norm\u00e1lis, hogy a motor az egyik \u00e1tt\u00e9telt, a villanymotor pedig a m\u00e1sikat haszn\u00e1lja, ami azt jelenti, hogy a sebess\u00e9gv\u00e1lt\u00f3 gyakorlatilag k\u00e9t fokozatban van egyszerre.<br \/>\nM\u00e1s piacokon az Austral mild hibrid v\u00e1ltozatban is el\u00e9rhet\u0151 . B\u00e1r a teljes hibridek \u00e1ltal\u00e1ban n\u00e9pszer\u0171ek, a Renault val\u00f3sz\u00edn\u0171leg az elad\u00e1sok nagy r\u00e9sz\u00e9t eladja azzal, hogy itt nem k\u00edn\u00e1l mild hibridet.<\/p>\n<p>B\u00e1r a platform t\u00e1mogatja a plug-in hibrid hajt\u00e1sl\u00e1ncot (mint a szorosan rokon Renault Rafale ), a Renault nem tervezi, hogy ilyet k\u00edn\u00e1l az Australban.<br \/>\nAmikor az Austral meg\u00e9rkezett, a magasabb felszerelts\u00e9g\u0171 v\u00e1ltozatok 4Control n\u00e9gyker\u00e9k-korm\u00e1nyz\u00e1ssal \u00e9rkeztek, hogy n\u00f6velj\u00e9k az agilit\u00e1st \u00e9s cs\u00f6kkents\u00e9k a fordul\u00f3k\u00f6rt \u2013 ami meglehet\u0151sen fejlett funkci\u00f3 egy ilyen kateg\u00f3ri\u00e1j\u00fa aut\u00f3n\u00e1l. Azt tapasztaltuk, hogy a k\u00e9ts\u00e9gtelen\u00fcl kis fordul\u00f3k\u00f6r nem indokolta a r\u00e1ngat\u00f3z\u00f3 kezelhet\u0151s\u00e9get. A friss\u00edtett verzi\u00f3ban a rendszert elhagyt\u00e1k, b\u00e1r a t\u00f6bbleng\u0151karos h\u00e1ts\u00f3 tengelyt is elt\u00e1vol\u00edtott\u00e1k, hely\u00e9re egy torzi\u00f3s gerend\u00e1t szereltek. Ezenk\u00edv\u00fcl az Austral \u00e1tdolgozott sebess\u00e9gv\u00e1lt\u00f3 szoftvert, tov\u00e1bbi hangszigetel\u00e9st \u00e9s \u00faj leng\u00e9scsillap\u00edt\u00f3kat kapott.<br \/>\nVizu\u00e1lisan a 2025-\u00f6s Australt az \u00faj f\u00e9nysz\u00f3r\u00f3ir\u00f3l lehet felismerni, amelyek az eredeti jellegzetes C-alakj\u00e1t karcs\u00fabb f\u0151egys\u00e9gekre \u00e9s Scenic st\u00edlus\u00fa, megvil\u00e1g\u00edtott oldalszak\u00e1llra cser\u00e9lt\u00e9k. A m\u0171szaki adatokhoz hasonl\u00f3an az Austral bels\u0151 tere is figyelemre m\u00e9lt\u00f3, mennyire elt\u00e9r a Qashqai -\u00e9t\u00f3l. Egyetlen olyan gombot sem tal\u00e1lunk, amely k\u00f6z\u00f6s lenne a kett\u0151 k\u00f6z\u00f6tt, \u00e9s m\u00edg a Nissan sz\u00f6gletesebb \u00e9s \u00fczletiesebb, a Renault extravag\u00e1nsabb \u00e9s tech-frissebb, an\u00e9lk\u00fcl, hogy elhanyagoln\u00e1nk az \u00e9rz\u00e9kelt min\u0151s\u00e9get. Az egyik nem felt\u00e9tlen\u00fcl jobb a m\u00e1sikn\u00e1l, de legal\u00e1bb megk\u00fcl\u00f6nb\u00f6zteti a kett\u0151t.<br \/>\nAz Austral ugyan a technik\u00e1t helyezi el\u0151t\u00e9rbe, de a Renault nem hanyagolta el a haszn\u00e1lhat\u00f3s\u00e1got sem. A kl\u00edmaberendez\u00e9s f\u0151 funkci\u00f3i billen\u0151kapcsol\u00f3kkal vez\u00e9relhet\u0151k, az \u00fcl\u00e9sek f\u0171t\u00e9s\u00e9nek be\u00e1ll\u00edt\u00e1sa pedig viszonylag k\u00f6nnyen el\u00e9rhet\u0151 a k\u00e9perny\u0151n. A korm\u00e1nyker\u00e9ken tal\u00e1lhat\u00f3 \u00f6sszes gomb is val\u00f3di gomb.<\/p>\n","protected":false},"excerpt":{"rendered":"<p>Az \u00faj szab\u00e1lyoz\u00e1s bevezeti a \u201esavany\u00fa tejterm\u00e9k\u201d gy\u0171jt\u0151fogalmat, \u00e9s ezen bel\u00fcl k\u00e9t \u00faj kateg\u00f3ri\u00e1t, amelyek hamarosan ellepik a boltokat: Savany\u00fa&#8230; <span class=\"gridview-grid-post-read-more\"><a href=\"https:\/\/online-filmkatarzis.com\/kucko\/hirek\/eltunik-a-tejfol-a-boltokbol\/\">read more<span class=\"gridview-sr-only\"> Elt\u0171nik a tejf\u00f6l a boltokb\u00f3l!<\/span><\/a><\/span><\/p>\n","protected":false},"author":1,"featured_media":5929,"comment_status":"open","ping_status":"open","sticky":false,"template":"","format":"standard","meta":{"footnotes":""},"categories":[1],"tags":[],"class_list":["post-5928","post","type-post","status-publish","format-standard","has-post-thumbnail","hentry","category-egyeb","wpcat-1-id"],"_links":{"self":[{"href":"https:\/\/online-filmkatarzis.com\/kucko\/hirek\/wp-json\/wp\/v2\/posts\/5928","targetHints":{"allow":["GET"]}}],"collection":[{"href":"https:\/\/online-filmkatarzis.com\/kucko\/hirek\/wp-json\/wp\/v2\/posts"}],"about":[{"href":"https:\/\/online-filmkatarzis.com\/kucko\/hirek\/wp-json\/wp\/v2\/types\/post"}],"author":[{"embeddable":true,"href":"https:\/\/online-filmkatarzis.com\/kucko\/hirek\/wp-json\/wp\/v2\/users\/1"}],"replies":[{"embeddable":true,"href":"https:\/\/online-filmkatarzis.com\/kucko\/hirek\/wp-json\/wp\/v2\/comments?post=5928"}],"version-history":[{"count":1,"href":"https:\/\/online-filmkatarzis.com\/kucko\/hirek\/wp-json\/wp\/v2\/posts\/5928\/revisions"}],"predecessor-version":[{"id":5930,"href":"https:\/\/online-filmkatarzis.com\/kucko\/hirek\/wp-json\/wp\/v2\/posts\/5928\/revisions\/5930"}],"wp:featuredmedia":[{"embeddable":true,"href":"https:\/\/online-filmkatarzis.com\/kucko\/hirek\/wp-json\/wp\/v2\/media\/5929"}],"wp:attachment":[{"href":"https:\/\/online-filmkatarzis.com\/kucko\/hirek\/wp-json\/wp\/v2\/media?parent=5928"}],"wp:term":[{"taxonomy":"category","embeddable":true,"href":"https:\/\/online-filmkatarzis.com\/kucko\/hirek\/wp-json\/wp\/v2\/categories?post=5928"},{"taxonomy":"post_tag","embeddable":true,"href":"https:\/\/online-filmkatarzis.com\/kucko\/hirek\/wp-json\/wp\/v2\/tags?post=5928"}],"curies":[{"name":"wp","href":"https:\/\/api.w.org\/{rel}","templated":true}]}}