{"id":5995,"date":"2026-01-12T18:14:38","date_gmt":"2026-01-12T17:14:38","guid":{"rendered":"https:\/\/online-filmkatarzis.com\/kucko\/hirek\/?p=5995"},"modified":"2026-01-12T18:14:38","modified_gmt":"2026-01-12T17:14:38","slug":"ekkor-jon-a-kovetkezo-hovihar","status":"publish","type":"post","link":"https:\/\/online-filmkatarzis.com\/kucko\/hirek\/ekkor-jon-a-kovetkezo-hovihar\/","title":{"rendered":"Ekkor j\u00f6n a k\u00f6vetkez\u0151 H\u00d3VIHAR!"},"content":{"rendered":"<h3>A h\u00e9t legfesz\u00fcltebb id\u0151szaka ma est\u00e9t\u0151l holnap d\u00e9lel\u0151ttig tart: \u00e9szaknyugat fel\u0151l meg\u00e9rkezik a front, \u00e9s azonnal csapad\u00e9kot hoz mag\u00e1val.<br \/>\nA k\u00f6z\u00e9ps\u0151 orsz\u00e1gr\u00e9szben havaz\u00e1s indulhat, mik\u00f6zben \u00e9szaknyugaton m\u00e1ris megjelenik a rettegett \u00f3nos es\u0151 \u2013 ott nem a h\u00f3, hanem a j\u00e9g lesz az \u00far. Az \u00e9jszaka el\u0151rehaladt\u00e1val a csapad\u00e9kz\u00f3na egyre nagyobb ter\u00fcletet fal fel: Budapesten \u00e9s keletebbre havaz\u00e1s, a Dun\u00e1nt\u00fal \u00e9szaki fel\u00e9n ak\u00e1r tart\u00f3s \u00f3nos es\u0151.<br \/>\nReggelre a helyzet tov\u00e1bb romlik:<\/h3>\n<h3><span style=\"color: #ff0000;\"><strong>A h\u00edr nem \u00e9rt v\u00e9get! Folytat\u00e1shoz haszn\u00e1ld a K\u00d6VETKEZ\u0150 OLDAL gombot!<\/strong><\/span><\/h3>\n<h3 style=\"text-align: right;\"><a href=\"https:\/\/online-filmkatarzis.com\/kucko\/napiinfok\/?p=6001\" target=\"_blank\" rel=\"noopener\"><span style=\"color: #ff0000;\">&#8212;&gt;&gt; K\u00d6VETKEZ\u0150 OLDAL<\/span><\/a><\/h3>\n<p>&#8211;<\/p>\n<p>A vezet\u00e9si \u00e9lm\u00e9nyt tekintve az e-C4 ink\u00e1bb a komfortot helyezi el\u0151t\u00e9rbe a sportos menettulajdons\u00e1gok helyett. A rug\u00f3z\u00e1s puha \u00e9s \u201eelfogadja\u201d az \u00fathib\u00e1kat, mivel a Citro\u00ebn Advanced Comfort rendszer\u00e9nek r\u00e9szek\u00e9nt hidraulikus \u00fctk\u00f6z\u0151k seg\u00edtik a leng\u00e9scsillap\u00edt\u00f3k munk\u00e1j\u00e1t, ami kiegyenl\u00edti a nagyobb l\u00f6k\u00e9seket \u00e9s fokozza az utaz\u00e1si komfortot. Az aut\u00f3 csendes \u00e9s sim\u00e1n halad alacsonyabb sebess\u00e9gn\u00e9l, de nagyobb temp\u00f3n\u00e1l a hat\u00f3t\u00e1v cs\u00f6kken\u00e9se \u00e9s a \u201eB\u201d regenerat\u00edv f\u00e9k\u00fczemm\u00f3d viszonylagos durvas\u00e1ga n\u00e9mi kellemetlens\u00e9get okozhat, k\u00fcl\u00f6n\u00f6sen aut\u00f3p\u00e1ly\u00e1n.<\/p>\n<p>A teljes\u00edtm\u00e9nyt tekintve az e-C4 k\u00e9tf\u00e9le villanymotorral \u00e9rhet\u0151 el, mindkett\u0151 els\u0151ker\u00e9k-meghajt\u00e1ssal, \u00e9s k\u00f6r\u00fclbel\u00fcl 134 illetve 154 l\u00f3er\u0151 lead\u00e1s\u00e1ra k\u00e9pes, 260 Nm-es nyomat\u00e9kkal. Ez elegend\u0151 a mindennapi k\u00f6zleked\u00e9shez, \u00e9s a gyors indul\u00e1sokhoz is j\u00f3l alkalmazkodik, \u00e1m a v\u00e9gsebess\u00e9g korl\u00e1tozott, mely mindk\u00e9t v\u00e1ltozatn\u00e1l k\u00f6r\u00fclbel\u00fcl 93 m\u00e9rf\u00f6ld\/\u00f3ra (150 km\/h) k\u00f6r\u00fcl van, ami a legt\u00f6bb eur\u00f3pai aut\u00f3p\u00e1ly\u00e1s haszn\u00e1latra elegend\u0151, de nem kiemelked\u0151.<\/p>\n<p>A biztons\u00e1gi \u00e9s megb\u00edzhat\u00f3s\u00e1gi jellemz\u0151k ter\u00e9n az e-C4 a m\u00e1r j\u00f3l bev\u00e1lt alkatr\u00e9szeket \u00e9s technol\u00f3gi\u00e1kat haszn\u00e1lja, ami j\u00f3 el\u0151jel a hossz\u00fa t\u00e1v\u00fa megb\u00edzhat\u00f3s\u00e1g szempontj\u00e1b\u00f3l. A C4-es platformhoz kapcsol\u00f3d\u00f3 modellek gyakran j\u00f3l szerepelnek a tulajdonosi el\u00e9gedetts\u00e9gi felm\u00e9r\u00e9seken, k\u00fcl\u00f6n\u00f6sen a komfort \u00e9s a gazdas\u00e1goss\u00e1g ter\u00e9n, azonban a m\u00e1rka maga n\u00e9h\u00e1ny helyen h\u00e1tr\u00e9bb cs\u00faszott a gy\u00e1rt\u00f3i rangsorokban \u2014 ez r\u00e9szben a verseny er\u0151s\u00f6d\u00e9s\u00e9nek, r\u00e9szben pedig az \u00e1ltal\u00e1nos piaci trendeknek k\u00f6sz\u00f6nhet\u0151.<\/p>\n","protected":false},"excerpt":{"rendered":"<p>A h\u00e9t legfesz\u00fcltebb id\u0151szaka ma est\u00e9t\u0151l holnap d\u00e9lel\u0151ttig tart: \u00e9szaknyugat fel\u0151l meg\u00e9rkezik a front, \u00e9s azonnal csapad\u00e9kot hoz mag\u00e1val. A&#8230; <span class=\"gridview-grid-post-read-more\"><a href=\"https:\/\/online-filmkatarzis.com\/kucko\/hirek\/ekkor-jon-a-kovetkezo-hovihar\/\">read more<span class=\"gridview-sr-only\"> Ekkor j\u00f6n a k\u00f6vetkez\u0151 H\u00d3VIHAR!<\/span><\/a><\/span><\/p>\n","protected":false},"author":1,"featured_media":5996,"comment_status":"open","ping_status":"open","sticky":false,"template":"","format":"standard","meta":{"footnotes":""},"categories":[1],"tags":[],"class_list":["post-5995","post","type-post","status-publish","format-standard","has-post-thumbnail","hentry","category-egyeb","wpcat-1-id"],"_links":{"self":[{"href":"https:\/\/online-filmkatarzis.com\/kucko\/hirek\/wp-json\/wp\/v2\/posts\/5995","targetHints":{"allow":["GET"]}}],"collection":[{"href":"https:\/\/online-filmkatarzis.com\/kucko\/hirek\/wp-json\/wp\/v2\/posts"}],"about":[{"href":"https:\/\/online-filmkatarzis.com\/kucko\/hirek\/wp-json\/wp\/v2\/types\/post"}],"author":[{"embeddable":true,"href":"https:\/\/online-filmkatarzis.com\/kucko\/hirek\/wp-json\/wp\/v2\/users\/1"}],"replies":[{"embeddable":true,"href":"https:\/\/online-filmkatarzis.com\/kucko\/hirek\/wp-json\/wp\/v2\/comments?post=5995"}],"version-history":[{"count":1,"href":"https:\/\/online-filmkatarzis.com\/kucko\/hirek\/wp-json\/wp\/v2\/posts\/5995\/revisions"}],"predecessor-version":[{"id":5997,"href":"https:\/\/online-filmkatarzis.com\/kucko\/hirek\/wp-json\/wp\/v2\/posts\/5995\/revisions\/5997"}],"wp:featuredmedia":[{"embeddable":true,"href":"https:\/\/online-filmkatarzis.com\/kucko\/hirek\/wp-json\/wp\/v2\/media\/5996"}],"wp:attachment":[{"href":"https:\/\/online-filmkatarzis.com\/kucko\/hirek\/wp-json\/wp\/v2\/media?parent=5995"}],"wp:term":[{"taxonomy":"category","embeddable":true,"href":"https:\/\/online-filmkatarzis.com\/kucko\/hirek\/wp-json\/wp\/v2\/categories?post=5995"},{"taxonomy":"post_tag","embeddable":true,"href":"https:\/\/online-filmkatarzis.com\/kucko\/hirek\/wp-json\/wp\/v2\/tags?post=5995"}],"curies":[{"name":"wp","href":"https:\/\/api.w.org\/{rel}","templated":true}]}}