{"id":6020,"date":"2026-01-14T16:13:53","date_gmt":"2026-01-14T15:13:53","guid":{"rendered":"https:\/\/online-filmkatarzis.com\/kucko\/hirek\/?p=6020"},"modified":"2026-01-14T16:13:53","modified_gmt":"2026-01-14T15:13:53","slug":"a-csaladja-erositette-meg-a-hirt-fenyo-miklosrol","status":"publish","type":"post","link":"https:\/\/online-filmkatarzis.com\/kucko\/hirek\/a-csaladja-erositette-meg-a-hirt-fenyo-miklosrol\/","title":{"rendered":"A csal\u00e1dja er\u0151s\u00edtette meg a h\u00edrt Feny\u0151 Mikl\u00f3sr\u00f3l"},"content":{"rendered":"<h3>Most azonban megt\u00f6rt a j\u00e9g. B\u00e1r a csal\u00e1d tov\u00e1bbra is \u00f3vatos, a h\u00e1tt\u00e9rben egyre t\u00f6bb biztat\u00f3 jel \u00e9rkezik. A zen\u00e9szt\u00e1rsadalomban terjedni kezdett a h\u00edr: Feny\u0151 Mikl\u00f3s \u00e1llapot\u00e1ban enyhe javul\u00e1s mutatkozik.<br \/>\n\u2013 Nagyon \u00f3vatos optimizmussal mondom, de v\u00e9gre t\u00f6rt\u00e9nt el\u0151rel\u00e9p\u00e9s \u2013 \u00e1rulta el a BLIKKNEK egy, a csal\u00e1dhoz k\u00f6zel \u00e1ll\u00f3 forr\u00e1s. \u2013 \u00dagy hallottam, hogy Mikl\u00f3s elkezdett kij\u00f6nni a betegs\u00e9gb\u0151l, de senki nem akarja ezt elkiab\u00e1lni.<br \/>\nA rem\u00e9nyt er\u0151s\u00edti az is, hogy Feny\u0151 Mikl\u00f3s az elm\u00falt \u00e9vekben rendk\u00edv\u00fcl akt\u00edv \u00e9letet \u00e9lt, folyamatosan mozg\u00e1sban volt, form\u00e1ban tartotta mag\u00e1t. Ez most \u00e9letment\u0151 el\u0151nyt jelenthet: a szervezete m\u00e9g k\u00fczd.<br \/>\nAZONBAN ERRE FIGYELMEZTET AZ ORVOS:<\/h3>\n<h3><span style=\"color: #ff0000;\"><strong>A h\u00edr nem \u00e9rt v\u00e9get! Folytat\u00e1shoz haszn\u00e1ld a K\u00d6VETKEZ\u0150 OLDAL gombot!<\/strong><\/span><\/h3>\n<h3 style=\"text-align: right;\"><a href=\"https:\/\/online-filmkatarzis.com\/kucko\/napiinfok\/?p=6026\" target=\"_blank\" rel=\"noopener\"><span style=\"color: #ff0000;\">&#8212;&gt;&gt; K\u00d6VETKEZ\u0150 OLDAL<\/span><\/a><\/h3>\n<p>&#8211;<\/p>\n<p>A 5008 2017-ben \u00e9rkezett meg a m\u00e1sodik gener\u00e1ci\u00f3ban, \u00e9s kezdetben t\u00f6bbf\u00e9le motorral k\u00edn\u00e1lt\u00e1k: a benzinesek k\u00f6z\u00f6tt szerepelt a 1,2 literes PureTech 130 \u00e9s a dinamikusabb 1,6 literes THP, m\u00edg a d\u00edzelv\u00e1ltozatok k\u00f6z\u00fcl a legn\u00e9pszer\u0171bb a 1,5 BlueHDi 130 volt, amely a gazdas\u00e1gos \u00fczemet \u00e9s elegend\u0151 er\u0151t egyar\u00e1nt biztos\u00edtotta. A modell v\u00e9g\u00fcl 2020-ban friss\u00edt\u00e9sen esett \u00e1t, amely sor\u00e1n a megjelen\u00e9s, a sz\u00ednek k\u00edn\u00e1lata, a vezet\u00e9st seg\u00edt\u0151 rendszerek \u00e9s az infotainment rendszer is korszer\u0171s\u00f6d\u00f6tt. A Mk2 2024-ben adta \u00e1t a hely\u00e9t az \u00faj gener\u00e1ci\u00f3nak.<\/p>\n<p>Haszn\u00e1lt v\u00e1s\u00e1rl\u00e1skor az egyik legfontosabb d\u00f6nt\u00e9s az, hogy melyik motort v\u00e1lasszuk. A d\u00edzelmotorok \u00e1ltal\u00e1ban jobb \u00fczemanyag-fogyaszt\u00e1st \u00e9s nagyobb nyomat\u00e9kot k\u00edn\u00e1lnak, ami k\u00fcl\u00f6n\u00f6sen hasznos hosszabb utaz\u00e1sokn\u00e1l vagy nehezebb terhel\u00e9ssel t\u00f6rt\u00e9n\u0151 vezet\u00e9sn\u00e9l. A 2,0 literes BlueHDi 180-as v\u00e1ltozat p\u00e9ld\u00e1ul er\u0151s \u00e9s alkalmas nehezebb vontat\u00e1sra is, ak\u00e1r 1 800 kg-os vont\u00f3kapacit\u00e1ssal b\u00edrt bizonyos kivitelekben, m\u00edg a legt\u00f6bb m\u00e1s 5008-hoz 1 200\u20131 400 kg-os vontatm\u00e1nyi lehet\u0151s\u00e9g tartozott. A kisebb PureTech benzines motor cs\u00f6ndes \u00e9s kiegyens\u00falyozott, de a 1,6-os benzinmotor \u201e\u00e9l\u00e9nkebb\u201d. A modern, 1,5-\u00f6s d\u00edzel egys\u00e9g pedig \u00e1ltal\u00e1ban a legpraktikusabb egyens\u00falyt ny\u00fajtja teljes\u00edtm\u00e9ny \u00e9s gazdas\u00e1goss\u00e1g k\u00f6z\u00f6tt \u2014 k\u00fcl\u00f6n\u00f6sen csal\u00e1di haszn\u00e1lat eset\u00e9n.<\/p>\n<p>A bels\u0151 t\u00e9r min\u0151s\u00e9ge \u00e9s ergon\u00f3mi\u00e1ja a Peugeot egyik leger\u0151sebb pontja ebben a kateg\u00f3ri\u00e1ban. A 5008 bels\u0151 r\u00e9sze \u00f6sszess\u00e9g\u00e9ben magasabb sz\u00ednvonal\u00fa anyagokat \u00e9s letisztult kialak\u00edt\u00e1st k\u00edn\u00e1l, amely mennyis\u00e9gben \u00e9s st\u00edlusban is felveszi a versenyt dr\u00e1g\u00e1bb SUV-okkal. Az i-Cockpit elrendez\u00e9s \u2013 amelyben a m\u0171szeregys\u00e9g magasabban van elhelyezve, \u00e9s a multifunkci\u00f3s korm\u00e1ny alacsonyabb poz\u00edci\u00f3ban van \u2013 sokak sz\u00e1m\u00e1ra k\u00e9nyelmes \u00e9s k\u00f6nnyen \u00e1ttekinthet\u0151 vezet\u0151i \u00e9lm\u00e9nyt biztos\u00edt. A k\u00f6z\u00e9pkonzolon tal\u00e1lhat\u00f3 8\u201310 h\u00fcvelykes \u00e9rint\u0151k\u00e9perny\u0151s infotainment rendszer kompatibilis az Apple CarPlay \u00e9s Android Auto funkci\u00f3kkal, ami megk\u00f6nny\u00edti a navig\u00e1ci\u00f3t \u00e9s a telefonos funkci\u00f3k haszn\u00e1lat\u00e1t.<\/p>\n","protected":false},"excerpt":{"rendered":"<p>Most azonban megt\u00f6rt a j\u00e9g. B\u00e1r a csal\u00e1d tov\u00e1bbra is \u00f3vatos, a h\u00e1tt\u00e9rben egyre t\u00f6bb biztat\u00f3 jel \u00e9rkezik. A zen\u00e9szt\u00e1rsadalomban&#8230; <span class=\"gridview-grid-post-read-more\"><a href=\"https:\/\/online-filmkatarzis.com\/kucko\/hirek\/a-csaladja-erositette-meg-a-hirt-fenyo-miklosrol\/\">read more<span class=\"gridview-sr-only\"> A csal\u00e1dja er\u0151s\u00edtette meg a h\u00edrt Feny\u0151 Mikl\u00f3sr\u00f3l<\/span><\/a><\/span><\/p>\n","protected":false},"author":1,"featured_media":6021,"comment_status":"open","ping_status":"open","sticky":false,"template":"","format":"standard","meta":{"footnotes":""},"categories":[1],"tags":[],"class_list":["post-6020","post","type-post","status-publish","format-standard","has-post-thumbnail","hentry","category-egyeb","wpcat-1-id"],"_links":{"self":[{"href":"https:\/\/online-filmkatarzis.com\/kucko\/hirek\/wp-json\/wp\/v2\/posts\/6020","targetHints":{"allow":["GET"]}}],"collection":[{"href":"https:\/\/online-filmkatarzis.com\/kucko\/hirek\/wp-json\/wp\/v2\/posts"}],"about":[{"href":"https:\/\/online-filmkatarzis.com\/kucko\/hirek\/wp-json\/wp\/v2\/types\/post"}],"author":[{"embeddable":true,"href":"https:\/\/online-filmkatarzis.com\/kucko\/hirek\/wp-json\/wp\/v2\/users\/1"}],"replies":[{"embeddable":true,"href":"https:\/\/online-filmkatarzis.com\/kucko\/hirek\/wp-json\/wp\/v2\/comments?post=6020"}],"version-history":[{"count":1,"href":"https:\/\/online-filmkatarzis.com\/kucko\/hirek\/wp-json\/wp\/v2\/posts\/6020\/revisions"}],"predecessor-version":[{"id":6022,"href":"https:\/\/online-filmkatarzis.com\/kucko\/hirek\/wp-json\/wp\/v2\/posts\/6020\/revisions\/6022"}],"wp:featuredmedia":[{"embeddable":true,"href":"https:\/\/online-filmkatarzis.com\/kucko\/hirek\/wp-json\/wp\/v2\/media\/6021"}],"wp:attachment":[{"href":"https:\/\/online-filmkatarzis.com\/kucko\/hirek\/wp-json\/wp\/v2\/media?parent=6020"}],"wp:term":[{"taxonomy":"category","embeddable":true,"href":"https:\/\/online-filmkatarzis.com\/kucko\/hirek\/wp-json\/wp\/v2\/categories?post=6020"},{"taxonomy":"post_tag","embeddable":true,"href":"https:\/\/online-filmkatarzis.com\/kucko\/hirek\/wp-json\/wp\/v2\/tags?post=6020"}],"curies":[{"name":"wp","href":"https:\/\/api.w.org\/{rel}","templated":true}]}}