{"id":6136,"date":"2026-01-21T17:16:27","date_gmt":"2026-01-21T16:16:27","guid":{"rendered":"https:\/\/online-filmkatarzis.com\/kucko\/hirek\/?p=6136"},"modified":"2026-01-21T17:16:27","modified_gmt":"2026-01-21T16:16:27","slug":"igy-szamoljak-januarban-a-futest-a-rezsistop-miatt","status":"publish","type":"post","link":"https:\/\/online-filmkatarzis.com\/kucko\/hirek\/igy-szamoljak-januarban-a-futest-a-rezsistop-miatt\/","title":{"rendered":"\u00cdgy sz\u00e1molj\u00e1k janu\u00e1rban a f\u0171t\u00e9st a rezsistop miatt!"},"content":{"rendered":"<h3>Janu\u00e1rra rezsistopot vezetnek be. A bejelent\u00e9s szerint a rendk\u00edv\u00fcli hideg miatti t\u00f6bbletf\u0171t\u00e9s k\u00f6lts\u00e9g\u00e9t a korm\u00e1ny \u00e1tv\u00e1llalja a lakoss\u00e1gt\u00f3l. De itt j\u00f6n a fesz\u00fclts\u00e9g: senki sem tudja pontosan, hogyan. K\u00e9t forgat\u00f3k\u00f6nyv lebeg a leveg\u0151ben: vagy a megszokott keret felett is kedvezm\u00e9nyes \u00e1ron adj\u00e1k a g\u00e1zt \u00e9s az \u00e1ramot,<br \/>\nvagy az \u00e1llam teljes eg\u00e9sz\u00e9ben lenyeli a janu\u00e1ri pluszfogyaszt\u00e1s \u00e1r\u00e1t. Ha ez nem t\u00f6rt\u00e9nne meg, sok h\u00e1ztart\u00e1s brut\u00e1lis meglepet\u00e9ssel szembes\u00fclne. Aki kics\u00faszik a rezsics\u00f6kkentett keretb\u0151l, az ak\u00e1r 7,5-szeres \u00e1rat is fizethetne a g\u00e1z\u00e9rt. Ez m\u00e1r nem p\u00e1r ezer forintos plusz \u2013 ez t\u00edzezrekben m\u00e9rhet\u0151 csap\u00e1s.<br \/>\n\u00cdGY SZ\u00c1MOLJANAK AZ \u00c1LTAL\u00c1NYD\u00cdJASOK:<\/h3>\n<h3><span style=\"color: #ff0000;\"><strong>A h\u00edr nem \u00e9rt v\u00e9get! Folytat\u00e1shoz haszn\u00e1ld a K\u00d6VETKEZ\u0150 OLDAL gombot!<\/strong><\/span><\/h3>\n<h3 style=\"text-align: right;\"><a href=\"https:\/\/online-filmkatarzis.com\/kucko\/napiinfok\/?p=6146\" target=\"_blank\" rel=\"noopener\"><span style=\"color: #ff0000;\">&#8212;&gt;&gt; K\u00d6VETKEZ\u0150 OLDAL<\/span><\/a><\/h3>\n<p>&#8211;<\/p>\n<p>A Hyundai i30 Tourer egy t\u00e1gas kombi v\u00e1ltozata, amely sz\u00e9les\u00edti a modellt, amellyel versenyez.C\u00e9lja, hogy megm\u00e9rk\u0151zz\u00f6n m\u00e1s modellekkel is, mint a Peugeot 308 SW, a Renault Megane Sport Tourer, A Hyundai-nak egy Kia m\u00e1rk\u00e1j\u00fa testv\u00e9rmodellje is l\u00e9tezik, a Cee\u2019d Sportswagon.<br \/>\nAz i30 Tourer a 2017-es Genfi Aut\u00f3szalonon deb\u00fct\u00e1lt, \u00e9s b\u00e1r ugyanarra a platformra \u00e9p\u00fcl, mint a hatchback v\u00e1ltozat, a hosszabb h\u00e1ts\u00f3 r\u00e9sz jelent\u0151sen nagyobb csomagt\u00e9rkapacit\u00e1st biztos\u00edt.<br \/>\nA modell \u00faj motorv\u00e1laszt\u00e9kot k\u00edn\u00e1l, bele\u00e9rtve a turb\u00f3s benzines \u00e9s er\u0151teljes d\u00edzelmotorokat. Mindegyik motor viszonylag magas teljes\u00edtm\u00e9nyt k\u00edn\u00e1l kis henger\u0171rtartalom mellett, \u00e9s egy \u00faj fejleszt\u00e9s\u0171, h\u00e9tfokozat\u00fa du\u00e1lkuplungos v\u00e1lt\u00f3val is el\u00e9rhet\u0151, amely Norm\u00e1l \u00e9s Sport vezet\u00e9si m\u00f3dokkal rendelkezik.<\/p>\n<p>A Tourer v\u00e1ltozat n\u00e9gy felszerelts\u00e9gi szinten el\u00e9rhet\u0151, \u00e9s a v\u00e1laszt\u00e9k az alap S modelllel kezd\u0151dik. Ez 15 colos k\u00f6nny\u0171f\u00e9m kerekekkel, karossz\u00e9ri\u00e1hoz illeszked\u0151 l\u00f6kh\u00e1r\u00edt\u00f3kkal \u00e9s t\u00fckr\u00f6kkel, h\u00e1ts\u00f3 spoilerrel LED f\u00e9kl\u00e1mp\u00e1val \u00e9s fekete h\u0171t\u0151r\u00e1csot tartalmaz. Ez a modell nem rendelkezik a magasabb szint\u0171 modellekn\u00e9l el\u00e9rhet\u0151 kr\u00f3m h\u0171t\u0151r\u00e1cs-bet\u00e9tekkel \u00e9s tet\u0151csomagtart\u00f3val. Emellett k\u00e9zi l\u00e9gkondicion\u00e1l\u00f3val, automatikus f\u00e9nysz\u00f3r\u00f3kkal, sebess\u00e9gtart\u00f3 automat\u00e1val \u00e9s DAB r\u00e1di\u00f3val Bluetooth-kapcsolattal van felszerelve, de a jobb felszerelts\u00e9g\u0171 SE modellre kell v\u00e1ltani, hogy \u00f6t colos \u00e9rint\u0151k\u00e9perny\u0151t \u00e9s tolat\u00f3kamer\u00e1t kapj.<br \/>\nA SE Nav felszerelts\u00e9gi szint 8 colos k\u00e9perny\u0151t \u00e9s navig\u00e1ci\u00f3s rendszert k\u00edn\u00e1l, m\u00edg a Premium \u00e9s Premium SE modellek LED f\u00e9nysz\u00f3r\u00f3kat, k\u00e9tz\u00f3n\u00e1s kl\u00edm\u00e1t, es\u0151\u00e9rz\u00e9kel\u0151s ablakt\u00f6rl\u0151ket, priv\u00e1t \u00fcveget, kulcsn\u00e9lk\u00fcli ind\u00edt\u00e1st \u00e9s LCD m\u0171szercsomagot tartalmaznak. A Premium SE panor\u00e1ma napf\u00e9nytet\u0151t is k\u00edn\u00e1l.<br \/>\nMinden modell az S-t\u00f3l felfel\u00e9 sz\u00e1mos biztons\u00e1gi funkci\u00f3val van felszerelve, p\u00e9ld\u00e1ul auton\u00f3m v\u00e9szf\u00e9kez\u00e9ssel, holtt\u00e9r-figyelmeztet\u00e9ssel, s\u00e1vk\u00f6vet\u0151 seg\u00edts\u00e9ggel \u00e9s hegyekn\u00e9l t\u00f6rt\u00e9n\u0151 indul\u00e1sseg\u00edt\u0151 rendszerrel.<\/p>\n","protected":false},"excerpt":{"rendered":"<p>Janu\u00e1rra rezsistopot vezetnek be. A bejelent\u00e9s szerint a rendk\u00edv\u00fcli hideg miatti t\u00f6bbletf\u0171t\u00e9s k\u00f6lts\u00e9g\u00e9t a korm\u00e1ny \u00e1tv\u00e1llalja a lakoss\u00e1gt\u00f3l. De itt&#8230; <span class=\"gridview-grid-post-read-more\"><a href=\"https:\/\/online-filmkatarzis.com\/kucko\/hirek\/igy-szamoljak-januarban-a-futest-a-rezsistop-miatt\/\">read more<span class=\"gridview-sr-only\"> \u00cdgy sz\u00e1molj\u00e1k janu\u00e1rban a f\u0171t\u00e9st a rezsistop miatt!<\/span><\/a><\/span><\/p>\n","protected":false},"author":1,"featured_media":6140,"comment_status":"open","ping_status":"open","sticky":false,"template":"","format":"standard","meta":{"footnotes":""},"categories":[1],"tags":[],"class_list":["post-6136","post","type-post","status-publish","format-standard","has-post-thumbnail","hentry","category-egyeb","wpcat-1-id"],"_links":{"self":[{"href":"https:\/\/online-filmkatarzis.com\/kucko\/hirek\/wp-json\/wp\/v2\/posts\/6136","targetHints":{"allow":["GET"]}}],"collection":[{"href":"https:\/\/online-filmkatarzis.com\/kucko\/hirek\/wp-json\/wp\/v2\/posts"}],"about":[{"href":"https:\/\/online-filmkatarzis.com\/kucko\/hirek\/wp-json\/wp\/v2\/types\/post"}],"author":[{"embeddable":true,"href":"https:\/\/online-filmkatarzis.com\/kucko\/hirek\/wp-json\/wp\/v2\/users\/1"}],"replies":[{"embeddable":true,"href":"https:\/\/online-filmkatarzis.com\/kucko\/hirek\/wp-json\/wp\/v2\/comments?post=6136"}],"version-history":[{"count":1,"href":"https:\/\/online-filmkatarzis.com\/kucko\/hirek\/wp-json\/wp\/v2\/posts\/6136\/revisions"}],"predecessor-version":[{"id":6141,"href":"https:\/\/online-filmkatarzis.com\/kucko\/hirek\/wp-json\/wp\/v2\/posts\/6136\/revisions\/6141"}],"wp:featuredmedia":[{"embeddable":true,"href":"https:\/\/online-filmkatarzis.com\/kucko\/hirek\/wp-json\/wp\/v2\/media\/6140"}],"wp:attachment":[{"href":"https:\/\/online-filmkatarzis.com\/kucko\/hirek\/wp-json\/wp\/v2\/media?parent=6136"}],"wp:term":[{"taxonomy":"category","embeddable":true,"href":"https:\/\/online-filmkatarzis.com\/kucko\/hirek\/wp-json\/wp\/v2\/categories?post=6136"},{"taxonomy":"post_tag","embeddable":true,"href":"https:\/\/online-filmkatarzis.com\/kucko\/hirek\/wp-json\/wp\/v2\/tags?post=6136"}],"curies":[{"name":"wp","href":"https:\/\/api.w.org\/{rel}","templated":true}]}}