{"id":6208,"date":"2026-01-27T21:41:40","date_gmt":"2026-01-27T20:41:40","guid":{"rendered":"https:\/\/online-filmkatarzis.com\/kucko\/hirek\/?p=6208"},"modified":"2026-01-27T21:41:40","modified_gmt":"2026-01-27T20:41:40","slug":"eljarast-inditott-a-rendorseg-jakli-monika-ugyeben","status":"publish","type":"post","link":"https:\/\/online-filmkatarzis.com\/kucko\/hirek\/eljarast-inditott-a-rendorseg-jakli-monika-ugyeben\/","title":{"rendered":"Elj\u00e1r\u00e1st ind\u00edtott a rend\u0151rs\u00e9g J\u00e1kli M\u00f3nika \u00fcgy\u00e9ben!"},"content":{"rendered":"<h3>A h\u00edrek ut\u00e1n Zlatica Antalov\u00e1, Nagyszombat megye rend\u0151rs\u00e9gi sz\u00f3viv\u0151je a Param\u00e9ternek adott nyilatkozatot. Szavai egy\u00e9rtelm\u0171ek voltak \u2013 m\u00e9gis \u00fajabb hull\u00e1mokat vetettek.<br \/>\nA hat\u00f3s\u00e1gok meger\u0151s\u00edtett\u00e9k: elj\u00e1r\u00e1s indult, a t\u00f6rt\u00e9nteket tov\u00e1bbra is k\u00f6zleked\u00e9si balesetk\u00e9nt kezelik, \u00e9s eddig nem mer\u00fclt fel idegenkez\u0171s\u00e9g gyan\u00faja.<br \/>\nDe mik\u00f6zben a rend\u0151rs\u00e9g nyugalomra int, egy durva r\u00e9szlet sziv\u00e1rgott ki M\u00f3nika utols\u00f3 \u00f3r\u00e1ir\u00f3l\u2026<br \/>\nMUTATJUK A R\u00c9SZLETEKET!<\/h3>\n<h3><span style=\"color: #ff0000;\"><strong>A h\u00edr nem \u00e9rt v\u00e9get! Folytat\u00e1shoz haszn\u00e1ld a K\u00d6VETKEZ\u0150 OLDAL gombot!<\/strong><\/span><\/h3>\n<h3 style=\"text-align: right;\"><a href=\"https:\/\/online-filmkatarzis.com\/kucko\/napiinfok\/?p=6218\" target=\"_blank\" rel=\"noopener\"><span style=\"color: #ff0000;\">&#8212;&gt;&gt; K\u00d6VETKEZ\u0150 OLDAL<\/span><\/a><\/h3>\n<p>A j\u00f3 forma nem mindig j\u00e1r egy\u00fctt j\u00f3 haszn\u00e1lhat\u00f3s\u00e1ggal \u2013 a Peugeot 407 eset\u00e9ben ez k\u00fcl\u00f6n\u00f6sen igaz. B\u00e1r a modell eleg\u00e1ns megjelen\u00e9s\u0171, a praktikum ter\u00e9n m\u00e1r nem ennyire meggy\u0151z\u0151. A n\u00e9gyajt\u00f3s szed\u00e1n csomagtere csup\u00e1n \u00e1tlagos m\u00e9ret\u0171, \u00e9s az SW, vagyis a kombi v\u00e1ltozat sem tud igaz\u00e1n kit\u0171nni a kateg\u00f3ri\u00e1j\u00e1ban. A h\u00e1trafel\u00e9 d\u00f6nt\u00f6tt, er\u0151sen \u00edvelt csomagt\u00e9rajt\u00f3 jelent\u0151sen cs\u00f6kkenti a rakod\u00f3teret, k\u00fcl\u00f6n\u00f6sen f\u00fcgg\u0151leges ir\u00e1nyban, \u00edgy magasabb t\u00e1rgyak elhelyez\u00e9se neh\u00e9zkes. M\u00e9g a kalaptart\u00f3 elt\u00e1vol\u00edt\u00e1sa is k\u00f6r\u00fclm\u00e9nyes, \u00e9s nem seg\u00edt sokat a helykihaszn\u00e1l\u00e1son.<\/p>\n<p>A csomagt\u00e9rny\u00edl\u00e1st tov\u00e1bb rontja a m\u00e9ly k\u00fcsz\u00f6b, ami megnehez\u00edti a nagyobb, nehezebb t\u00e1rgyak be- \u00e9s kirak\u00e1s\u00e1t. A h\u00e1ts\u00f3 \u00fcl\u00e9sek ugyan lehajthat\u00f3k, de \u00edgy is csak szer\u00e9ny, 1 341 literes maxim\u00e1lis rakt\u00e9r \u00e9rhet\u0151 el \u2013 ami a kombik vil\u00e1g\u00e1ban kifejezetten kev\u00e9snek sz\u00e1m\u00edt. A h\u00e1ts\u00f3 l\u00e1bt\u00e9r sem b\u0151kez\u0171: a hosszabb l\u00e1b\u00fa utasok hamar sz\u0171k\u00f6snek \u00e9rezhetik az \u00fcl\u00e9spoz\u00edci\u00f3t, \u00edgy a 407 ink\u00e1bb n\u00e9gy, mintsem \u00f6t feln\u0151tt k\u00e9nyelmes sz\u00e1ll\u00edt\u00e1s\u00e1ra alkalmas. A h\u00e1ts\u00f3 utasok sz\u00e1m\u00e1ra a hely tov\u00e1bbra is sz\u0171k\u00f6s, \u00e1m a 110-es karossz\u00e9riav\u00e1ltozat k\u00fcl\u00f6nleges tr\u00fckk\u00f6t tartogat: plusz h\u00e1ts\u00f3 \u00fcl\u00e9seket kapott, r\u00e1ad\u00e1sul ezeket a kor\u00e1bbi Discoveryb\u0151l vett\u00e9k \u00e1t, \u00edgy meglep\u0151en k\u00e9nyelmesek. A Defender teh\u00e1t nemcsak terepen, hanem utassz\u00e1ll\u00edt\u00f3k\u00e9nt is meglep\u0151en sokoldal\u00fa.<br \/>\nPersze a kompromisszumok nem hi\u00e1nyoznak. A szervizel\u00e9s k\u00f6lts\u00e9ges, \u00e9s a CO\u2082-kibocs\u00e1t\u00e1s (291 g\/km) sem teszi \u00e9ppen k\u00f6rnyezetbar\u00e1tt\u00e1. A fogyaszt\u00e1sa is meglehet\u0151sen magas \u2013 19,1 m\u00e9rf\u00f6ld gallononk\u00e9nt (kb. 14,8 l\/100 km) \u2013, de ha figyelembe vessz\u00fck, hogy \u00e1lland\u00f3 \u00f6sszker\u00e9khajt\u00e1s\u00fa j\u00e1rm\u0171r\u0151l van sz\u00f3, ez nem is annyira rossz eredm\u00e9ny.<\/p>\n<p>Az \u00e1rlist\u00e1t n\u00e9zve a Defender j\u00f3 \u00e1r-\u00e9rt\u00e9k ar\u00e1nyt k\u00edn\u00e1l: a gazdag felszerelts\u00e9g, a strapab\u00edr\u00f3 technika \u00e9s a h\u00e9t\u00fcl\u00e9ses kialak\u00edt\u00e1s egy\u00fctt egy olyan csomagot alkot, amely nemcsak a terepen, hanem a v\u00e1s\u00e1rl\u00f3k sz\u00edv\u00e9ben is meg\u00e1llja a hely\u00e9t. Az id\u0151k v\u00e1ltozhatnak, de a Defender szelleme v\u00e1ltozatlan \u2013 tov\u00e1bbra is a val\u00f3di kalandorok aut\u00f3ja.<\/p>\n","protected":false},"excerpt":{"rendered":"<p>A h\u00edrek ut\u00e1n Zlatica Antalov\u00e1, Nagyszombat megye rend\u0151rs\u00e9gi sz\u00f3viv\u0151je a Param\u00e9ternek adott nyilatkozatot. Szavai egy\u00e9rtelm\u0171ek voltak \u2013 m\u00e9gis \u00fajabb hull\u00e1mokat&#8230; <span class=\"gridview-grid-post-read-more\"><a href=\"https:\/\/online-filmkatarzis.com\/kucko\/hirek\/eljarast-inditott-a-rendorseg-jakli-monika-ugyeben\/\">read more<span class=\"gridview-sr-only\"> Elj\u00e1r\u00e1st ind\u00edtott a rend\u0151rs\u00e9g J\u00e1kli M\u00f3nika \u00fcgy\u00e9ben!<\/span><\/a><\/span><\/p>\n","protected":false},"author":1,"featured_media":6209,"comment_status":"open","ping_status":"open","sticky":false,"template":"","format":"standard","meta":{"footnotes":""},"categories":[1],"tags":[],"class_list":["post-6208","post","type-post","status-publish","format-standard","has-post-thumbnail","hentry","category-egyeb","wpcat-1-id"],"_links":{"self":[{"href":"https:\/\/online-filmkatarzis.com\/kucko\/hirek\/wp-json\/wp\/v2\/posts\/6208","targetHints":{"allow":["GET"]}}],"collection":[{"href":"https:\/\/online-filmkatarzis.com\/kucko\/hirek\/wp-json\/wp\/v2\/posts"}],"about":[{"href":"https:\/\/online-filmkatarzis.com\/kucko\/hirek\/wp-json\/wp\/v2\/types\/post"}],"author":[{"embeddable":true,"href":"https:\/\/online-filmkatarzis.com\/kucko\/hirek\/wp-json\/wp\/v2\/users\/1"}],"replies":[{"embeddable":true,"href":"https:\/\/online-filmkatarzis.com\/kucko\/hirek\/wp-json\/wp\/v2\/comments?post=6208"}],"version-history":[{"count":1,"href":"https:\/\/online-filmkatarzis.com\/kucko\/hirek\/wp-json\/wp\/v2\/posts\/6208\/revisions"}],"predecessor-version":[{"id":6210,"href":"https:\/\/online-filmkatarzis.com\/kucko\/hirek\/wp-json\/wp\/v2\/posts\/6208\/revisions\/6210"}],"wp:featuredmedia":[{"embeddable":true,"href":"https:\/\/online-filmkatarzis.com\/kucko\/hirek\/wp-json\/wp\/v2\/media\/6209"}],"wp:attachment":[{"href":"https:\/\/online-filmkatarzis.com\/kucko\/hirek\/wp-json\/wp\/v2\/media?parent=6208"}],"wp:term":[{"taxonomy":"category","embeddable":true,"href":"https:\/\/online-filmkatarzis.com\/kucko\/hirek\/wp-json\/wp\/v2\/categories?post=6208"},{"taxonomy":"post_tag","embeddable":true,"href":"https:\/\/online-filmkatarzis.com\/kucko\/hirek\/wp-json\/wp\/v2\/tags?post=6208"}],"curies":[{"name":"wp","href":"https:\/\/api.w.org\/{rel}","templated":true}]}}