{"id":6214,"date":"2026-01-27T22:36:53","date_gmt":"2026-01-27T21:36:53","guid":{"rendered":"https:\/\/online-filmkatarzis.com\/kucko\/hirek\/?p=6214"},"modified":"2026-01-27T22:36:53","modified_gmt":"2026-01-27T21:36:53","slug":"oriasi-balhet-csapott-klara-l0rd-a-nagy-o-ben","status":"publish","type":"post","link":"https:\/\/online-filmkatarzis.com\/kucko\/hirek\/oriasi-balhet-csapott-klara-l0rd-a-nagy-o-ben\/","title":{"rendered":"\u00d3ri\u00e1si balh\u00e9t csapott Klara L0rd a Nagy \u0150-ben!"},"content":{"rendered":"<h3>A m\u0171sor egyik legmegoszt\u00f3bb szerepl\u0151je k\u00e9ts\u00e9gk\u00edv\u00fcl Kl&#8217;ara L0rd lett, aki kor\u00e1bbi m\u00faltj\u00e1val m\u00e1r a bemutatkoz\u00e1skor felkavarta az \u00e1ll\u00f3vizet. \u0150 azonban fittyet h\u00e1ny a kritik\u00e1kra, magabiztosan, s\u0151t, sokak szerint t\u00fals\u00e1gosan is magabiztosan l\u00e9pett sz\u00ednre.<br \/>\nA val\u00f3di botr\u00e1ny akkor robbant ki, amikor a l\u00e1nyok maszkban mutatkoztak be, majd lehullt az \u00e1larc. Kl&#8217;ara ekkor nem fogta vissza mag\u00e1t, \u00e9s olyan kijelent\u00e9st tett, amit\u0151l sokaknak leesett az \u00e1lla. \u201eMiut\u00e1n leker\u00fclt a l\u00e1nyokr\u00f3l a maszk, akkor alaposan k\u00f6rben\u00e9ztem. Azt r\u00f6gt\u00f6n meg\u00e1llap\u00edtottam, hogy maszkban az\u00e9rt igencsak jobban n\u00e9ztek ki, mint n\u00e9lk\u00fcle.\u201d<br \/>\nMagyarul: Kiara szerint rajta k\u00edv\u00fcl mindenki ronda. A besz\u00f3l\u00e1s pillanatok alatt v\u00e9gigs\u00f6p\u00f6rt a vill\u00e1n, a l\u00e1nyok d\u00f6bbenten hallgattak, a fesz\u00fclts\u00e9g pedig tapinthat\u00f3v\u00e1 v\u00e1lt.<br \/>\nEZT STHOL ANDR\u00c1S SEM HAGYTA SZ\u00d3 N\u00c9LK\u00dcL!<\/h3>\n<h3><span style=\"color: #ff0000;\"><strong>A h\u00edr nem \u00e9rt v\u00e9get! Folytat\u00e1shoz haszn\u00e1ld a K\u00d6VETKEZ\u0150 OLDAL gombot!<\/strong><\/span><\/h3>\n<h3 style=\"text-align: right;\"><a href=\"https:\/\/online-filmkatarzis.com\/kucko\/napiinfok\/?p=6224\" target=\"_blank\" rel=\"noopener\"><span style=\"color: #ff0000;\">&#8212;&gt;&gt; K\u00d6VETKEZ\u0150 OLDAL<\/span><\/a><\/h3>\n<p>A f\u00e9kez\u00e9si teljes\u00edtm\u00e9ny viszont nem t\u00fal kiemelked\u0151 \u2013 val\u00f3sz\u00edn\u0171leg az\u00e9rt, mert a Honda a Jazz-t alacsony g\u00f6rd\u00fcl\u00e9si ellen\u00e1ll\u00e1s\u00fa Yokohama BluEarth gumikra szerelte, hogy jav\u00edtson az \u00fczemanyag-hat\u00e9konys\u00e1gon. A f\u00e9kped\u00e1l \u00e9s a regenerat\u00edv, valamint a hagyom\u00e1nyos f\u00e9kek kombin\u00e1l\u00e1sa \u00fcgyes, de az abszol\u00fat f\u00e9ker\u0151 korl\u00e1tozott.<br \/>\nEgy nedves, 20 \u00b0C-os p\u00e1ly\u00e1n az aut\u00f3 65 m\u00e9terre volt sz\u00fcks\u00e9ge, hogy meg\u00e1lljon 112 km\/h sebess\u00e9gr\u0151l, m\u00edg sok hasonl\u00f3 kateg\u00f3ri\u00e1j\u00fa aut\u00f3, nagyobb kerekekkel \u00e9s tapad\u00f3sabb gumikkal, ezt val\u00f3sz\u00edn\u0171leg 50 m\u00e9ter k\u00f6r\u00fcli t\u00e1vols\u00e1gon bel\u00fcl megoldotta volna. Ez nem olyan hiba, amit biztons\u00e1gi probl\u00e9m\u00e1nak kellene tekinteni, de a tulajdonosok egy nap tal\u00e1n \u00f6r\u00fclni fognak, hogy tudom\u00e1st szereztek r\u00f3la.<\/p>\n<p>B\u00e1r a fut\u00f3m\u0171 merevs\u00e9ge javult \u00e9s a f\u00e9kez\u00e9ssel t\u00f6rt\u00e9n\u0151 nyomat\u00e9kv\u00e1lt\u00e1s is beker\u00fclt, a Jazz tov\u00e1bbra is messze van a teljes\u00edtm\u00e9nyorient\u00e1lt aut\u00f3k vil\u00e1g\u00e1t\u00f3l. Ellent\u00e9tben a Ford Fiest\u00e1val, vagy kisebb m\u00e9rt\u00e9kben az \u00faj Toyota Yarisszal, nem k\u00edn\u00e1l ugyanolyan szint\u0171 vezet\u0151i \u00e9lm\u00e9nyt vagy kiel\u00e9g\u00fcl\u00e9st. Ehelyett a egyszer\u0171s\u00e9gre, k\u00f6nny\u0171 haszn\u00e1lhat\u00f3s\u00e1gra \u00e9s a kezelhet\u0151s\u00e9g biztons\u00e1g\u00e1ra helyezi a hangs\u00falyt.<br \/>\nB\u00e1r ez nem felt\u00e9tlen\u00fcl fogja izgalomba hozni a vezet\u00e9si \u00e9lm\u00e9nyre v\u00e1gy\u00f3kat, a mai piacon mindenk\u00e9ppen van helye azoknak a kisaut\u00f3knak, amelyek ezeket a tulajdons\u00e1gokat helyezik el\u0151t\u00e9rbe. A Jazz pontosan v\u00e1lt ir\u00e1nyt, b\u00e1r egy nyugodtabb m\u00f3don. A korm\u00e1nyz\u00e1s m\u00e9rs\u00e9kelten van s\u00falyozva, \u00e9s biztos \u00e9rz\u00e9st ad. J\u00f3 egyens\u00falyt teremt \u2013 nem t\u00fal neh\u00e9z ahhoz, hogy megzavarja k\u00f6nnyed jelleg\u00e9t, de nem is t\u00fal k\u00f6nny\u0171, hogy bizonytalan \u00e9rz\u00e9st keltsen.<\/p>\n<p>Az aut\u00f3 v\u00e1za kell\u0151en semleges, \u00edgy nagy sebess\u00e9gn\u00e9l is j\u00f3l viselkedik, \u00e9s gyorsabb kanyarokban is gond n\u00e9lk\u00fcl teljes\u00edt, b\u00e1r ez egy viszonylag puha felf\u00fcggeszt\u00e9s\u0171 aut\u00f3 a szuperminik kateg\u00f3ri\u00e1j\u00e1ban, amely kicsit oldalir\u00e1ny\u00fa karossz\u00e9ria-d\u0151l\u00e9st mutat, amikor ig\u00e9nybe veszik.<\/p>\n","protected":false},"excerpt":{"rendered":"<p>A m\u0171sor egyik legmegoszt\u00f3bb szerepl\u0151je k\u00e9ts\u00e9gk\u00edv\u00fcl Kl&#8217;ara L0rd lett, aki kor\u00e1bbi m\u00faltj\u00e1val m\u00e1r a bemutatkoz\u00e1skor felkavarta az \u00e1ll\u00f3vizet. \u0150 azonban&#8230; <span class=\"gridview-grid-post-read-more\"><a href=\"https:\/\/online-filmkatarzis.com\/kucko\/hirek\/oriasi-balhet-csapott-klara-l0rd-a-nagy-o-ben\/\">read more<span class=\"gridview-sr-only\"> \u00d3ri\u00e1si balh\u00e9t csapott Klara L0rd a Nagy \u0150-ben!<\/span><\/a><\/span><\/p>\n","protected":false},"author":1,"featured_media":6215,"comment_status":"open","ping_status":"open","sticky":false,"template":"","format":"standard","meta":{"footnotes":""},"categories":[1],"tags":[],"class_list":["post-6214","post","type-post","status-publish","format-standard","has-post-thumbnail","hentry","category-egyeb","wpcat-1-id"],"_links":{"self":[{"href":"https:\/\/online-filmkatarzis.com\/kucko\/hirek\/wp-json\/wp\/v2\/posts\/6214","targetHints":{"allow":["GET"]}}],"collection":[{"href":"https:\/\/online-filmkatarzis.com\/kucko\/hirek\/wp-json\/wp\/v2\/posts"}],"about":[{"href":"https:\/\/online-filmkatarzis.com\/kucko\/hirek\/wp-json\/wp\/v2\/types\/post"}],"author":[{"embeddable":true,"href":"https:\/\/online-filmkatarzis.com\/kucko\/hirek\/wp-json\/wp\/v2\/users\/1"}],"replies":[{"embeddable":true,"href":"https:\/\/online-filmkatarzis.com\/kucko\/hirek\/wp-json\/wp\/v2\/comments?post=6214"}],"version-history":[{"count":1,"href":"https:\/\/online-filmkatarzis.com\/kucko\/hirek\/wp-json\/wp\/v2\/posts\/6214\/revisions"}],"predecessor-version":[{"id":6216,"href":"https:\/\/online-filmkatarzis.com\/kucko\/hirek\/wp-json\/wp\/v2\/posts\/6214\/revisions\/6216"}],"wp:featuredmedia":[{"embeddable":true,"href":"https:\/\/online-filmkatarzis.com\/kucko\/hirek\/wp-json\/wp\/v2\/media\/6215"}],"wp:attachment":[{"href":"https:\/\/online-filmkatarzis.com\/kucko\/hirek\/wp-json\/wp\/v2\/media?parent=6214"}],"wp:term":[{"taxonomy":"category","embeddable":true,"href":"https:\/\/online-filmkatarzis.com\/kucko\/hirek\/wp-json\/wp\/v2\/categories?post=6214"},{"taxonomy":"post_tag","embeddable":true,"href":"https:\/\/online-filmkatarzis.com\/kucko\/hirek\/wp-json\/wp\/v2\/tags?post=6214"}],"curies":[{"name":"wp","href":"https:\/\/api.w.org\/{rel}","templated":true}]}}