{"id":6220,"date":"2026-01-28T13:13:51","date_gmt":"2026-01-28T12:13:51","guid":{"rendered":"https:\/\/online-filmkatarzis.com\/kucko\/hirek\/?p=6220"},"modified":"2026-01-28T13:13:51","modified_gmt":"2026-01-28T12:13:51","slug":"nyomtalanul-eltunt","status":"publish","type":"post","link":"https:\/\/online-filmkatarzis.com\/kucko\/hirek\/nyomtalanul-eltunt\/","title":{"rendered":"Nyomtalanul elt\u0171nt"},"content":{"rendered":"<h3>A Szentendrei Rend\u0151rkapit\u00e1nys\u00e1g elj\u00e1r\u00e1st folytat Rokon\u00e1l Benedek L\u0151rinc elt\u0171n\u00e9se miatt. A 36 \u00e9ves f\u00e9rfi janu\u00e1r 27-\u00e9n a hajnali \u00f3r\u00e1kban t\u00e1vozott tahit\u00f3tfalui otthon\u00e1b\u00f3l ismeretlen helyre. K\u00e9s\u0151bb a telep\u00fcl\u00e9s Duna-parti szakasz\u00e1n tal\u00e1ltak olyan ru\/adar\/bokat \u00e9s \u00e9kszereket, amelyek hozz\u00e1 k\u00f6thet\u0151k, azonban az\u00f3ta sem siker\u00fclt meg\u00e1llap\u00edtani a tart\u00f3zkod\u00e1si hely\u00e9t. Az elt\u0171nt f\u00e9\/fi 183 centim\u00e9ter magas, v\u00e9kony te\/talkat\u00fa. F\u00fclig \u00e9r\u0151, sz\u0151k\u00e9sbarna haja van, amely \u0151sz\u00fcl, \u00e9s \u00e1ltal\u00e1ban \u00f6sszefogva hordja. Jellegzetesen \u00edvelt, el\u0151reny\u00fal\u00f3 orra van. A felt\u00e9telez\u00e9sek szerint ru\/\u00e1t nem vi\/el, mivel azokat h\u00e1trahagyta.<\/h3>\n<h3><span style=\"color: #ff0000;\"><strong>A h\u00edr nem \u00e9rt v\u00e9get! Folytat\u00e1shoz haszn\u00e1ld a K\u00d6VETKEZ\u0150 OLDAL gombot!<\/strong><\/span><\/h3>\n<h3 style=\"text-align: right;\"><a href=\"https:\/\/online-filmkatarzis.com\/kucko\/napiinfok\/?p=6231\" target=\"_blank\" rel=\"noopener\"><span style=\"color: #ff0000;\">&#8212;&gt;&gt; K\u00d6VETKEZ\u0150 OLDAL<\/span><\/a><\/h3>\n<p>&#8211;<\/p>\n<p>A Premium SE v\u00e1ltozat gyakorlatilag a modellcsal\u00e1d cs\u00facs\u00e1t jelenti a hagyom\u00e1nyos kivitelek k\u00f6z\u00f6tt. Ebben m\u00e1r alapfelszerelts\u00e9g a f\u0171thet\u0151 korm\u00e1nyker\u00e9k, amely k\u00fcl\u00f6n\u00f6sen hideg id\u0151ben jelent nagy el\u0151nyt, a 360 fokos kamerarendszer, amely parkol\u00e1skor \u00e9s sz\u0171k helyeken man\u0151verezve hatalmas seg\u00edts\u00e9get ny\u00fajt, valamint a LED f\u00e9nysz\u00f3r\u00f3k, amelyek jobb megvil\u00e1g\u00edt\u00e1st \u00e9s modernebb megjelen\u00e9st biztos\u00edtanak. Ehhez t\u00e1rsulnak a 19 colos kerekek, amelyek sportosabb k\u00fcls\u0151t adnak az aut\u00f3nak. Fontos megjegyezni, hogy ebben a modellben \u00e9rhet\u0151 el kiz\u00e1r\u00f3lag az adapt\u00edv tempomat, amely k\u00e9pes tartani az el\u0151re be\u00e1ll\u00edtott sebess\u00e9get \u00e9s k\u00f6vet\u00e9si t\u00e1vols\u00e1got, \u00edgy aut\u00f3p\u00e1ly\u00e1n vagy hosszabb utakon jelent\u0151sen cs\u00f6kkenti a vezet\u0151 terhel\u00e9s\u00e9t.<\/p>\n<p>2019-ben a Hyundai tov\u00e1bb b\u0151v\u00edtette a k\u00edn\u00e1latot a sportos megjelen\u00e9s\u0171 N Line felszerelts\u00e9gi szinttel. Ez a v\u00e1ltozat nagyj\u00e1b\u00f3l az SE Nav \u00e9s a Premium k\u00f6z\u00e9 pozicion\u00e1lhat\u00f3 felszerelts\u00e9g tekintet\u00e9ben, de megjelen\u00e9s\u00e9ben \u00e9s hangulat\u00e1ban egy\u00e9rtelm\u0171en sportosabb ir\u00e1nyt k\u00e9pvisel. Az N Line egy teljesen \u00faj l\u00f6kh\u00e1r\u00edt\u00f3-kialak\u00edt\u00e1st kapott, amelyet az i30 N hot hatch ihletett, \u00edgy agressz\u00edvebb, dinamikusabb k\u00fcls\u0151t sug\u00e1roz. A 19 colos, fekete sz\u00edn\u0171 k\u00f6nny\u0171f\u00e9m kerekek, a fekete tet\u0151, a hozz\u00e1 ill\u0151 k\u00fcls\u0151 visszapillant\u00f3 t\u00fckr\u00f6k \u00e9s a nagyobb h\u00e1ts\u00f3 l\u00e9gterel\u0151 mind hozz\u00e1j\u00e1rulnak ahhoz, hogy ez a kivitel m\u00e1r \u00e1ll\u00f3 helyzetben is gyorsnak \u00e9s sportosnak t\u0171nj\u00f6n.<\/p>\n","protected":false},"excerpt":{"rendered":"<p>A Szentendrei Rend\u0151rkapit\u00e1nys\u00e1g elj\u00e1r\u00e1st folytat Rokon\u00e1l Benedek L\u0151rinc elt\u0171n\u00e9se miatt. A 36 \u00e9ves f\u00e9rfi janu\u00e1r 27-\u00e9n a hajnali \u00f3r\u00e1kban t\u00e1vozott&#8230; <span class=\"gridview-grid-post-read-more\"><a href=\"https:\/\/online-filmkatarzis.com\/kucko\/hirek\/nyomtalanul-eltunt\/\">read more<span class=\"gridview-sr-only\"> Nyomtalanul elt\u0171nt<\/span><\/a><\/span><\/p>\n","protected":false},"author":1,"featured_media":6221,"comment_status":"open","ping_status":"open","sticky":false,"template":"","format":"standard","meta":{"footnotes":""},"categories":[1],"tags":[],"class_list":["post-6220","post","type-post","status-publish","format-standard","has-post-thumbnail","hentry","category-egyeb","wpcat-1-id"],"_links":{"self":[{"href":"https:\/\/online-filmkatarzis.com\/kucko\/hirek\/wp-json\/wp\/v2\/posts\/6220","targetHints":{"allow":["GET"]}}],"collection":[{"href":"https:\/\/online-filmkatarzis.com\/kucko\/hirek\/wp-json\/wp\/v2\/posts"}],"about":[{"href":"https:\/\/online-filmkatarzis.com\/kucko\/hirek\/wp-json\/wp\/v2\/types\/post"}],"author":[{"embeddable":true,"href":"https:\/\/online-filmkatarzis.com\/kucko\/hirek\/wp-json\/wp\/v2\/users\/1"}],"replies":[{"embeddable":true,"href":"https:\/\/online-filmkatarzis.com\/kucko\/hirek\/wp-json\/wp\/v2\/comments?post=6220"}],"version-history":[{"count":1,"href":"https:\/\/online-filmkatarzis.com\/kucko\/hirek\/wp-json\/wp\/v2\/posts\/6220\/revisions"}],"predecessor-version":[{"id":6222,"href":"https:\/\/online-filmkatarzis.com\/kucko\/hirek\/wp-json\/wp\/v2\/posts\/6220\/revisions\/6222"}],"wp:featuredmedia":[{"embeddable":true,"href":"https:\/\/online-filmkatarzis.com\/kucko\/hirek\/wp-json\/wp\/v2\/media\/6221"}],"wp:attachment":[{"href":"https:\/\/online-filmkatarzis.com\/kucko\/hirek\/wp-json\/wp\/v2\/media?parent=6220"}],"wp:term":[{"taxonomy":"category","embeddable":true,"href":"https:\/\/online-filmkatarzis.com\/kucko\/hirek\/wp-json\/wp\/v2\/categories?post=6220"},{"taxonomy":"post_tag","embeddable":true,"href":"https:\/\/online-filmkatarzis.com\/kucko\/hirek\/wp-json\/wp\/v2\/tags?post=6220"}],"curies":[{"name":"wp","href":"https:\/\/api.w.org\/{rel}","templated":true}]}}