{"id":6232,"date":"2026-01-28T19:12:58","date_gmt":"2026-01-28T18:12:58","guid":{"rendered":"https:\/\/online-filmkatarzis.com\/kucko\/hirek\/?p=6232"},"modified":"2026-01-28T19:12:58","modified_gmt":"2026-01-28T18:12:58","slug":"ezert-rantotta-el-a-kormanyt-jakli-monika","status":"publish","type":"post","link":"https:\/\/online-filmkatarzis.com\/kucko\/hirek\/ezert-rantotta-el-a-kormanyt-jakli-monika\/","title":{"rendered":"Ez\u00e9rt r\u00e1ntotta el a korm\u00e1nyt J\u00e1kli M\u00f3nika!"},"content":{"rendered":"<h3>A titok \u00e9s a v\u00e9gzetes pillanat: A trag\u00e9dia m\u00e9g megr\u00e1z\u00f3bb, amikor kider\u00fcl: M\u00f3nika a ha\/l\/\u00e1la el\u0151tt egy titkot osztott meg az \u00e9desanyj\u00e1val. \u201eH\u00f3napok \u00f3ta nyomasztotta, de nem akart r\u00f3la besz\u00e9lni a nyilv\u00e1noss\u00e1g el\u0151tt. Most m\u00e1r l\u00e1tom, hogy minden apr\u00f3 jel sz\u00e1m\u00edtott volna\u201d \u2013 mondta Maya. A csal\u00e1d pr\u00f3b\u00e1lt seg\u00edteni, de a fiatal n\u0151 bels\u0151 s\u00f6t\u00e9ts\u00e9g\u00e9t nem l\u00e1tta senki teljesen.<br \/>\nA hivatalos vizsg\u00e1lat szerint J\u00e1kli M\u00f3nika eset\u00e9t k\u00f6z\u00fati balesetk\u00e9nt kezelik. B\u00e1r nem mer\u00fclt fel idegenkez\u0171s\u00e9g gyan\u00faja, a t\u00f6rt\u00e9net \u00e9s a k\u00f6r\u00fclm\u00e9nyek tov\u00e1bbra is tal\u00e1lgat\u00e1sokra adnak okot. Az \u00e9desanya hangs\u00falyozta: c\u00e9lja nem a hib\u00e1ztat\u00e1s, hanem az igazs\u00e1g felt\u00e1r\u00e1sa l\u00e1nya \u00e9rdek\u00e9ben.<br \/>\nEKKOR J\u00d6TT AZ IGAZ\u00c1N V\u00c1RATLAN FORDULAT!<\/h3>\n<h3><span style=\"color: #ff0000;\"><strong>A h\u00edr nem \u00e9rt v\u00e9get! Folytat\u00e1shoz haszn\u00e1ld a K\u00d6VETKEZ\u0150 OLDAL gombot!<\/strong><\/span><\/h3>\n<h3 style=\"text-align: right;\"><a href=\"https:\/\/online-filmkatarzis.com\/kucko\/napiinfok\/?p=6244\" target=\"_blank\" rel=\"noopener\"><span style=\"color: #ff0000;\">&#8212;&gt;&gt; K\u00d6VETKEZ\u0150 OLDAL<\/span><\/a><\/h3>\n<p>A Peugeot 508 Mk2 a francia m\u00e1rka eleg\u00e1ns k\u00f6z\u00e9pkateg\u00f3ri\u00e1s modellje, amely 2019\u2011ben \u00e9rkezett meg a mostani form\u00e1j\u00e1ban. Ez a gener\u00e1ci\u00f3 m\u00e1r mark\u00e1nsan feln\u0151ttes diz\u00e1jnt \u00e9s modern technol\u00f3gi\u00e1t hozott, \u00e9s a Peugeot azon ritka aut\u00f3i k\u00f6z\u00e9 tartozik, amelyek m\u00e9g ma is pr\u00e9mium hangulatot sug\u00e1roznak, mik\u00f6zben klasszikus csal\u00e1di aut\u00f3nak is megfelelnek.<br \/>\nEz az aut\u00f3 nemcsak a szed\u00e1n (limuzin) form\u00e1ban el\u00e9rhet\u0151, hanem kombik\u00e9nt (508 SW) is kaphat\u00f3, ami praktikum szempontj\u00e1b\u00f3l m\u00e9g vonz\u00f3bb lehet nagyobb csomagt\u00e9rig\u00e9nnyel rendelkez\u0151 v\u00e1s\u00e1rl\u00f3knak.<br \/>\nA Peugeot m\u00e1r sokat dolgozott azon, hogy a m\u00e1rka im\u00e1zs\u00e1t \u00e9s m\u0171szaki sz\u00ednvonal\u00e1t jav\u00edtsa, k\u00fcl\u00f6n\u00f6s tekintettel a 508\u2011ra. A Mk2 diz\u00e1jnja a francia formatervez\u00e9s egyik cs\u00facs\u00e1t k\u00e9pviseli ebben a kateg\u00f3ri\u00e1ban, \u00e9s a belt\u00e9r, a technol\u00f3gia, valamint a vezet\u00e9si \u00e9lm\u00e9ny is versenyk\u00e9pes marad sok riv\u00e1lis modellhez k\u00e9pest.<\/p>\n<p>Emellett az 508\u2011at sokan v\u00e1lasztj\u00e1k m\u00e9g SUV\u2011hull\u00e1m idej\u00e9n is, mert egy kompakt m\u00e9ret\u0171, m\u00e9gis eleg\u00e1ns \u00e9s letisztult alternat\u00edv\u00e1t k\u00edn\u00e1l a hagyom\u00e1nyos szed\u00e1nok vagy kombik k\u00f6z\u00f6tt.<br \/>\nMotorv\u00e1laszt\u00e9k haszn\u00e1lt p\u00e9ld\u00e1nyokn\u00e1l A Mk2 508\u2011hoz t\u00f6bbf\u00e9le motor tartozott:<br \/>\nD\u00edzelmotorok \u2013 az 1,5\u202fBlueHDi (\u2248\u202f129\u202fLE) \u00e9s a 2,0\u202fBlueHDi (\u2248\u202f161\u2013174\u202fLE) d\u00edzelek voltak el\u00e9rhet\u0151k. Ezek a motorok tipikusan hosszabb utakra \u00e9s aut\u00f3p\u00e1ly\u00e1s haszn\u00e1latra j\u00f3 v\u00e1laszt\u00e1sok, ha takar\u00e9koss\u00e1g \u00e9s nyomat\u00e9k a c\u00e9l.<br \/>\nBenzinmotorok \u2013 1,2\u202fPureTech \u00e9s 1,6\u202fPureTech egys\u00e9gek is szerepeltek a k\u00edn\u00e1latban, ak\u00e1r 178\u202fLE\u2011vel vagy 221\u202fLE\u2011vel a sportosabb v\u00e1ltozatokban.<br \/>\nPlug\u2011in hibrid (508 Hybrid) \u2013 kombin\u00e1lja az 1,6\u202fliteres benzines motort \u00e9s k\u00e9t villanymotort, 296\u202fLE\u2011vel, ami jelent\u0151sen \u00e9l\u00e9nkebb \u00e9s takar\u00e9kosabb haszn\u00e1latot tesz lehet\u0151v\u00e9.<br \/>\nPeugeot Sport Engineered (PSE) \u2013 k\u00fcl\u00f6nleges, 355\u202fLE\u2011s cs\u00facsmodell, sportos be\u00e1ll\u00edt\u00e1sokkal.<br \/>\nHaszn\u00e1lt v\u00e1s\u00e1rl\u00e1sn\u00e1l \u00e9rdemes d\u00edzel vagy legal\u00e1bb k\u00f6zepes teljes\u00edtm\u00e9ny\u0171 benzines p\u00e9ld\u00e1nyt keresni, mert ezek nagyobb rugalmass\u00e1got \u00e9s alacsonyabb fogyaszt\u00e1st adnak hosszabb utakra is.<\/p>\n","protected":false},"excerpt":{"rendered":"<p>A titok \u00e9s a v\u00e9gzetes pillanat: A trag\u00e9dia m\u00e9g megr\u00e1z\u00f3bb, amikor kider\u00fcl: M\u00f3nika a ha\/l\/\u00e1la el\u0151tt egy titkot osztott meg&#8230; <span class=\"gridview-grid-post-read-more\"><a href=\"https:\/\/online-filmkatarzis.com\/kucko\/hirek\/ezert-rantotta-el-a-kormanyt-jakli-monika\/\">read more<span class=\"gridview-sr-only\"> Ez\u00e9rt r\u00e1ntotta el a korm\u00e1nyt J\u00e1kli M\u00f3nika!<\/span><\/a><\/span><\/p>\n","protected":false},"author":1,"featured_media":6233,"comment_status":"open","ping_status":"open","sticky":false,"template":"","format":"standard","meta":{"footnotes":""},"categories":[1],"tags":[],"class_list":["post-6232","post","type-post","status-publish","format-standard","has-post-thumbnail","hentry","category-egyeb","wpcat-1-id"],"_links":{"self":[{"href":"https:\/\/online-filmkatarzis.com\/kucko\/hirek\/wp-json\/wp\/v2\/posts\/6232","targetHints":{"allow":["GET"]}}],"collection":[{"href":"https:\/\/online-filmkatarzis.com\/kucko\/hirek\/wp-json\/wp\/v2\/posts"}],"about":[{"href":"https:\/\/online-filmkatarzis.com\/kucko\/hirek\/wp-json\/wp\/v2\/types\/post"}],"author":[{"embeddable":true,"href":"https:\/\/online-filmkatarzis.com\/kucko\/hirek\/wp-json\/wp\/v2\/users\/1"}],"replies":[{"embeddable":true,"href":"https:\/\/online-filmkatarzis.com\/kucko\/hirek\/wp-json\/wp\/v2\/comments?post=6232"}],"version-history":[{"count":1,"href":"https:\/\/online-filmkatarzis.com\/kucko\/hirek\/wp-json\/wp\/v2\/posts\/6232\/revisions"}],"predecessor-version":[{"id":6234,"href":"https:\/\/online-filmkatarzis.com\/kucko\/hirek\/wp-json\/wp\/v2\/posts\/6232\/revisions\/6234"}],"wp:featuredmedia":[{"embeddable":true,"href":"https:\/\/online-filmkatarzis.com\/kucko\/hirek\/wp-json\/wp\/v2\/media\/6233"}],"wp:attachment":[{"href":"https:\/\/online-filmkatarzis.com\/kucko\/hirek\/wp-json\/wp\/v2\/media?parent=6232"}],"wp:term":[{"taxonomy":"category","embeddable":true,"href":"https:\/\/online-filmkatarzis.com\/kucko\/hirek\/wp-json\/wp\/v2\/categories?post=6232"},{"taxonomy":"post_tag","embeddable":true,"href":"https:\/\/online-filmkatarzis.com\/kucko\/hirek\/wp-json\/wp\/v2\/tags?post=6232"}],"curies":[{"name":"wp","href":"https:\/\/api.w.org\/{rel}","templated":true}]}}