{"id":6247,"date":"2026-01-29T19:01:03","date_gmt":"2026-01-29T18:01:03","guid":{"rendered":"https:\/\/online-filmkatarzis.com\/kucko\/hirek\/?p=6247"},"modified":"2026-01-29T19:01:03","modified_gmt":"2026-01-29T18:01:03","slug":"kitort-a-botrany-oriasi-hiba-a-nagy-o-ben","status":"publish","type":"post","link":"https:\/\/online-filmkatarzis.com\/kucko\/hirek\/kitort-a-botrany-oriasi-hiba-a-nagy-o-ben\/","title":{"rendered":"Kit\u00f6rt a botr\u00e1ny! \u00d3ri\u00e1si hiba a Nagy \u0150-ben!"},"content":{"rendered":"<h3>Amikor a TV2 bejelentette, hogy Stohl Andr\u00e1s lesz A Nagy \u0150 f\u0151szerepl\u0151je, rengetegen \u00e9rtetlen\u00fcl \u00e1lltak a d\u00f6nt\u00e9s el\u0151tt. A p\u00e1rkeres\u0151 reality egy k\u00f6nnyed, show-jelleg\u0171 m\u0171faj, amelyben h\u00fasz n\u0151 verseng a f\u0151szerepl\u0151 kegyei\u00e9rt \u2013 \u00e9s most ezt egy olyan m\u0171v\u00e9sz vezeti, aki kor\u00e1bban eg\u00e9szen m\u00e1s vil\u00e1gban \u00e9p\u00edtette h\u00edrnev\u00e9t.<br \/>\nA k\u00f6z\u00f6ns\u00e9g megosztott: sokan dics\u00e9rik, hogy v0nz\u00f3 \u00e9s tapasztalt f\u00e9rfik\u00e9nt \u00e9rdekes figur\u00e1t hozhat a m\u0171sorba, de j\u00f3val t\u00f6bb kritika \u00e9rkezett arr\u00f3l, hogy Stohl \u201elecser\u00e9li\u201d a komoly szerepeket egy celebshow-ra. A k\u00f6z\u00f6ss\u00e9gi m\u00e9di\u00e1ban egyesek kifejezetten er\u0151s, negat\u00edv reakci\u00f3kat fogalmaztak meg a d\u00f6nt\u00e9s kapcs\u00e1n \u2013 volt, aki azt \u00edrta, nem norm\u00e1lis, hogy elv\u00e1llalta, m\u00e1sok pedig a m\u0171sor hangulat\u00e1t\u00f3l teljesen idegennek \u00e9rzik \u0151t.<br \/>\nEZ KIVERTE A BIZTOS\u00cdT\u00c9KOT! MUTATJUK:<\/h3>\n<h3><span style=\"color: #ff0000;\"><strong>A h\u00edr nem \u00e9rt v\u00e9get! Folytat\u00e1shoz haszn\u00e1ld a K\u00d6VETKEZ\u0150 OLDAL gombot!<\/strong><\/span><\/h3>\n<h3 style=\"text-align: right;\"><a href=\"https:\/\/online-filmkatarzis.com\/kucko\/napiinfok\/?p=6259\" target=\"_blank\" rel=\"noopener\"><span style=\"color: #ff0000;\">&#8212;&gt;&gt; K\u00d6VETKEZ\u0150 OLDAL<\/span><\/a><\/h3>\n<p>A Peugeot 5008 a francia m\u00e1rka nagym\u00e9ret\u0171, tipikusan csal\u00e1di SUV\u2011ja, amely az el\u0151z\u0151 gener\u00e1ci\u00f3khoz hasonl\u00f3an ez\u00fattal is azzal a c\u00e9llal k\u00e9sz\u00fclt, hogy t\u00e1gas, praktikus, j\u00f3l felszerelt h\u00e9t\u00fcl\u00e9ses aut\u00f3t adjon azoknak, akik csal\u00e1di utaz\u00e1sokra vagy h\u00e9tk\u00f6znapi haszn\u00e1latra keresnek nagyobb j\u00e1rm\u0171vet. Az \u00faj 5008 nem gy\u00f6keresen v\u00e1ltozott az el\u0151dj\u00e9hez k\u00e9pest, hanem ink\u00e1bb finom\u00edtott\u00e1k \u00e9s moderniz\u00e1lt\u00e1k a kor\u00e1bbi j\u00f3l bev\u00e1lt alapokon: a formaterv m\u00e9g karakteresebb, az utast\u00e9r pedig st\u00edlusosabb \u00e9s magasabb min\u0151s\u00e9gi \u00e9rzetet ad, mint kor\u00e1bban, mik\u00f6zben t\u00f6bb v\u00e1laszt\u00e1si lehet\u0151s\u00e9get k\u00edn\u00e1l a hajt\u00e1sl\u00e1ncok ter\u00e9n is, bele\u00e9rtve a bels\u0151 \u00e9g\u00e9s\u0171\/hibrid, plug\u2011in hibrid \u00e9s teljesen elektromos v\u00e1ltozatokat.<\/p>\n<p>A k\u00fclseje eleg\u00e1ns \u00e9s letisztult, de nem t\u00fals\u00e1gosan felt\u0171n\u0151: sz\u00e9les, boxy karossz\u00e9ri\u00e1ja m\u00e1r messzir\u0151l mutatja, hogy nem egy kompakt crossovert, hanem egy nagy m\u00e9ret\u0171, csal\u00e1di SUV\u2011t l\u00e1tunk, amely ak\u00e1r h\u00e9t \u00fcl\u00e9ssel is el\u00e9rhet\u0151, \u00e9s amely a kor\u00e1bbi MPV\u2011s gy\u00f6kereket m\u00e1r SUV\u2011st\u00edlusban viszi tov\u00e1bb. A Peugeot formatervez\u0151i ebben a modellben igyekeztek egy modern, harmonikus arculatot adni a 5008\u2011nak, amely a piacon egy\u00e9rtelm\u0171en a t\u00e1gas bels\u0151 t\u00e9rre \u00e9s a csal\u00e1di haszn\u00e1lhat\u00f3s\u00e1gra koncentr\u00e1l.<\/p>\n<p>Az aut\u00f3 hajt\u00e1sl\u00e1nc\u2011v\u00e1laszt\u00e9ka az egyik leger\u0151sebb pontja a 5008\u2011nak, hiszen a v\u00e1laszt\u00e9kban szerepel a hagyom\u00e1nyos hibrid v\u00e1ltozat, a plug\u2011in hibrid \u00e9s \u2013 \u00fajdons\u00e1gk\u00e9nt \u2013 a teljesen elektromos E\u20115008 is, amely elektromos SUV\u2011k\u00e9nt b\u0151v\u00edti a v\u00e1s\u00e1rl\u00f3k lehet\u0151s\u00e9geit. A bel\u00e9p\u0151 hibrid modell 1,2\u2011literes h\u00e1romhengeres turb\u00f3motorral \u00e9s elektromos r\u00e1seg\u00edt\u00e9ssel m\u0171k\u00f6dik, \u00e9s kb. 11,3 m\u00e1sodperc alatt gyorsul 0\u201162\u202fmph\u2011re (0\u2011100\u202fkm\/h), ami csal\u00e1di SUV\u2011t\u00f3l megfelel\u0151 egyens\u00faly a dinamikus halad\u00e1s \u00e9s a gazdas\u00e1goss\u00e1g k\u00f6z\u00f6tt. A plug\u2011in hibrid kombin\u00e1ci\u00f3ja egy nagyobb, 1,6\u2011literes benzines motorral \u00e9s 21\u202fkWh akkumul\u00e1torral ak\u00e1r 8,3\u202fm\u00e1sodpercnyi gyorsul\u00e1st is el\u00e9rhet, mik\u00f6zben tiszt\u00e1n elektromos hat\u00f3t\u00e1vja is ak\u00e1r k\u00f6zel 48 m\u00e9rf\u00f6ld (77\u202fkm) k\u00f6r\u00fcl alakulhat, ami a r\u00f6videbb v\u00e1rosi utakra \u00e9s ing\u00e1z\u00e1sra elegend\u0151 lehet. A teljesen elektromos E\u20115008 viszont m\u00e9g k\u00e9nyelmesebben \u00e9s sim\u00e1bban halad, k\u00fcl\u00f6n\u00f6sen hosszabb, aut\u00f3p\u00e1ly\u00e1s szakaszokon, \u00e9s az alap 73\u202fkWh\u2011s v\u00e1ltozat ak\u00e1r kb. 311 m\u00e9rf\u00f6ld (500\u202fkm) hat\u00f3t\u00e1vot is k\u00edn\u00e1l bizonyos k\u00f6r\u00fclm\u00e9nyek k\u00f6z\u00f6tt \u2013 m\u00edg a nagyobb 97\u202fkWh\u2011s verzi\u00f3 ak\u00e1r 414 m\u00e9rf\u00f6ld k\u00f6r\u00fcli (665\u202fkm) WLTP\u2011s \u00e9rt\u00e9kkel is fel tud l\u00e9pni.<\/p>\n","protected":false},"excerpt":{"rendered":"<p>Amikor a TV2 bejelentette, hogy Stohl Andr\u00e1s lesz A Nagy \u0150 f\u0151szerepl\u0151je, rengetegen \u00e9rtetlen\u00fcl \u00e1lltak a d\u00f6nt\u00e9s el\u0151tt. A p\u00e1rkeres\u0151&#8230; <span class=\"gridview-grid-post-read-more\"><a href=\"https:\/\/online-filmkatarzis.com\/kucko\/hirek\/kitort-a-botrany-oriasi-hiba-a-nagy-o-ben\/\">read more<span class=\"gridview-sr-only\"> Kit\u00f6rt a botr\u00e1ny! \u00d3ri\u00e1si hiba a Nagy \u0150-ben!<\/span><\/a><\/span><\/p>\n","protected":false},"author":1,"featured_media":6251,"comment_status":"open","ping_status":"open","sticky":false,"template":"","format":"standard","meta":{"footnotes":""},"categories":[1],"tags":[],"class_list":["post-6247","post","type-post","status-publish","format-standard","has-post-thumbnail","hentry","category-egyeb","wpcat-1-id"],"_links":{"self":[{"href":"https:\/\/online-filmkatarzis.com\/kucko\/hirek\/wp-json\/wp\/v2\/posts\/6247","targetHints":{"allow":["GET"]}}],"collection":[{"href":"https:\/\/online-filmkatarzis.com\/kucko\/hirek\/wp-json\/wp\/v2\/posts"}],"about":[{"href":"https:\/\/online-filmkatarzis.com\/kucko\/hirek\/wp-json\/wp\/v2\/types\/post"}],"author":[{"embeddable":true,"href":"https:\/\/online-filmkatarzis.com\/kucko\/hirek\/wp-json\/wp\/v2\/users\/1"}],"replies":[{"embeddable":true,"href":"https:\/\/online-filmkatarzis.com\/kucko\/hirek\/wp-json\/wp\/v2\/comments?post=6247"}],"version-history":[{"count":1,"href":"https:\/\/online-filmkatarzis.com\/kucko\/hirek\/wp-json\/wp\/v2\/posts\/6247\/revisions"}],"predecessor-version":[{"id":6252,"href":"https:\/\/online-filmkatarzis.com\/kucko\/hirek\/wp-json\/wp\/v2\/posts\/6247\/revisions\/6252"}],"wp:featuredmedia":[{"embeddable":true,"href":"https:\/\/online-filmkatarzis.com\/kucko\/hirek\/wp-json\/wp\/v2\/media\/6251"}],"wp:attachment":[{"href":"https:\/\/online-filmkatarzis.com\/kucko\/hirek\/wp-json\/wp\/v2\/media?parent=6247"}],"wp:term":[{"taxonomy":"category","embeddable":true,"href":"https:\/\/online-filmkatarzis.com\/kucko\/hirek\/wp-json\/wp\/v2\/categories?post=6247"},{"taxonomy":"post_tag","embeddable":true,"href":"https:\/\/online-filmkatarzis.com\/kucko\/hirek\/wp-json\/wp\/v2\/tags?post=6247"}],"curies":[{"name":"wp","href":"https:\/\/api.w.org\/{rel}","templated":true}]}}