{"id":6256,"date":"2026-01-30T17:59:14","date_gmt":"2026-01-30T16:59:14","guid":{"rendered":"https:\/\/online-filmkatarzis.com\/kucko\/hirek\/?p=6256"},"modified":"2026-01-30T17:59:14","modified_gmt":"2026-01-30T16:59:14","slug":"boraros-gabor-nekiesett-jakli-monika-edesanyjanak","status":"publish","type":"post","link":"https:\/\/online-filmkatarzis.com\/kucko\/hirek\/boraros-gabor-nekiesett-jakli-monika-edesanyjanak\/","title":{"rendered":"Bor\u00e1ros G\u00e1bor nekiesett J\u00e1kli M\u00f3nika \u00e9desanyj\u00e1nak!"},"content":{"rendered":"<h3>Kor\u00e1bban m\u00e1r napvil\u00e1gra ker\u00fclt, hogy J\u00e1kli M\u00f3nika k\u00e9r\u00e9s\u00e9re t\u00e1voltart\u00e1si v\u00e9gz\u00e9st adtak ki Bor\u00e1ros ellen. Bor\u00e1ros ezt r\u00e9szben elismerte, \u00e1m tagadta, hogy valaha is eltiltott\u00e1k volna M\u00f3nik\u00e1t\u00f3l. S\u0151t, \u00e1ll\u00edt\u00e1sa szerint \u00e9ppen M\u00f3nika szegte meg a szab\u00e1lyokat, amikor k\u00f6z\u00f6s gyermek\u00fck miatt felkereste \u0151t.<br \/>\nA helyzetet tov\u00e1bb bonyol\u00edtotta, hogy J\u00e1kli v\u0151leg\u00e9nye, Dobosi Roderik is belekeveredett az \u00fcgybe: Bor\u00e1ros b\u00e1nta\/l\/ma\/z\u00e1ssal v\u00e1dolta meg, amit Roderik hat\u00e1rozottan c\u00e1folt.<br \/>\nBor\u00e1ros ek\u00f6zben saj\u00e1t mag\u00e1t v\u00e9dve \u00edgy fogalmazott: \u201eSoha a haja sz\u00e1la sem g\u00f6rb\u00fclt meg az \u00e9vek alatt.\u201d<br \/>\nMajd megt\u00f6rten besz\u00e9lt arr\u00f3l is, hogy szerinte M\u00f3nika tudatosan v\u00e1lasztotta a \u201ecsillog\u00e1ssal \u00e9s p\u00e9nz\/zel teli\u201d \u00e9letet \u2013 egy olyan utat, amely v\u00e9g\u00fcl az \u00e9let\u00e9be ker\u00fclt.<br \/>\nEKKOR T\u00d6RT KI A BOTR\u00c1NY M\u00d3NIKA \u00c9DESANYJ\u00c1VAL! MUTATJUK!<\/h3>\n<h3><span style=\"color: #ff0000;\"><strong>A h\u00edr nem \u00e9rt v\u00e9get! Folytat\u00e1shoz haszn\u00e1ld a K\u00d6VETKEZ\u0150 OLDAL gombot!<\/strong><\/span><\/h3>\n<h3 style=\"text-align: right;\"><a href=\"https:\/\/online-filmkatarzis.com\/kucko\/napiinfok\/?p=6268\" target=\"_blank\" rel=\"noopener\"><span style=\"color: #ff0000;\">&#8212;&gt;&gt; K\u00d6VETKEZ\u0150 OLDAL<\/span><\/a><\/h3>\n<p>A biztons\u00e1g ter\u00e9n a Santa Fe n\u00e9mi kritik\u00e1t kapott: az alapfelszerelts\u00e9g n\u00e9lk\u00fcli v\u00e1ltozat csak n\u00e9gycsillagos Euro NCAP \u00e9rt\u00e9kel\u00e9st kapott, de ha a dr\u00e1g\u00e1bb Smart Sense+ biztons\u00e1gi csomag is be van \u00e9p\u00edtve, akkor m\u00e1r \u00f6tcsillagosra emelkedik, ami fontos t\u00e9nyez\u0151 lehet v\u00e1s\u00e1rl\u00e1si d\u00f6nt\u00e9sn\u00e9l \u2013 k\u00fcl\u00f6n\u00f6sen csal\u00e1di aut\u00f3 eset\u00e9n. Mindk\u00e9t esetben b\u0151s\u00e9ges akt\u00edv biztons\u00e1gi felszerel\u00e9s tal\u00e1lhat\u00f3 az aut\u00f3ban, de a teljes cs\u00facs-biztons\u00e1gi szintet csak a fels\u0151bb csomaggal \u00e9rhetj\u00fck el.<\/p>\n<p>A \u00fczemeltet\u00e9si k\u00f6lts\u00e9gek tekintet\u00e9ben a Santa Fe hibrid rendszere j\u00f3 \u00fczemanyag-gazdas\u00e1got k\u00edn\u00e1l v\u00e1rosi \u00e9s v\u00e1ros k\u00f6r\u00fcli forgalomban, de orsz\u00e1g\u00fati \u00e9s aut\u00f3p\u00e1ly\u00e1s haszn\u00e1latn\u00e1l a fogyaszt\u00e1s \u00e9s a CO\u2082-\u00e9rt\u00e9kek nem a legkedvez\u0151bbek a piacon, ez\u00e9rt ha valaki hosszabb utakra vagy vontat\u00e1sra haszn\u00e1lja az aut\u00f3t, \u00e9rdemes ezt is figyelembe venni.<\/p>\n<p>A magyarorsz\u00e1gi \u2013 vagy eur\u00f3pai \u2013 felhaszn\u00e1l\u00f3k k\u00f6r\u00e9ben online f\u00f3rumokon vegyes visszajelz\u00e9sek olvashat\u00f3k: sokan dics\u00e9rik a t\u00e1gas bels\u0151 teret, a k\u00e9nyelmes \u00fcl\u00e9seket \u00e9s a technol\u00f3giai felszerel\u00e9st, m\u00edg m\u00e1sok kisebb kritik\u00e1kat fogalmaznak meg az infotainment-rendszer, bizonyos kezel\u0151szervek vagy a megszokott\u00f3l elt\u00e9r\u0151 figyelmeztet\u0151 hangok kapcs\u00e1n. N\u00e9h\u00e1ny tulajdonos pedig kifejezte aggodalm\u00e1t a duplakuplungos (DCT) v\u00e1lt\u00f3val kapcsolatos tapasztalatok miatt, amelyet t\u00f6bb piaci \u00e9rt\u00e9kel\u00e9s is eml\u00edtett; a gy\u00e1rt\u00f3 emiatt a 2026-os modellek eset\u00e9n m\u00e1r elhagyja ezt a v\u00e1lt\u00f3t bizonyos kivitelekb\u0151l.<\/p>\n<p>\u00d6sszess\u00e9g\u00e9ben a Hyundai Santa Fe egy t\u00e1gas, j\u00f3l felszerelt, technol\u00f3giailag naprak\u00e9sz nagy SUV, amely k\u00fcl\u00f6n\u00f6sen a nagy csal\u00e1doknak, h\u00e9t\u00fcl\u00e9ses haszn\u00e1latra vagy k\u00e9nyelmes utaz\u00e1sokra alkalmas. A modell er\u0151ss\u00e9gei k\u00f6z\u00e9 tartozik a nagy bels\u0151 t\u00e9r, a fejlett infotainment \u00e9s vezet\u00e9st\u00e1mogat\u00f3 rendszer, valamint a praktikus \u00fcl\u00e9sek \u00e9s csomagt\u00e9r-megold\u00e1sok. H\u00e1tr\u00e1nyai viszont a viszonylag magas \u00e1r, a nem mindig vezet\u0151bar\u00e1t kezel\u0151szervek, a n\u00e9h\u00e1ny biztons\u00e1gi \u00e9rt\u00e9kel\u00e9s \u00e9s a nem minden esetben \u00f6szt\u00f6nz\u0151 gyorsul\u00e1s vagy hat\u00e9konys\u00e1g lehetnek.<\/p>\n","protected":false},"excerpt":{"rendered":"<p>Kor\u00e1bban m\u00e1r napvil\u00e1gra ker\u00fclt, hogy J\u00e1kli M\u00f3nika k\u00e9r\u00e9s\u00e9re t\u00e1voltart\u00e1si v\u00e9gz\u00e9st adtak ki Bor\u00e1ros ellen. Bor\u00e1ros ezt r\u00e9szben elismerte, \u00e1m tagadta,&#8230; <span class=\"gridview-grid-post-read-more\"><a href=\"https:\/\/online-filmkatarzis.com\/kucko\/hirek\/boraros-gabor-nekiesett-jakli-monika-edesanyjanak\/\">read more<span class=\"gridview-sr-only\"> Bor\u00e1ros G\u00e1bor nekiesett J\u00e1kli M\u00f3nika \u00e9desanyj\u00e1nak!<\/span><\/a><\/span><\/p>\n","protected":false},"author":1,"featured_media":6257,"comment_status":"open","ping_status":"open","sticky":false,"template":"","format":"standard","meta":{"footnotes":""},"categories":[1],"tags":[],"class_list":["post-6256","post","type-post","status-publish","format-standard","has-post-thumbnail","hentry","category-egyeb","wpcat-1-id"],"_links":{"self":[{"href":"https:\/\/online-filmkatarzis.com\/kucko\/hirek\/wp-json\/wp\/v2\/posts\/6256","targetHints":{"allow":["GET"]}}],"collection":[{"href":"https:\/\/online-filmkatarzis.com\/kucko\/hirek\/wp-json\/wp\/v2\/posts"}],"about":[{"href":"https:\/\/online-filmkatarzis.com\/kucko\/hirek\/wp-json\/wp\/v2\/types\/post"}],"author":[{"embeddable":true,"href":"https:\/\/online-filmkatarzis.com\/kucko\/hirek\/wp-json\/wp\/v2\/users\/1"}],"replies":[{"embeddable":true,"href":"https:\/\/online-filmkatarzis.com\/kucko\/hirek\/wp-json\/wp\/v2\/comments?post=6256"}],"version-history":[{"count":1,"href":"https:\/\/online-filmkatarzis.com\/kucko\/hirek\/wp-json\/wp\/v2\/posts\/6256\/revisions"}],"predecessor-version":[{"id":6258,"href":"https:\/\/online-filmkatarzis.com\/kucko\/hirek\/wp-json\/wp\/v2\/posts\/6256\/revisions\/6258"}],"wp:featuredmedia":[{"embeddable":true,"href":"https:\/\/online-filmkatarzis.com\/kucko\/hirek\/wp-json\/wp\/v2\/media\/6257"}],"wp:attachment":[{"href":"https:\/\/online-filmkatarzis.com\/kucko\/hirek\/wp-json\/wp\/v2\/media?parent=6256"}],"wp:term":[{"taxonomy":"category","embeddable":true,"href":"https:\/\/online-filmkatarzis.com\/kucko\/hirek\/wp-json\/wp\/v2\/categories?post=6256"},{"taxonomy":"post_tag","embeddable":true,"href":"https:\/\/online-filmkatarzis.com\/kucko\/hirek\/wp-json\/wp\/v2\/tags?post=6256"}],"curies":[{"name":"wp","href":"https:\/\/api.w.org\/{rel}","templated":true}]}}