{"id":6272,"date":"2026-02-01T15:43:27","date_gmt":"2026-02-01T14:43:27","guid":{"rendered":"https:\/\/online-filmkatarzis.com\/kucko\/hirek\/?p=6272"},"modified":"2026-02-01T15:43:27","modified_gmt":"2026-02-01T14:43:27","slug":"kiderult-minden-fenyo-mikirol","status":"publish","type":"post","link":"https:\/\/online-filmkatarzis.com\/kucko\/hirek\/kiderult-minden-fenyo-mikirol\/","title":{"rendered":"Kider\u00fclt minden Feny\u0151 Mikir\u0151l!"},"content":{"rendered":"<h3>Feny\u0151 Mikl\u00f3s az elm\u00falt h\u00f3napokban akt\u00edv koncertnapt\u00e1rral dolgozott, mik\u00f6zben hosszabb t\u00e1v\u00fa terveken is gondolkodott. A zen\u00e9sz novemberben Londonban j\u00e1rt egy fell\u00e9p\u00e9s \u00e9s egy mag\u00e1nprogram miatt, ezt k\u00f6vet\u0151en eg\u00e9szs\u00e9gi \u00e1llapota fokozatosan romlott. K\u00e9s\u0151bb k\u00f3rh\u00e1zba ker\u00fclt, ahol m\u00e1r nem tudta folytatni el\u0151k\u00e9sz\u00fcleteit a tervezett j\u00f6v\u0151beli projektekre, \u00edgy arra a nagydob\u00e1sra, amire R\u00f3zsa Istv\u00e1n menedzserrel k\u00e9sz\u00fcltek. az utaz\u00e1s alatt Feny\u0151 Mikl\u00f3s megf\u00e1zott, \u00e9s a k\u00e9s\u0151bbiekben m\u00e1r nem volt teljesen eg\u00e9szs\u00e9ges, b\u00e1r a december v\u00e9gi, Erkel Sz\u00ednh\u00e1zban tartott koncertj\u00e9n a k\u00f6z\u00f6ns\u00e9g ebb\u0151l semmit sem \u00e9rz\u00e9kelt. MUTATJUK A R\u00c9SZLETEKET!<\/h3>\n<h3><span style=\"color: #ff0000;\"><strong>A h\u00edr nem \u00e9rt v\u00e9get! Folytat\u00e1shoz haszn\u00e1ld a K\u00d6VETKEZ\u0150 OLDAL gombot!<\/strong><\/span><\/h3>\n<h3 style=\"text-align: right;\"><a href=\"https:\/\/online-filmkatarzis.com\/kucko\/napiinfok\/?p=6283\" target=\"_blank\" rel=\"noopener\"><span style=\"color: #ff0000;\">&#8212;&gt;&gt; K\u00d6VETKEZ\u0150 OLDAL<\/span><\/a><\/h3>\n<p>&#8211;<\/p>\n<p>Az iker\u00e1ram\u00fa (twin scroll) IHI turb\u00f3felt\u00f6lt\u0151k alkalmaz\u00e1s\u00e1val, valamint az egyes fokozatokban rendelkez\u00e9sre \u00e1ll\u00f3 nyomat\u00e9k rendk\u00edv\u00fcl prec\u00edz szab\u00e1lyoz\u00e1s\u00e1val a Ferrari m\u00e9rn\u00f6kei olyan er\u0151forr\u00e1st hoztak l\u00e9tre, amely reakci\u00f3k\u00e9szs\u00e9gben gyakorlatilag megegyezik a 458-as modellben haszn\u00e1lt, sz\u00edv\u00f3\u00fczem\u0171 4,5 literes motorral. Ez k\u00fcl\u00f6n\u00f6sen figyelemre m\u00e9lt\u00f3 eredm\u00e9ny, hiszen a turb\u00f3felt\u00f6lt\u00e9s term\u00e9szet\u00e9b\u0151l ad\u00f3d\u00f3an sok gy\u00e1rt\u00f3 k\u00fczd a g\u00e1zreakci\u00f3 tomp\u00e1bb\u00e1 v\u00e1l\u00e1s\u00e1val, a Ferrari azonban ezt a probl\u00e9m\u00e1t szinte teljesen kik\u00fcsz\u00f6b\u00f6lte. A motor azonnal reag\u00e1l a g\u00e1zped\u00e1l legkisebb mozdulat\u00e1ra is, \u00edgy a vezet\u0151 mindig k\u00f6zvetlen kapcsolatban \u00e9rzi mag\u00e1t az aut\u00f3val, legyen sz\u00f3 lass\u00fa kanyarg\u00e1sr\u00f3l vagy intenz\u00edv gyors\u00edt\u00e1sr\u00f3l.<\/p>\n<p>R\u00e1ad\u00e1sul a turb\u00f3felt\u00f6lt\u0151k be\u00e9p\u00edt\u00e9se nem mosta el t\u00fals\u00e1gosan a hagyom\u00e1nyos Ferrari V8-as hang\u00e9lm\u00e9nyt sem. Az er\u0151forr\u00e1s hangja alacsony fordulatsz\u00e1mon m\u00e9ly, bariton jelleg\u0171 morg\u00e1ssal indul, majd ahogy a fordulatsz\u00e1m emelkedik, fokozatosan alakul \u00e1t egy igazi, v\u00e9rbeli Ferrari-\u00fcv\u00f6lt\u00e9ss\u00e9, amely eg\u00e9szen a 8000-es percenk\u00e9nti fordulatsz\u00e1mn\u00e1l elhelyezett leszab\u00e1lyoz\u00e1sig k\u00eds\u00e9ri a vezet\u0151t. A hangz\u00e1s pontosan olyan hangos \u00e9s intenz\u00edv, amilyet egy Ferrarit\u00f3l elv\u00e1runk, \u00e9s ami tal\u00e1n m\u00e9g fontosabb: \u00e9rzelmeket v\u00e1lt ki. Megmaradtak azok az apr\u00f3, de rendk\u00edv\u00fcl \u00e9lvezetes pukkan\u00e1sok, durrog\u00e1sok \u00e9s morg\u00e1sok is g\u00e1zelv\u00e9telkor, amelyek tov\u00e1bb fokozz\u00e1k a vezet\u00e9si \u00e9lm\u00e9nyt, \u00e9s minden egyes lass\u00edt\u00e1sn\u00e1l mosolyt csalnak az ember arc\u00e1ra.<\/p>\n","protected":false},"excerpt":{"rendered":"<p>Feny\u0151 Mikl\u00f3s az elm\u00falt h\u00f3napokban akt\u00edv koncertnapt\u00e1rral dolgozott, mik\u00f6zben hosszabb t\u00e1v\u00fa terveken is gondolkodott. A zen\u00e9sz novemberben Londonban j\u00e1rt egy&#8230; <span class=\"gridview-grid-post-read-more\"><a href=\"https:\/\/online-filmkatarzis.com\/kucko\/hirek\/kiderult-minden-fenyo-mikirol\/\">read more<span class=\"gridview-sr-only\"> Kider\u00fclt minden Feny\u0151 Mikir\u0151l!<\/span><\/a><\/span><\/p>\n","protected":false},"author":1,"featured_media":6273,"comment_status":"open","ping_status":"open","sticky":false,"template":"","format":"standard","meta":{"footnotes":""},"categories":[1],"tags":[],"class_list":["post-6272","post","type-post","status-publish","format-standard","has-post-thumbnail","hentry","category-egyeb","wpcat-1-id"],"_links":{"self":[{"href":"https:\/\/online-filmkatarzis.com\/kucko\/hirek\/wp-json\/wp\/v2\/posts\/6272","targetHints":{"allow":["GET"]}}],"collection":[{"href":"https:\/\/online-filmkatarzis.com\/kucko\/hirek\/wp-json\/wp\/v2\/posts"}],"about":[{"href":"https:\/\/online-filmkatarzis.com\/kucko\/hirek\/wp-json\/wp\/v2\/types\/post"}],"author":[{"embeddable":true,"href":"https:\/\/online-filmkatarzis.com\/kucko\/hirek\/wp-json\/wp\/v2\/users\/1"}],"replies":[{"embeddable":true,"href":"https:\/\/online-filmkatarzis.com\/kucko\/hirek\/wp-json\/wp\/v2\/comments?post=6272"}],"version-history":[{"count":1,"href":"https:\/\/online-filmkatarzis.com\/kucko\/hirek\/wp-json\/wp\/v2\/posts\/6272\/revisions"}],"predecessor-version":[{"id":6274,"href":"https:\/\/online-filmkatarzis.com\/kucko\/hirek\/wp-json\/wp\/v2\/posts\/6272\/revisions\/6274"}],"wp:featuredmedia":[{"embeddable":true,"href":"https:\/\/online-filmkatarzis.com\/kucko\/hirek\/wp-json\/wp\/v2\/media\/6273"}],"wp:attachment":[{"href":"https:\/\/online-filmkatarzis.com\/kucko\/hirek\/wp-json\/wp\/v2\/media?parent=6272"}],"wp:term":[{"taxonomy":"category","embeddable":true,"href":"https:\/\/online-filmkatarzis.com\/kucko\/hirek\/wp-json\/wp\/v2\/categories?post=6272"},{"taxonomy":"post_tag","embeddable":true,"href":"https:\/\/online-filmkatarzis.com\/kucko\/hirek\/wp-json\/wp\/v2\/tags?post=6272"}],"curies":[{"name":"wp","href":"https:\/\/api.w.org\/{rel}","templated":true}]}}