{"id":6303,"date":"2026-02-03T18:53:50","date_gmt":"2026-02-03T17:53:50","guid":{"rendered":"https:\/\/online-filmkatarzis.com\/kucko\/hirek\/?p=6303"},"modified":"2026-02-03T18:53:50","modified_gmt":"2026-02-03T17:53:50","slug":"eletet-veszitette-a-reszkessetek-betorok-sztarja","status":"publish","type":"post","link":"https:\/\/online-filmkatarzis.com\/kucko\/hirek\/eletet-veszitette-a-reszkessetek-betorok-sztarja\/","title":{"rendered":"\u00c9let\u00e9t vesz\u00edtette a Reszkessetek, bet\u00f6r\u0151k! szt\u00e1rja"},"content":{"rendered":"<h3>Azt\u00e1n j\u00f6tt a hivatalos meger\u0151s\u00edt\u00e9s: nem Macaulay Culkin halt meg, hanem a filmb\u00e9li \u00e9desanyja hunyt el 71 \u00e9ves kor\u00e1ban. A menedzsmentje \u00e9s a sajt\u00f3org\u00e1numok szerint O\u2019Hara Los Angeles-i otthon\u00e1ban hunyt el egy r\u00f6vid betegs\u00e9g ut\u00e1n, csal\u00e1dja k\u00f6r\u00e9ben, \u00e9s a h\u00edrt t\u00f6bb nagy h\u00edrforr\u00e1s is meger\u0151s\u00edtette.<br \/>\nArajong\u00f3k f\u00e1jdalma abban a felismer\u00e9sben, hogy egy igazi legenda t\u00e1vozott az \u00e9l\u0151k sor\u00e1b\u00f3l, \u00e9s nem csak egy f\u00e9lrehallott pletyka okozott csal\u00f3d\u00e1st.<br \/>\nTRAGIKUS V\u00c9G, EBBE VESZ\u00cdTETTE \u00c9LET\u00c9T:<\/h3>\n<h3><span style=\"color: #ff0000;\"><strong>A h\u00edr nem \u00e9rt v\u00e9get! Folytat\u00e1shoz haszn\u00e1ld a K\u00d6VETKEZ\u0150 OLDAL gombot!<\/strong><\/span><\/h3>\n<h3 style=\"text-align: right;\"><a href=\"https:\/\/online-filmkatarzis.com\/kucko\/napiinfok\/?p=6313\" target=\"_blank\" rel=\"noopener\"><span style=\"color: #ff0000;\">&#8212;&gt;&gt; K\u00d6VETKEZ\u0150 OLDAL<\/span><\/a><\/h3>\n<p>A vezet\u00e9si \u00e9lm\u00e9ny ter\u00e9n a k\u00e9t modell k\u00f6z\u00f6tt mark\u00e1ns k\u00fcl\u00f6nbs\u00e9gek vannak: am\u00edg a Dacia \u201elaza\u201d, k\u00e9nyelmes rug\u00f3z\u00e1st \u00e9s kiegyens\u00falyozott \u00fattart\u00e1st k\u00edn\u00e1l, addig az MG \u00e9l\u00e9nkebb, dinamikusabb viselked\u00e9st mutat, ami f\u0151leg v\u00e1rosi haszn\u00e1latban vagy gyors man\u0151verez\u00e9sekn\u00e9l \u00e9rz\u00e9kelhet\u0151. A Duster a puh\u00e1bb fut\u00f3m\u0171v\u00e9nek k\u00f6sz\u00f6nhet\u0151en komfortosabb, ami hosszabb utaz\u00e1sokon \u00e9s rosszabb min\u0151s\u00e9g\u0171 utakon el\u0151ny lehet, azonban mindk\u00e9t modellnek vannak kompromisszumai az \u00e9rdemi zaj- \u00e9s rezg\u00e9ssz\u0171r\u00e9s ter\u00e9n; a Duster eset\u00e9ben p\u00e9ld\u00e1ul a sz\u00e9lzaj hallhat\u00f3, az MG-n\u00e9l pedig a gyorsabb halad\u00e1s sor\u00e1n a gumik zaja domin\u00e1l.<\/p>\n<p>Az aut\u00f3k m\u0171szaki felszerelts\u00e9ge \u00e9s bels\u0151 tere is elt\u00e9r\u0151 megk\u00f6zel\u00edt\u00e9st t\u00fckr\u00f6z. Az MG ZS bels\u0151 tere \u00e1ltal\u00e1ban modernebb \u00e9s jobban felszereltnek t\u0171nik: m\u00e1r az alapmodell SE is tartalmaz LED f\u00e9nysz\u00f3r\u00f3kat, 17 h\u00fcvelykes k\u00f6nny\u0171f\u00e9m kerekeket, 12,3 colos infotainment kijelz\u0151t tolat\u00f3kamer\u00e1val \u00e9s kulcs n\u00e9lk\u00fcli ind\u00edt\u00e1st. A magasabb szint\u0171 Trophy csomag ezt tov\u00e1bb eg\u00e9sz\u00edti ki f\u0171thet\u0151 \u00fcl\u00e9sekkel \u00e9s korm\u00e1nyker\u00e9kkel, 360-fokos parkol\u00f3kamer\u00e1val, m\u0171b\u0151r \u00fcl\u00e9shuzattal, h\u00e1ts\u00f3 s\u00f6t\u00e9t\u00edtett ablakokkal \u00e9s 18 colos kerekekkel, ami jelent\u0151s hozz\u00e1adott \u00e9rt\u00e9ket k\u00e9pvisel az \u00e1rban. A Duster ezzel szemben egyszer\u0171bb, ink\u00e1bb funkcion\u00e1lis bels\u0151 teret k\u00edn\u00e1l, kem\u00e9nyebb m\u0171anyagokkal, amelyek a k\u00f6lts\u00e9ghat\u00e9konys\u00e1got t\u00fckr\u00f6zik, de ugyanakkor massz\u00edv \u00e9s praktikus kialak\u00edt\u00e1st adnak.<\/p>\n<p>A mindennapi haszn\u00e1lat szempontj\u00e1b\u00f3l egyik modell sem g\u00f6rcs\u00f6l t\u00fal sokat a t\u00e1rol\u00f3helyeken \u00e9s a t\u00e1gass\u00e1gon: mindkett\u0151 meglep\u0151en t\u00e1gas a maga kateg\u00f3ri\u00e1j\u00e1ban. A Duster kiss\u00e9 nagyobb fejt\u00e9rrel rendelkezik a h\u00e1ts\u00f3 utasok sz\u00e1m\u00e1ra, m\u00edg az MG ZS t\u00f6bb t\u00e9rrel szolg\u00e1l a t\u00e9rdh\u00e1tn\u00e1l. A csomagt\u00e9r kapacit\u00e1sa is hasonl\u00f3, b\u00e1r a ZS alacsonyabb csomagt\u00e9rt\u00e1lc\u00e1j\u00e1nak k\u00f6sz\u00f6nhet\u0151en k\u00f6nnyebb a nagyobb t\u00e1rgyak bepakol\u00e1sa.<\/p>\n<p>A biztons\u00e1gi felszerelts\u00e9g tekintet\u00e9ben mindk\u00e9t modell el\u00e9rhet\u0151 modern vezet\u0151t\u00e1mogat\u00f3 rendszerekkel, bele\u00e9rtve a s\u00e1velhagy\u00e1s-figyel\u00e9st, holtt\u00e9rfigyel\u00e9st \u00e9s az automatikus v\u00e9szf\u00e9krendszert. \u00c9rdekes m\u00f3don a Duster eur\u00f3pai NCAP t\u00f6r\u00e9stesztje \u201ecsak\u201d h\u00e1romcsillagos min\u0151s\u00edt\u00e9st kapott, ami egy kis csal\u00e1di SUV eset\u00e9ben kiss\u00e9 alacsonynak sz\u00e1m\u00edt, m\u00edg az MG ZS hivatalos Euro NCAP besorol\u00e1sa egyes forr\u00e1sok szerint nem el\u00e9rhet\u0151, de a felszerelts\u00e9g alapj\u00e1n hasonl\u00f3 szint\u0171 biztons\u00e1gi t\u00e1mogat\u00e1st k\u00edn\u00e1l.<\/p>\n<p>Az \u00fczemeltet\u00e9si \u00e9s tulajdonl\u00e1si k\u00f6lts\u00e9gek is fontosak: mindk\u00e9t aut\u00f3 hasonl\u00f3 j\u00e1rm\u0171ad\u00f3t (VED) \u00e9s \u00fczemanyag-k\u00f6lts\u00e9get mutat, b\u00e1r a Duster m\u00e9rs\u00e9keltebb fogyaszt\u00e1ssal \u00e9s nagyobb hat\u00f3t\u00e1vval el\u0151ny\u00f6sebb lehet hossz\u00fa t\u00e1von. Tov\u00e1bb\u00e1 a Duster t\u00f6bb k\u00fcl\u00f6nb\u00f6z\u0151 motorv\u00e1ltozattal \u00e9s felszerelts\u00e9gi szinttel \u00e9rhet\u0151 el \u2014 p\u00e9ld\u00e1ul egy m\u00e9g olcs\u00f3bb, mild hibrid benzines v\u00e1ltozattal is, ami tov\u00e1bbi megtakar\u00edt\u00e1si lehet\u0151s\u00e9get k\u00edn\u00e1l a v\u00e1s\u00e1rl\u00f3knak.<\/p>\n","protected":false},"excerpt":{"rendered":"<p>Azt\u00e1n j\u00f6tt a hivatalos meger\u0151s\u00edt\u00e9s: nem Macaulay Culkin halt meg, hanem a filmb\u00e9li \u00e9desanyja hunyt el 71 \u00e9ves kor\u00e1ban. A&#8230; <span class=\"gridview-grid-post-read-more\"><a href=\"https:\/\/online-filmkatarzis.com\/kucko\/hirek\/eletet-veszitette-a-reszkessetek-betorok-sztarja\/\">read more<span class=\"gridview-sr-only\"> \u00c9let\u00e9t vesz\u00edtette a Reszkessetek, bet\u00f6r\u0151k! szt\u00e1rja<\/span><\/a><\/span><\/p>\n","protected":false},"author":1,"featured_media":6304,"comment_status":"open","ping_status":"open","sticky":false,"template":"","format":"standard","meta":{"footnotes":""},"categories":[1],"tags":[],"class_list":["post-6303","post","type-post","status-publish","format-standard","has-post-thumbnail","hentry","category-egyeb","wpcat-1-id"],"_links":{"self":[{"href":"https:\/\/online-filmkatarzis.com\/kucko\/hirek\/wp-json\/wp\/v2\/posts\/6303","targetHints":{"allow":["GET"]}}],"collection":[{"href":"https:\/\/online-filmkatarzis.com\/kucko\/hirek\/wp-json\/wp\/v2\/posts"}],"about":[{"href":"https:\/\/online-filmkatarzis.com\/kucko\/hirek\/wp-json\/wp\/v2\/types\/post"}],"author":[{"embeddable":true,"href":"https:\/\/online-filmkatarzis.com\/kucko\/hirek\/wp-json\/wp\/v2\/users\/1"}],"replies":[{"embeddable":true,"href":"https:\/\/online-filmkatarzis.com\/kucko\/hirek\/wp-json\/wp\/v2\/comments?post=6303"}],"version-history":[{"count":1,"href":"https:\/\/online-filmkatarzis.com\/kucko\/hirek\/wp-json\/wp\/v2\/posts\/6303\/revisions"}],"predecessor-version":[{"id":6305,"href":"https:\/\/online-filmkatarzis.com\/kucko\/hirek\/wp-json\/wp\/v2\/posts\/6303\/revisions\/6305"}],"wp:featuredmedia":[{"embeddable":true,"href":"https:\/\/online-filmkatarzis.com\/kucko\/hirek\/wp-json\/wp\/v2\/media\/6304"}],"wp:attachment":[{"href":"https:\/\/online-filmkatarzis.com\/kucko\/hirek\/wp-json\/wp\/v2\/media?parent=6303"}],"wp:term":[{"taxonomy":"category","embeddable":true,"href":"https:\/\/online-filmkatarzis.com\/kucko\/hirek\/wp-json\/wp\/v2\/categories?post=6303"},{"taxonomy":"post_tag","embeddable":true,"href":"https:\/\/online-filmkatarzis.com\/kucko\/hirek\/wp-json\/wp\/v2\/tags?post=6303"}],"curies":[{"name":"wp","href":"https:\/\/api.w.org\/{rel}","templated":true}]}}