{"id":6321,"date":"2026-02-04T16:06:18","date_gmt":"2026-02-04T15:06:18","guid":{"rendered":"https:\/\/online-filmkatarzis.com\/kucko\/hirek\/?p=6321"},"modified":"2026-02-04T16:06:18","modified_gmt":"2026-02-04T15:06:18","slug":"fenyo-miklos-halala-elott-titokban-meghazasodott","status":"publish","type":"post","link":"https:\/\/online-filmkatarzis.com\/kucko\/hirek\/fenyo-miklos-halala-elott-titokban-meghazasodott\/","title":{"rendered":"Feny\u0151 Mikl\u00f3s hal\u00e1la el\u0151tt titokban megh\u00e1zasodott!"},"content":{"rendered":"<h3>Feny\u0151 Mikl\u00f3s mindig is a zen\u00e9r\u0151l sz\u00f3lt. Mik\u00f6zben a sz\u00ednpadon energi\u00e1t\u00f3l izzott, a mag\u00e1n\u00e9let\u00e9t vasfegyelemmel \u00f3vta. Egyetlen n\u0151 volt, akit ny\u00edltan v\u00e1llalt: \u00c1gnes Veronika, akivel k\u00f6zel \u00f6tven \u00e9ven \u00e1t \u00e9ltek m\u00e9ly, szeretettel teli kapcsolatban.<br \/>\nSzinte gyermekk\u00e9nt tal\u00e1ltak egym\u00e1sra: Mikl\u00f3s 16, Veronika mind\u00f6ssze 12 \u00e9ves volt. K\u00f6z\u00f6s \u00e9let\u00fckb\u0151l k\u00e9t gyermek sz\u00fcletett, Di\u00e1na \u00e9s D\u00e1vid, majd k\u00e9s\u0151bb az unok\u00e1k is berobbantak az \u00e9let\u00fckbe. Az idill azonban tragikusan t\u00f6rt meg: Veronika 2013-ban elhunyt, alig egy \u00e9vvel az aranylakodalom el\u0151tt.<br \/>\nSokan azt hitt\u00e9k, Feny\u0151 Mikl\u00f3s sz\u00edve ezzel \u00f6r\u00f6kre bez\u00e1rult. \u00c9vekig nem besz\u00e9lt \u00faj szerelemr\u0151l, nem jelent meg n\u0151 az oldal\u00e1n. Azt\u00e1n tavaly egyetlen f\u00e9lmondat mindent megv\u00e1ltoztatott. Egy interj\u00faban egy titokzatos n\u0151t eml\u00edtett. Egy nevet. Erika. \u00c9s ekkor kezdtek igaz\u00e1n s\u0171r\u0171s\u00f6dni a k\u00e9rd\u0151jelek.<br \/>\nA FELES\u00c9G, AKI FELBOR\u00cdTOTT MINDENT:<\/h3>\n<h3><span style=\"color: #ff0000;\"><strong>A h\u00edr nem \u00e9rt v\u00e9get! Folytat\u00e1shoz haszn\u00e1ld a K\u00d6VETKEZ\u0150 OLDAL gombot!<\/strong><\/span><\/h3>\n<h3 style=\"text-align: right;\"><a href=\"https:\/\/online-filmkatarzis.com\/kucko\/napiinfok\/?p=6331\" target=\"_blank\" rel=\"noopener\"><span style=\"color: #ff0000;\">&#8212;&gt;&gt; K\u00d6VETKEZ\u0150 OLDAL<\/span><\/a><\/h3>\n<p>A DS\u202f7 E\u2011Tense\u202f360\u202f4\u00d74 az eleg\u00e1ns francia DS\u202fAutomobiles pr\u00e9mium SUV\u2011j\u00e1nak legizmosabb plug\u2011in hibrid v\u00e1ltozata, amely a DS\u202f7 csal\u00e1d meg\u00fajult, 2023\u2011as arc\u00e1t k\u00e9pviseli. A DS\u202f7 a Stellantis konszern EMP2 platformj\u00e1ra \u00e9p\u00fcl, amelyet t\u00f6bb t\u00e1rsm\u00e1rka modellj\u00e9ben is haszn\u00e1lnak, p\u00e9ld\u00e1ul a Peugeot\u202f3008\u2011ban vagy a Citro\u00ebn\u202fC5\u202fAircrossban, \u00e1m a DS eset\u00e9ben a hangs\u00faly a francia stylingon, a luxus\u00e9rzeten \u00e9s a r\u00e9szletgazdag bels\u0151n van, amellyel a n\u00e9met pr\u00e9mium SUV\u2011ok ellen pr\u00f3b\u00e1l versenyre kelni. A friss\u00edt\u00e9s sor\u00e1n a DS\u202f7 k\u00edv\u00fclr\u0151l is hat\u00e1rozottabb, mark\u00e1nsabb megjelen\u00e9st kapott a nagyobb h\u0171t\u0151maszkkal, v\u00e9konyabb LED\u2011f\u00e9nysz\u00f3r\u00f3kkal \u00e9s a Pixel LED Vision 3.0 m\u00e1trix technol\u00f3gi\u00e1val, amely nem csak l\u00e1tv\u00e1nyos, de adapt\u00edv vil\u00e1g\u00edt\u00e1st is ny\u00fajt a sof\u0151r sz\u00e1m\u00e1ra. Belseje brav\u00farosan megmunk\u00e1lt \u2013 a luxuskateg\u00f3ri\u00e1t id\u00e9z\u0151 anyagok, a k\u00e9nyelmes \u201ewatchstrap\u201d Nappa b\u0151r\u00fcl\u00e9sek f\u0171t\u00e9ssel, szell\u0151ztet\u00e9ssel \u00e9s massz\u00e1zsfunkci\u00f3val, valamint a szokatlan r\u00e9szletek mind azt az \u00e9rzetet keltik, hogy ez nem egy h\u00e9tk\u00f6znapi SUV\u2011t\u00edpus, hanem egy egyedi francia eleganci\u00e1t k\u00e9pvisel\u0151 modell.<\/p>\n<p>A tech kijelz\u0151kkel \u00e9s infotainmenttel is er\u0151s: a modern DS IRIS rendszer viszonylag gyors \u00e9s \u00e9les grafikus fel\u00fclettel jelenik meg a 12 h\u00fcvelykes k\u00f6zponti \u00e9rint\u0151k\u00e9perny\u0151n, amelyhez a digit\u00e1lis m\u0171szeregys\u00e9g, vezet\u00e9k n\u00e9lk\u00fcli Apple CarPlay \u00e9s Android Auto kapcsol\u00f3dik. A bels\u0151 t\u00e9r kreat\u00edv elrendez\u00e9se sokak sz\u00e1m\u00e1ra szokatlanul izgalmas, m\u00e9g ha n\u00e9h\u00e1ny kapcsol\u00f3 \u00e9s fel\u00fclet \u201echrome hat\u00e1s\u00fa\u201d plasztik is, amely nem felt\u00e9tlen\u00fcl \u00e9ri el a legmagasabb pr\u00e9mium szintet a r\u00e9szletekben.<\/p>\n<p>A 360\u202f4\u00d74 hajt\u00e1sl\u00e1nc l\u00e9nyege egy 1,6 literes, n\u00e9gyhengeres turb\u00f3s benzinmotor, amelyet k\u00e9t villanymotor eg\u00e9sz\u00edt ki, egy az els\u0151 \u00e9s egy a h\u00e1ts\u00f3 tengelyen. Ez a konfigur\u00e1ci\u00f3 nemcsak \u00f6sszker\u00e9khajt\u00e1st eredm\u00e9nyez, hanem 355\u202fl\u00f3er\u0151s \u00f6sszteljes\u00edtm\u00e9nyt \u00e9s 520\u202fNm nyomat\u00e9kot, amellyel az aut\u00f3 a gy\u00e1rt\u00f3i adatok szerint 0\u2013100\u202fkm\/h\u2011t 5,6\u202fm\u00e1sodperc alatt teljes\u00edti \u00e9s ak\u00e1r 235\u202fkm\/h\u2011s v\u00e9gsebess\u00e9get is el\u00e9rhet. A kombin\u00e1lt teljes\u00edtm\u00e9ny ilyen SUV\u2011m\u00e9retben sportosnak sz\u00e1m\u00edt, \u00e9s a DS7 E\u2011Tense\u202f360 teljes\u00edtm\u00e9nye olyan gyorsul\u00e1st k\u00edn\u00e1l, amelyet kor\u00e1bban ink\u00e1bb sport\u2011 vagy nagyobb pr\u00e9mium aut\u00f3kn\u00e1l l\u00e1tunk. A WLTP\u2011szerinti villamos hat\u00f3t\u00e1v 36\u202fm\u00e9rf\u00f6ld (~58\u202fkm) k\u00f6r\u00fcl alakul, \u00e9s a kombin\u00e1lt fogyaszt\u00e1s elm\u00e9letben 161\u202fmpg\u2011nak megfelel\u0151 \u00e9rt\u00e9k (k\u00f6rnyezeti \u00e9s haszn\u00e1lati k\u00f6r\u00fclm\u00e9nyekt\u0151l f\u00fcgg\u0151en v\u00e1ltozik), m\u00edg a CO\u2082\u2011kibocs\u00e1t\u00e1s 40\u202fg\/km k\u00f6r\u00fcli.<\/p>\n","protected":false},"excerpt":{"rendered":"<p>Feny\u0151 Mikl\u00f3s mindig is a zen\u00e9r\u0151l sz\u00f3lt. Mik\u00f6zben a sz\u00ednpadon energi\u00e1t\u00f3l izzott, a mag\u00e1n\u00e9let\u00e9t vasfegyelemmel \u00f3vta. Egyetlen n\u0151 volt, akit&#8230; <span class=\"gridview-grid-post-read-more\"><a href=\"https:\/\/online-filmkatarzis.com\/kucko\/hirek\/fenyo-miklos-halala-elott-titokban-meghazasodott\/\">read more<span class=\"gridview-sr-only\"> Feny\u0151 Mikl\u00f3s hal\u00e1la el\u0151tt titokban megh\u00e1zasodott!<\/span><\/a><\/span><\/p>\n","protected":false},"author":1,"featured_media":6322,"comment_status":"open","ping_status":"open","sticky":false,"template":"","format":"standard","meta":{"footnotes":""},"categories":[1],"tags":[],"class_list":["post-6321","post","type-post","status-publish","format-standard","has-post-thumbnail","hentry","category-egyeb","wpcat-1-id"],"_links":{"self":[{"href":"https:\/\/online-filmkatarzis.com\/kucko\/hirek\/wp-json\/wp\/v2\/posts\/6321","targetHints":{"allow":["GET"]}}],"collection":[{"href":"https:\/\/online-filmkatarzis.com\/kucko\/hirek\/wp-json\/wp\/v2\/posts"}],"about":[{"href":"https:\/\/online-filmkatarzis.com\/kucko\/hirek\/wp-json\/wp\/v2\/types\/post"}],"author":[{"embeddable":true,"href":"https:\/\/online-filmkatarzis.com\/kucko\/hirek\/wp-json\/wp\/v2\/users\/1"}],"replies":[{"embeddable":true,"href":"https:\/\/online-filmkatarzis.com\/kucko\/hirek\/wp-json\/wp\/v2\/comments?post=6321"}],"version-history":[{"count":1,"href":"https:\/\/online-filmkatarzis.com\/kucko\/hirek\/wp-json\/wp\/v2\/posts\/6321\/revisions"}],"predecessor-version":[{"id":6323,"href":"https:\/\/online-filmkatarzis.com\/kucko\/hirek\/wp-json\/wp\/v2\/posts\/6321\/revisions\/6323"}],"wp:featuredmedia":[{"embeddable":true,"href":"https:\/\/online-filmkatarzis.com\/kucko\/hirek\/wp-json\/wp\/v2\/media\/6322"}],"wp:attachment":[{"href":"https:\/\/online-filmkatarzis.com\/kucko\/hirek\/wp-json\/wp\/v2\/media?parent=6321"}],"wp:term":[{"taxonomy":"category","embeddable":true,"href":"https:\/\/online-filmkatarzis.com\/kucko\/hirek\/wp-json\/wp\/v2\/categories?post=6321"},{"taxonomy":"post_tag","embeddable":true,"href":"https:\/\/online-filmkatarzis.com\/kucko\/hirek\/wp-json\/wp\/v2\/tags?post=6321"}],"curies":[{"name":"wp","href":"https:\/\/api.w.org\/{rel}","templated":true}]}}