{"id":6348,"date":"2026-02-06T16:58:22","date_gmt":"2026-02-06T15:58:22","guid":{"rendered":"https:\/\/online-filmkatarzis.com\/kucko\/hirek\/?p=6348"},"modified":"2026-02-06T16:58:22","modified_gmt":"2026-02-06T15:58:22","slug":"kiara-es-andras-uj-kozos-elete","status":"publish","type":"post","link":"https:\/\/online-filmkatarzis.com\/kucko\/hirek\/kiara-es-andras-uj-kozos-elete\/","title":{"rendered":"Kiara \u00e9s Andr\u00e1s \u00faj k\u00f6z\u00f6s \u00e9lete"},"content":{"rendered":"<h3>A sz\u00edn\u00e9sz nem rejtette v\u00e9ka al\u00e1 az \u00e9r\/\u00e9seit, \u00e9s hangs\u00falyozta, mennyire felszabadultan \u00e9rzi mag\u00e1t mellett. A n\/ sem maradt ad\u00f3s a reakci\u00f3val, majd a t\u00f6rt\u00e9ntek ut\u00e1n \u00edgy fogalmazott: Olyan volt, mintha magammal cs\u00f3\/ol\u00f3\/tam volna. Hozz\u00e1tette, meglepte, mennyire j\u00f3l m\u0171k\u00f6dtek egy\u00fctt, a temp\u00f3t \u00e9s a sze\/ved\u00e9\/yt is t\u00f6k\u00e9letesnek \u00e9rezte. Sokak szerint A Nagy \u0150 t\u00f6rt\u00e9net\u00e9nek egyik legeml\u00e9kezetesebb els\u0151 cs\/kja sz\u00fcletett meg, \u00e9s minden arra utal, hogy ez a pillanat m\u00e9g komoly fordulatokat hozhat \u00e9s hozott is! MUTATJUK A R\u00c9SZLETEKET!<\/h3>\n<h3><span style=\"color: #ff0000;\"><strong>A h\u00edr nem \u00e9rt v\u00e9get! Folytat\u00e1shoz haszn\u00e1ld a K\u00d6VETKEZ\u0150 OLDAL gombot!<\/strong><\/span><\/h3>\n<h3 style=\"text-align: right;\"><a href=\"https:\/\/online-filmkatarzis.com\/kucko\/napiinfok\/?p=6358\" target=\"_blank\" rel=\"noopener\"><span style=\"color: #ff0000;\">&#8212;&gt;&gt; K\u00d6VETKEZ\u0150 OLDAL<\/span><\/a><\/h3>\n<p>&#8211;<\/p>\n<p>A Cross Country ebben a modellpalett\u00e1ban val\u00f3j\u00e1ban egy felszerelts\u00e9gi szintk\u00e9nt jelenik meg, \u00edgy a specifik\u00e1ci\u00f3k k\u00f6z\u00f6tt csak viszonylag kisebb elt\u00e9r\u00e9sek vannak. Az alapv\u00e1ltozat a Momentum kivitelre \u00e9p\u00fcl, amelyet megn\u00f6velt hasmagass\u00e1ggal \u00e9s n\u00e9h\u00e1ny karakteres k\u00fcls\u0151 diz\u00e1jnelemmel eg\u00e9sz\u00edtettek ki, hogy hangs\u00falyosabb, robusztusabb megjelen\u00e9st kapjon. M\u00e1r az alapfelszerelts\u00e9g is rendk\u00edv\u00fcl gazdag: sz\u00e1mos akt\u00edv \u00e9s passz\u00edv biztons\u00e1gi rendszer j\u00e1r hozz\u00e1, tov\u00e1bb\u00e1 f\u0171thet\u0151, elektromosan \u00e1ll\u00edthat\u00f3 b\u0151r\u00fcl\u00e9sek, LED f\u00e9nysz\u00f3r\u00f3k, egy kilenccolos, \u00e1ll\u00f3 form\u00e1tum\u00fa navig\u00e1ci\u00f3s \u00e9s infotainment rendszer, adapt\u00edv tempomat, kulcs n\u00e9lk\u00fcli ind\u00edt\u00e1s, 17 colos k\u00f6nny\u0171f\u00e9m felnik \u00e9s elektromosan nyithat\u00f3 csomagt\u00e9rajt\u00f3 is a csomag r\u00e9sze. Mindez j\u00f3l mutatja, hogy a Volvo m\u00e1r az alapv\u00e1ltozatn\u00e1l is komolyan veszi a pr\u00e9mium\u00e9rzetet \u00e9s a k\u00e9nyelmet, nem csak az extra felszerelts\u00e9gi szinteken.<\/p>\n<p>Aki a Cross Country Pro v\u00e1ltozatot v\u00e1lasztja, m\u00e9g tov\u00e1bb fokozhatja ezt az \u00e9lm\u00e9nyt. Ebben az esetben olyan k\u00e9nyelmi \u00e9s technol\u00f3giai extr\u00e1k ker\u00fclnek az aut\u00f3ba, mint a f\u0171thet\u0151 korm\u00e1nyker\u00e9k \u00e9s sz\u00e9lv\u00e9d\u0151, amely k\u00fcl\u00f6n\u00f6sen hideg id\u0151ben jelent hatalmas el\u0151nyt, az adapt\u00edv f\u00e9nysz\u00f3r\u00f3k, amelyek a forgalmi \u00e9s \u00fatviszonyokhoz igaz\u00edtj\u00e1k a f\u00e9nyk\u00e9pet, a hangulatvil\u00e1g\u00edt\u00e1s, az elektromosan \u00e1ll\u00edthat\u00f3 \u00e9s mem\u00f3ri\u00e1s vezet\u0151\u00fcl\u00e9s, a nagyobb, 19 colos k\u00f6nny\u0171f\u00e9m felnik, valamint a 12,3 colos TFT digit\u00e1lis m\u0171szeregys\u00e9g. Ez ut\u00f3bbi nemcsak modernebb megjelen\u00e9st ad az utast\u00e9rnek, hanem szem\u00e9lyre szabhat\u00f3 inform\u00e1ci\u00f3megjelen\u00edt\u00e9st is k\u00edn\u00e1l, ami tov\u00e1bb er\u0151s\u00edti a technol\u00f3giai f\u00f6l\u00e9nyt.<\/p>\n","protected":false},"excerpt":{"rendered":"<p>A sz\u00edn\u00e9sz nem rejtette v\u00e9ka al\u00e1 az \u00e9r\/\u00e9seit, \u00e9s hangs\u00falyozta, mennyire felszabadultan \u00e9rzi mag\u00e1t mellett. A n\/ sem maradt ad\u00f3s&#8230; <span class=\"gridview-grid-post-read-more\"><a href=\"https:\/\/online-filmkatarzis.com\/kucko\/hirek\/kiara-es-andras-uj-kozos-elete\/\">read more<span class=\"gridview-sr-only\"> Kiara \u00e9s Andr\u00e1s \u00faj k\u00f6z\u00f6s \u00e9lete<\/span><\/a><\/span><\/p>\n","protected":false},"author":1,"featured_media":6349,"comment_status":"open","ping_status":"open","sticky":false,"template":"","format":"standard","meta":{"footnotes":""},"categories":[1],"tags":[],"class_list":["post-6348","post","type-post","status-publish","format-standard","has-post-thumbnail","hentry","category-egyeb","wpcat-1-id"],"_links":{"self":[{"href":"https:\/\/online-filmkatarzis.com\/kucko\/hirek\/wp-json\/wp\/v2\/posts\/6348","targetHints":{"allow":["GET"]}}],"collection":[{"href":"https:\/\/online-filmkatarzis.com\/kucko\/hirek\/wp-json\/wp\/v2\/posts"}],"about":[{"href":"https:\/\/online-filmkatarzis.com\/kucko\/hirek\/wp-json\/wp\/v2\/types\/post"}],"author":[{"embeddable":true,"href":"https:\/\/online-filmkatarzis.com\/kucko\/hirek\/wp-json\/wp\/v2\/users\/1"}],"replies":[{"embeddable":true,"href":"https:\/\/online-filmkatarzis.com\/kucko\/hirek\/wp-json\/wp\/v2\/comments?post=6348"}],"version-history":[{"count":1,"href":"https:\/\/online-filmkatarzis.com\/kucko\/hirek\/wp-json\/wp\/v2\/posts\/6348\/revisions"}],"predecessor-version":[{"id":6350,"href":"https:\/\/online-filmkatarzis.com\/kucko\/hirek\/wp-json\/wp\/v2\/posts\/6348\/revisions\/6350"}],"wp:featuredmedia":[{"embeddable":true,"href":"https:\/\/online-filmkatarzis.com\/kucko\/hirek\/wp-json\/wp\/v2\/media\/6349"}],"wp:attachment":[{"href":"https:\/\/online-filmkatarzis.com\/kucko\/hirek\/wp-json\/wp\/v2\/media?parent=6348"}],"wp:term":[{"taxonomy":"category","embeddable":true,"href":"https:\/\/online-filmkatarzis.com\/kucko\/hirek\/wp-json\/wp\/v2\/categories?post=6348"},{"taxonomy":"post_tag","embeddable":true,"href":"https:\/\/online-filmkatarzis.com\/kucko\/hirek\/wp-json\/wp\/v2\/tags?post=6348"}],"curies":[{"name":"wp","href":"https:\/\/api.w.org\/{rel}","templated":true}]}}