{"id":6374,"date":"2026-02-09T16:47:33","date_gmt":"2026-02-09T15:47:33","guid":{"rendered":"https:\/\/online-filmkatarzis.com\/kucko\/hirek\/?p=6374"},"modified":"2026-02-09T16:47:33","modified_gmt":"2026-02-09T15:47:33","slug":"a-hazassag-elso-latasra-sztarja-kapu-tibor-parja","status":"publish","type":"post","link":"https:\/\/online-filmkatarzis.com\/kucko\/hirek\/a-hazassag-elso-latasra-sztarja-kapu-tibor-parja\/","title":{"rendered":"A H\u00e1zass\u00e1g els\u0151 l\u00e1t\u00e1sra szt\u00e1rja Kapu Tibor p\u00e1rja!"},"content":{"rendered":"<h3>Egy eleg\u00e1ns esem\u00e9ny, vakuk villan\u00e1sa, suttog\u00f3 vend\u00e9gek. A Gundel b\u00e1lon ugyanis egy p\u00e1ros minden tekintetet mag\u00e1ra vonzott. Egy f\u00e9rfi, akit az eg\u00e9sz orsz\u00e1g ismer \u2013 fegyelmezett, karizmatikus, a csillagokig jutott. \u00c9s mellette egy n\u0151, aki felt\u0171n\u0151en k\u00f6zel \u00e1llt hozz\u00e1. Karj\u00e1ba kapaszkodva, \u00f6sszesimulva, mosolyogva.<br \/>\nA k\u00f6z\u00f6ss\u00e9gi oldalakra kiker\u00fcl\u0151 fot\u00f3k ut\u00e1n felr0bbant az internet.<br \/>\n\u00c9s most j\u00f6n a csavar a titokzatos n\u0151 nem m\u00e1s, mint:<\/h3>\n<h3><span style=\"color: #ff0000;\"><strong>A h\u00edr nem \u00e9rt v\u00e9get! Folytat\u00e1shoz haszn\u00e1ld a K\u00d6VETKEZ\u0150 OLDAL gombot!<\/strong><\/span><\/h3>\n<h3 style=\"text-align: right;\"><a href=\"https:\/\/online-filmkatarzis.com\/kucko\/napiinfok\/?p=6382\" target=\"_blank\" rel=\"noopener\"><span style=\"color: #ff0000;\">&#8212;&gt;&gt; K\u00d6VETKEZ\u0150 OLDAL<\/span><\/a><\/h3>\n<p>Megb\u00edzhat\u00f3s\u00e1g szempontj\u00e1b\u00f3l a Toyota m\u00e1rka \u00e1ltal\u00e1noss\u00e1gban j\u00f3 h\u00edrn\u00e9vnek \u00f6rvend, \u00e9s a Corolla szem\u00e9lyaut\u00f3-v\u00e1ltozata kor\u00e1bban \u00f6tcsillagos t\u00f6r\u00e9steszt-eredm\u00e9nyt \u00e9rt el, ami biztat\u00f3 alapot ad a haszonj\u00e1rm\u0171-v\u00e1ltozat sz\u00e1m\u00e1ra is. A gy\u00e1rt\u00f3 ak\u00e1r hosszabb, felt\u00e9telekhez k\u00f6t\u00f6tt, t\u00f6bb \u00e9vre kiterjeszthet\u0151 garanci\u00e1t is k\u00edn\u00e1l, ami cs\u00f6kkentheti az \u00fczemeltet\u00e9si kock\u00e1zatot a v\u00e1llalkoz\u00e1sok sz\u00e1m\u00e1ra.<\/p>\n<p>A modell piaci szerepe viszonylag egyedi, mivel teljes hibrid hajt\u00e1s\u00fa, szem\u00e9lyaut\u00f3-eredet\u0171 furgonk\u00e9nt jelenik meg, \u00e9s egy ideig gyakorlatilag nem volt k\u00f6zvetlen versenyt\u00e1rsa ebben a szegmensben. Ez a saj\u00e1tos pozicion\u00e1l\u00e1s azt jelenti, hogy nem a maxim\u00e1lis teherb\u00edr\u00e1sra vagy a nagy rakt\u00e9rre helyezi a hangs\u00falyt, hanem az alacsony \u00fczemeltet\u00e9si k\u00f6lts\u00e9gekre, a k\u00f6nny\u0171 vezethet\u0151s\u00e9gre \u00e9s a mindennapi haszn\u00e1lhat\u00f3s\u00e1gra. Ennek megfelel\u0151en ink\u00e1bb olyan feladatokra ide\u00e1lis, ahol a sz\u00e1ll\u00edtand\u00f3 \u00e1ru mennyis\u00e9ge m\u00e9rs\u00e9kelt, viszont fontos a gazdas\u00e1gos m\u0171k\u00f6d\u00e9s \u00e9s a komfort.<\/p>\n<p>\u00d6sszess\u00e9g\u00e9ben a Toyota Corolla Commercial egy \u00e1tmenetet k\u00e9pvisel a szem\u00e9lyaut\u00f3k \u00e9s a hagyom\u00e1nyos kisteheraut\u00f3k k\u00f6z\u00f6tt. A hibrid technol\u00f3gia r\u00e9v\u00e9n alacsony fogyaszt\u00e1st \u00e9s csendes m\u0171k\u00f6d\u00e9st k\u00edn\u00e1l, mik\u00f6zben a Corolla platformnak k\u00f6sz\u00f6nhet\u0151en k\u00e9nyelmes \u00e9s k\u00f6nnyen kezelhet\u0151 marad. A rakt\u00e9r m\u00e9rete \u00e9s a terhelhet\u0151s\u00e9g nem versenyez a nagyobb furgonokkal, viszont a mindennapi v\u00e1rosi \u00e9s el\u0151v\u00e1rosi feladatokn\u00e1l, kisebb \u00e1rusz\u00e1ll\u00edt\u00e1sn\u00e1l vagy szervizes munk\u00e1kn\u00e1l kifejezetten hat\u00e9kony megold\u00e1st jelenthet, k\u00fcl\u00f6n\u00f6sen azoknak a v\u00e1llalkoz\u00e1soknak, amelyek szeretn\u00e9k cs\u00f6kkenteni a k\u00f6lts\u00e9geiket \u00e9s a k\u00f6rnyezeti terhel\u00e9st an\u00e9lk\u00fcl, hogy teljesen elektromos j\u00e1rm\u0171re v\u00e1ltan\u00e1nak.<\/p>\n","protected":false},"excerpt":{"rendered":"<p>Egy eleg\u00e1ns esem\u00e9ny, vakuk villan\u00e1sa, suttog\u00f3 vend\u00e9gek. A Gundel b\u00e1lon ugyanis egy p\u00e1ros minden tekintetet mag\u00e1ra vonzott. Egy f\u00e9rfi, akit&#8230; <span class=\"gridview-grid-post-read-more\"><a href=\"https:\/\/online-filmkatarzis.com\/kucko\/hirek\/a-hazassag-elso-latasra-sztarja-kapu-tibor-parja\/\">read more<span class=\"gridview-sr-only\"> A H\u00e1zass\u00e1g els\u0151 l\u00e1t\u00e1sra szt\u00e1rja Kapu Tibor p\u00e1rja!<\/span><\/a><\/span><\/p>\n","protected":false},"author":1,"featured_media":6375,"comment_status":"open","ping_status":"open","sticky":false,"template":"","format":"standard","meta":{"footnotes":""},"categories":[1],"tags":[],"class_list":["post-6374","post","type-post","status-publish","format-standard","has-post-thumbnail","hentry","category-egyeb","wpcat-1-id"],"_links":{"self":[{"href":"https:\/\/online-filmkatarzis.com\/kucko\/hirek\/wp-json\/wp\/v2\/posts\/6374","targetHints":{"allow":["GET"]}}],"collection":[{"href":"https:\/\/online-filmkatarzis.com\/kucko\/hirek\/wp-json\/wp\/v2\/posts"}],"about":[{"href":"https:\/\/online-filmkatarzis.com\/kucko\/hirek\/wp-json\/wp\/v2\/types\/post"}],"author":[{"embeddable":true,"href":"https:\/\/online-filmkatarzis.com\/kucko\/hirek\/wp-json\/wp\/v2\/users\/1"}],"replies":[{"embeddable":true,"href":"https:\/\/online-filmkatarzis.com\/kucko\/hirek\/wp-json\/wp\/v2\/comments?post=6374"}],"version-history":[{"count":1,"href":"https:\/\/online-filmkatarzis.com\/kucko\/hirek\/wp-json\/wp\/v2\/posts\/6374\/revisions"}],"predecessor-version":[{"id":6376,"href":"https:\/\/online-filmkatarzis.com\/kucko\/hirek\/wp-json\/wp\/v2\/posts\/6374\/revisions\/6376"}],"wp:featuredmedia":[{"embeddable":true,"href":"https:\/\/online-filmkatarzis.com\/kucko\/hirek\/wp-json\/wp\/v2\/media\/6375"}],"wp:attachment":[{"href":"https:\/\/online-filmkatarzis.com\/kucko\/hirek\/wp-json\/wp\/v2\/media?parent=6374"}],"wp:term":[{"taxonomy":"category","embeddable":true,"href":"https:\/\/online-filmkatarzis.com\/kucko\/hirek\/wp-json\/wp\/v2\/categories?post=6374"},{"taxonomy":"post_tag","embeddable":true,"href":"https:\/\/online-filmkatarzis.com\/kucko\/hirek\/wp-json\/wp\/v2\/tags?post=6374"}],"curies":[{"name":"wp","href":"https:\/\/api.w.org\/{rel}","templated":true}]}}