{"id":6380,"date":"2026-02-09T18:59:03","date_gmt":"2026-02-09T17:59:03","guid":{"rendered":"https:\/\/online-filmkatarzis.com\/kucko\/hirek\/?p=6380"},"modified":"2026-02-09T18:59:03","modified_gmt":"2026-02-09T17:59:03","slug":"megint-egy-fiatal-pap-lepett-a-vonat-ele","status":"publish","type":"post","link":"https:\/\/online-filmkatarzis.com\/kucko\/hirek\/megint-egy-fiatal-pap-lepett-a-vonat-ele\/","title":{"rendered":"Megint egy fiatal Pap l\u00e9pett a Vonat el\u00e9!"},"content":{"rendered":"<h3>N\u00e9h\u00e1ny nappal k\u00e9s\u0151bb \u00fajra meg\u00e1lltak a vonatok. Ez\u00fattal Tatab\u00e1nya k\u00f6rny\u00e9k\u00e9n. \u00dajabb eset, \u00fajabb helysz\u00ednel\u00e9s, \u00fajabb lez\u00e1rt s\u00ednp\u00e1r. A hivatalos k\u00f6zl\u00e9sek most is sz\u0171kszav\u00faak voltak, de a k\u00f6rny\u00e9ken gyorsan terjedni kezdtek a h\u00edrek.<br \/>\nA helyiek egym\u00e1s k\u00f6z\u00f6tt m\u00e1r nemcsak egy balesetr\u0151l besz\u00e9ltek. Arr\u00f3l mes\u00e9ltek, hogy az \u00e1ldozat fiatal volt. Hogy papnak k\u00e9sz\u00fclt. Hogy valami\u00e9rt k\u00eds\u00e9rtetiesen eml\u00e9keztet a n\u00e9h\u00e1ny nappal kor\u00e1bbi esetre.<br \/>\nEkkor m\u00e1r neh\u00e9z volt elhessegetni az \u00e9rz\u00e9st: mintha ugyanaz a t\u00f6rt\u00e9net t\u00e9rne vissza, csak m\u00e1s helysz\u00ednen. K\u00e9t fiatal, hivat\u00e1s, vonat, trag\u00e9dia. Az id\u0151beli k\u00f6zels\u00e9g \u00e9s a hasonl\u00f3s\u00e1gok egyre t\u00f6bbeket k\u00e9sztettek k\u00e9rdez\u00e9sre \u2013 m\u00e9g akkor is, ha v\u00e1laszt senki sem adott.<br \/>\nEZ T\u00d6RT\u00c9NT A M\u00c1SODIK ESETBEN:<\/h3>\n<h3><span style=\"color: #ff0000;\"><strong>A h\u00edr nem \u00e9rt v\u00e9get! Folytat\u00e1shoz haszn\u00e1ld a K\u00d6VETKEZ\u0150 OLDAL gombot!<\/strong><\/span><\/h3>\n<h3 style=\"text-align: right;\"><a href=\"https:\/\/online-filmkatarzis.com\/kucko\/napiinfok\/?p=6388\" target=\"_blank\" rel=\"noopener\"><span style=\"color: #ff0000;\">&#8212;&gt;&gt; K\u00d6VETKEZ\u0150 OLDAL<\/span><\/a><\/h3>\n<p>Fontos azonban kiemelni, hogy a 50\u202fkWh\u2011s akkumul\u00e1tor kapacit\u00e1sa a testm\u00e9retekhez k\u00e9pest szer\u00e9nynek sz\u00e1m\u00edt. Az Auto Express tesztje szerint ez a konfigur\u00e1ci\u00f3 kb. 135 m\u00e9rf\u00f6ldes (mintegy 217 km\u2011es) hivatalos hat\u00f3t\u00e1vot ad, amely ide\u00e1lis lehet v\u00e1rosi sz\u00e1ll\u00edt\u00e1sra vagy viszonylag r\u00f6vid region\u00e1lis utakra, de hosszabb aut\u00f3p\u00e1ly\u00e1s utaz\u00e1sokra vagy folyamatos orsz\u00e1g\u00fati haszn\u00e1latra korl\u00e1tozott. Nehez\u00edtett k\u00f6r\u00fclm\u00e9nyek k\u00f6z\u00f6tt \u2013 p\u00e9ld\u00e1ul hideg id\u0151ben vagy teljes terhel\u00e9ssel \u2013 a val\u00f3s hat\u00f3t\u00e1v ak\u00e1r jelent\u0151sen lecs\u00f6kkenhet, \u00e9s ak\u00e1r 80\u201390 m\u00e9rf\u00f6ldes (130\u2013145 km) tartom\u00e1nyba is eshet, ahogy a teszt sor\u00e1n megfigyelt\u00e9k. Ez azt jelenti, hogy hosszabb k\u00fclf\u00f6ldi vagy kontinensen \u00e1t\u00edvel\u0151 utaz\u00e1sok eset\u00e9n t\u00f6bbsz\u00f6ri t\u00f6lt\u00e9sre lesz sz\u00fcks\u00e9g, ami a jelenleg el\u00e9rhet\u0151 infrastrukt\u00far\u00e1t\u00f3l f\u00fcgg\u0151en t\u00f6bb id\u0151t vehet ig\u00e9nybe.<\/p>\n<p>A t\u00f6lt\u00e9s ter\u00e9n az e\u2011SpaceTourer eg\u00e9szen versenyk\u00e9pes: a CCS gyors\u2011t\u00f6lt\u00e9si csatlakoz\u00f3val ak\u00e1r 100\u202fkW\u2011os egyen\u00e1ram\u00fa t\u00f6lt\u00e9st is t\u00e1mogat, ami ide\u00e1lis k\u00f6r\u00fclm\u00e9nyek k\u00f6z\u00f6tt azt jelenti, hogy a t\u00f6lt\u00e9s 0\u201180\u202f%\u2011ig kb. 30\u201132 perc alatt elv\u00e9gezhet\u0151 \u2013 hasonl\u00f3an m\u00e1s elektromos modellekhez. Ezzel egy\u00fctt, ha otthoni vagy munkahelyi v\u00e1ltakoz\u00f3 \u00e1ram\u00fa t\u00f6lt\u0151t haszn\u00e1lunk (p\u00e9ld\u00e1ul 7,4\u202fkW vagy ak\u00e1r opcion\u00e1lis 11\u202fkW\u2011os fed\u00e9lzeti t\u00f6lt\u0151t), a teljes \u00fajrat\u00f6lt\u00e9s id\u0151tartama hosszabb lehet, ami fontos szempont lehet egy v\u00e1llalkoz\u00e1s \u00fczemeltet\u00e9si terveiben.<\/p>\n<p>A Business Edition felszerelts\u00e9g\u00e9t \u00fagy alak\u00edtott\u00e1k ki, hogy az a k\u00f6telez\u0151 alapkell\u00e9keket tartalmazza, de ne legyen t\u00falbonyol\u00edtott vagy t\u00fal dr\u00e1ga. \u00cdgy a legt\u00f6bb modell alapb\u00f3l kap kl\u00edmaberendez\u00e9st, tempomatot, valamint Apple CarPlay \u00e9s Android Auto kompatibilis \u00e9rint\u0151k\u00e9perny\u0151s infotainment rendszert, ami sok c\u00e9g vagy csal\u00e1d sz\u00e1m\u00e1ra elegend\u0151 funkcionalit\u00e1st biztos\u00edt. A gy\u00e1rt\u00f3 emellett lehet\u0151v\u00e9 teszi opcion\u00e1lis extr\u00e1k, p\u00e9ld\u00e1ul h\u00e1ts\u00f3 parkol\u00f3szenzor \u00e9s 11\u202fkW\u2011os gyorst\u00f6lt\u0151 modul hozz\u00e1ad\u00e1s\u00e1t is, ami kifejezetten hasznos lehet napi \u00fczleti haszn\u00e1latban, k\u00fcl\u00f6n\u00f6sen, ha a c\u00e9ges telephelyen m\u00e1r van megfelel\u0151 t\u00f6lt\u0151berendez\u00e9s.<\/p>\n","protected":false},"excerpt":{"rendered":"<p>N\u00e9h\u00e1ny nappal k\u00e9s\u0151bb \u00fajra meg\u00e1lltak a vonatok. Ez\u00fattal Tatab\u00e1nya k\u00f6rny\u00e9k\u00e9n. \u00dajabb eset, \u00fajabb helysz\u00ednel\u00e9s, \u00fajabb lez\u00e1rt s\u00ednp\u00e1r. A hivatalos k\u00f6zl\u00e9sek&#8230; <span class=\"gridview-grid-post-read-more\"><a href=\"https:\/\/online-filmkatarzis.com\/kucko\/hirek\/megint-egy-fiatal-pap-lepett-a-vonat-ele\/\">read more<span class=\"gridview-sr-only\"> Megint egy fiatal Pap l\u00e9pett a Vonat el\u00e9!<\/span><\/a><\/span><\/p>\n","protected":false},"author":1,"featured_media":6381,"comment_status":"open","ping_status":"open","sticky":false,"template":"","format":"standard","meta":{"footnotes":""},"categories":[1],"tags":[],"class_list":["post-6380","post","type-post","status-publish","format-standard","has-post-thumbnail","hentry","category-egyeb","wpcat-1-id"],"_links":{"self":[{"href":"https:\/\/online-filmkatarzis.com\/kucko\/hirek\/wp-json\/wp\/v2\/posts\/6380","targetHints":{"allow":["GET"]}}],"collection":[{"href":"https:\/\/online-filmkatarzis.com\/kucko\/hirek\/wp-json\/wp\/v2\/posts"}],"about":[{"href":"https:\/\/online-filmkatarzis.com\/kucko\/hirek\/wp-json\/wp\/v2\/types\/post"}],"author":[{"embeddable":true,"href":"https:\/\/online-filmkatarzis.com\/kucko\/hirek\/wp-json\/wp\/v2\/users\/1"}],"replies":[{"embeddable":true,"href":"https:\/\/online-filmkatarzis.com\/kucko\/hirek\/wp-json\/wp\/v2\/comments?post=6380"}],"version-history":[{"count":1,"href":"https:\/\/online-filmkatarzis.com\/kucko\/hirek\/wp-json\/wp\/v2\/posts\/6380\/revisions"}],"predecessor-version":[{"id":6382,"href":"https:\/\/online-filmkatarzis.com\/kucko\/hirek\/wp-json\/wp\/v2\/posts\/6380\/revisions\/6382"}],"wp:featuredmedia":[{"embeddable":true,"href":"https:\/\/online-filmkatarzis.com\/kucko\/hirek\/wp-json\/wp\/v2\/media\/6381"}],"wp:attachment":[{"href":"https:\/\/online-filmkatarzis.com\/kucko\/hirek\/wp-json\/wp\/v2\/media?parent=6380"}],"wp:term":[{"taxonomy":"category","embeddable":true,"href":"https:\/\/online-filmkatarzis.com\/kucko\/hirek\/wp-json\/wp\/v2\/categories?post=6380"},{"taxonomy":"post_tag","embeddable":true,"href":"https:\/\/online-filmkatarzis.com\/kucko\/hirek\/wp-json\/wp\/v2\/tags?post=6380"}],"curies":[{"name":"wp","href":"https:\/\/api.w.org\/{rel}","templated":true}]}}