{"id":6386,"date":"2026-02-10T18:42:45","date_gmt":"2026-02-10T17:42:45","guid":{"rendered":"https:\/\/online-filmkatarzis.com\/kucko\/hirek\/?p=6386"},"modified":"2026-02-10T18:42:45","modified_gmt":"2026-02-10T17:42:45","slug":"elkaptak-egressy-matyas-elkovetojet","status":"publish","type":"post","link":"https:\/\/online-filmkatarzis.com\/kucko\/hirek\/elkaptak-egressy-matyas-elkovetojet\/","title":{"rendered":"Elkapt\u00e1k Egressy M\u00e1ty\u00e1s elk\u00f6vet\u0151j\u00e9t!"},"content":{"rendered":"<h3>\u00d3ri\u00e1si fordulatot hozott az \u00fcgyben, amikor kider\u00fclt: megvan az a f\u00e9rfi, aki elvette M\u00e1ty\u00e1s telefonj\u00e1t. A Magyar Nemzet inform\u00e1ci\u00f3i szerint a rend\u0151rs\u00e9g lop\u00e1s miatt gyan\u00fas\u00edtotta meg az elk\u00f6vet\u0151t, akit a Blikk \u00e9rtes\u00fcl\u00e9sei szerint egy hajl\u00e9ktalan f\u00e9rfi, \u00e9s jelenleg egy m\u00e1sik \u00fcgy miatt b\u00f6rt\u00f6nben \u00fcl.<br \/>\nA rend\u0151rs\u00e9g hivatalos k\u00f6zl\u00e9se szerint a f\u00e9rfi janu\u00e1r 17-\u00e9n hajnalban egy \u00e9jszakai buszon tal\u00e1lta meg, majd eltulajdon\u00edtotta a fiatal sportol\u00f3 zseb\u00e9b\u0151l kiesett mobiltelefont.<br \/>\nA gyan\u00fas\u00edtottat el\u0151\u00e1ll\u00edtott\u00e1k, kihallgatt\u00e1k \u2013 \u00e1m ekkor j\u00f6tt az \u00fajabb rejt\u00e9ly: a telefon m\u00e1r nem volt n\u00e1la. \u00c1ll\u00edt\u00e1sa szerint \u201eelvesz\u00edtette\u201d.<br \/>\nDe mik\u00f6zben a hat\u00f3s\u00e1gok a telefon \u00fatj\u00e1t pr\u00f3b\u00e1lt\u00e1k rekonstru\u00e1lni, egyre s\u00f6t\u00e9tebb r\u00e9szletek l\u00e1ttak napvil\u00e1got M\u00e1ty\u00e1s utols\u00f3 \u00f3r\u00e1ir\u00f3l\u2026<br \/>\nMUTATJUK A R\u00c9SZLETEKET!<\/h3>\n<h3><span style=\"color: #ff0000;\"><strong>A h\u00edr nem \u00e9rt v\u00e9get! Folytat\u00e1shoz haszn\u00e1ld a K\u00d6VETKEZ\u0150 OLDAL gombot!<\/strong><\/span><\/h3>\n<h3 style=\"text-align: right;\"><a href=\"https:\/\/online-filmkatarzis.com\/kucko\/napiinfok\/?p=6395\" target=\"_blank\" rel=\"noopener\"><span style=\"color: #ff0000;\">&#8212;&gt;&gt; K\u00d6VETKEZ\u0150 OLDAL<\/span><\/a><\/h3>\n<p>Az els\u0151 gener\u00e1ci\u00f3s Peugeot 5008 a 2008 \u00e9s 2017 k\u00f6z\u00f6tti id\u0151szakban k\u00e9sz\u00fclt, \u00e9s egy olyan korszak term\u00e9ke, amikor a nagy egyter\u0171ek m\u00e9g sok csal\u00e1d els\u0151 sz\u00e1m\u00fa v\u00e1laszt\u00e1s\u00e1t jelentett\u00e9k, j\u00f3val azel\u0151tt, hogy az SUV-k v\u00e9gleg \u00e1tvett\u00e9k volna a piac jelent\u0151s r\u00e9sz\u00e9t. A modell alapvet\u0151 c\u00e9lja az volt, hogy h\u00e9t\u00fcl\u00e9ses praktikummal, viszonylag eleg\u00e1ns megjelen\u00e9ssel \u00e9s k\u00e9nyelmes utaz\u00e1si karakterrel sz\u00f3l\u00edtsa meg a t\u00f6bbgyermekes csal\u00e1dokat, mik\u00f6zben \u00e1r-\u00e9rt\u00e9k ar\u00e1nyban versenyk\u00e9pes alternat\u00edv\u00e1t k\u00edn\u00e1ljon a kateg\u00f3ria meghat\u00e1roz\u00f3 t\u00edpusai mellett. A konstrukci\u00f3 ugyanakkor egy olyan id\u0151szakban sz\u00fcletett, amikor a m\u00e1rka \u00e1ltal\u00e1nos min\u0151s\u00e9gi szintje m\u00e9g nem \u00e9rte el a k\u00e9s\u0151bbi Peugeot-modellek sz\u00ednvonal\u00e1t, ez\u00e9rt a haszn\u00e1lt p\u00e9ld\u00e1nyokn\u00e1l bizonyos kompromisszumokra sz\u00e1m\u00edtani kell.<\/p>\n<p>A 5008 egyik legnagyobb er\u0151ss\u00e9ge a h\u00e9t\u00fcl\u00e9ses kialak\u00edt\u00e1s \u00e9s a csal\u00e1di haszn\u00e1latra optimaliz\u00e1lt bels\u0151 t\u00e9r. A modell kiz\u00e1r\u00f3lag nagy egyter\u0171k\u00e9nt volt el\u00e9rhet\u0151, \u00edgy term\u00e9szet\u00e9b\u0151l ad\u00f3d\u00f3an praktikus, b\u00e1r nem minden r\u00e9szlete t\u00f6k\u00e9letesen \u00e1tgondolt. A harmadik \u00fcl\u00e9ssor ink\u00e1bb gyermekek sz\u00e1m\u00e1ra alkalmas, hosszabb utakon a feln\u0151ttek sz\u00e1m\u00e1ra sz\u0171k\u00f6s lehet, \u00e9s a kabinban sincs annyi apr\u00f3 t\u00e1rol\u00f3rekesz, mint amit egy csal\u00e1di aut\u00f3t\u00f3l elv\u00e1rn\u00e1nk, p\u00e9ld\u00e1ul a keszty\u0171tart\u00f3 kicsi, \u00e9s a m\u0171szerfalon sincs sok hely a kisebb t\u00e1rgyaknak. Ugyanakkor a m\u00e1sodik sor alatt tal\u00e1lhat\u00f3 padl\u00f3rekeszek, a k\u00fcl\u00f6n-k\u00fcl\u00f6n mozgathat\u00f3 \u00fcl\u00e9sek \u00e9s a t\u00e1lc\u00e1s h\u00e1tt\u00e1ml\u00e1k j\u00f3l mutatj\u00e1k, hogy a tervez\u00e9sn\u00e9l a vari\u00e1lhat\u00f3s\u00e1g fontos szempont volt. A magas \u00fcl\u00e9spoz\u00edci\u00f3 \u00e9s a nagy sz\u00e9lv\u00e9d\u0151 j\u00f3 kil\u00e1t\u00e1st biztos\u00edt, ami a mindennapi haszn\u00e1lat sor\u00e1n n\u00f6veli a komfort\u00e9rzetet.<\/p>\n<p>A m\u00e9reteit tekintve a modell k\u00f6r\u00fclbel\u00fcl 4,53 m\u00e9ter hossz\u00fa \u00e9s 1,84 m\u00e9ter sz\u00e9les, ami a kateg\u00f3ri\u00e1ban \u00e1tlagosnak mondhat\u00f3, de a vari\u00e1lhat\u00f3 \u00fcl\u00e9srendszer miatt a helyk\u00edn\u00e1lat rugalmasan alak\u00edthat\u00f3. A csomagt\u00e9r k\u00fcl\u00f6n\u00f6sen er\u0151s pont: minden \u00fcl\u00e9s led\u00f6nt\u00e9s\u00e9vel t\u00f6bb mint 2500 literes t\u00e9r \u00e1ll rendelkez\u00e9sre, ami m\u00e9g a nagyobb egyter\u0171ek egy r\u00e9sz\u00e9t is fel\u00fclm\u00falja, mik\u00f6zben norm\u00e1l haszn\u00e1lat mellett is k\u00f6zel 700 literes kapacit\u00e1s marad. Ez a gyakorlatban azt jelenti, hogy a modell alkalmas nagyobb t\u00e1rgyak sz\u00e1ll\u00edt\u00e1s\u00e1ra vagy hosszabb csal\u00e1di utaz\u00e1sokra is. A felszerelts\u00e9g a kateg\u00f3ri\u00e1hoz k\u00e9pest kedvez\u0151 lehet, hiszen sok p\u00e9ld\u00e1nyban megtal\u00e1lhat\u00f3 a kl\u00edma, az elektromos ablakok \u00e9s a k\u00f6nny\u0171f\u00e9m felni, magasabb szinteken pedig head-up kijelz\u0151, panor\u00e1matet\u0151 \u00e9s fed\u00e9lzeti navig\u00e1ci\u00f3 is rendelhet\u0151 volt.<\/p>\n","protected":false},"excerpt":{"rendered":"<p>\u00d3ri\u00e1si fordulatot hozott az \u00fcgyben, amikor kider\u00fclt: megvan az a f\u00e9rfi, aki elvette M\u00e1ty\u00e1s telefonj\u00e1t. A Magyar Nemzet inform\u00e1ci\u00f3i szerint&#8230; <span class=\"gridview-grid-post-read-more\"><a href=\"https:\/\/online-filmkatarzis.com\/kucko\/hirek\/elkaptak-egressy-matyas-elkovetojet\/\">read more<span class=\"gridview-sr-only\"> Elkapt\u00e1k Egressy M\u00e1ty\u00e1s elk\u00f6vet\u0151j\u00e9t!<\/span><\/a><\/span><\/p>\n","protected":false},"author":1,"featured_media":6387,"comment_status":"open","ping_status":"open","sticky":false,"template":"","format":"standard","meta":{"footnotes":""},"categories":[1],"tags":[],"class_list":["post-6386","post","type-post","status-publish","format-standard","has-post-thumbnail","hentry","category-egyeb","wpcat-1-id"],"_links":{"self":[{"href":"https:\/\/online-filmkatarzis.com\/kucko\/hirek\/wp-json\/wp\/v2\/posts\/6386","targetHints":{"allow":["GET"]}}],"collection":[{"href":"https:\/\/online-filmkatarzis.com\/kucko\/hirek\/wp-json\/wp\/v2\/posts"}],"about":[{"href":"https:\/\/online-filmkatarzis.com\/kucko\/hirek\/wp-json\/wp\/v2\/types\/post"}],"author":[{"embeddable":true,"href":"https:\/\/online-filmkatarzis.com\/kucko\/hirek\/wp-json\/wp\/v2\/users\/1"}],"replies":[{"embeddable":true,"href":"https:\/\/online-filmkatarzis.com\/kucko\/hirek\/wp-json\/wp\/v2\/comments?post=6386"}],"version-history":[{"count":1,"href":"https:\/\/online-filmkatarzis.com\/kucko\/hirek\/wp-json\/wp\/v2\/posts\/6386\/revisions"}],"predecessor-version":[{"id":6388,"href":"https:\/\/online-filmkatarzis.com\/kucko\/hirek\/wp-json\/wp\/v2\/posts\/6386\/revisions\/6388"}],"wp:featuredmedia":[{"embeddable":true,"href":"https:\/\/online-filmkatarzis.com\/kucko\/hirek\/wp-json\/wp\/v2\/media\/6387"}],"wp:attachment":[{"href":"https:\/\/online-filmkatarzis.com\/kucko\/hirek\/wp-json\/wp\/v2\/media?parent=6386"}],"wp:term":[{"taxonomy":"category","embeddable":true,"href":"https:\/\/online-filmkatarzis.com\/kucko\/hirek\/wp-json\/wp\/v2\/categories?post=6386"},{"taxonomy":"post_tag","embeddable":true,"href":"https:\/\/online-filmkatarzis.com\/kucko\/hirek\/wp-json\/wp\/v2\/tags?post=6386"}],"curies":[{"name":"wp","href":"https:\/\/api.w.org\/{rel}","templated":true}]}}