{"id":6455,"date":"2026-02-16T15:05:42","date_gmt":"2026-02-16T14:05:42","guid":{"rendered":"https:\/\/online-filmkatarzis.com\/kucko\/hirek\/?p=6455"},"modified":"2026-02-16T15:05:42","modified_gmt":"2026-02-16T14:05:42","slug":"kitort-a-botrany-liptai-claudia-lanya-betegsege-miatt","status":"publish","type":"post","link":"https:\/\/online-filmkatarzis.com\/kucko\/hirek\/kitort-a-botrany-liptai-claudia-lanya-betegsege-miatt\/","title":{"rendered":"Kit\u00f6rt a botr\u00e1ny Liptai Claudia l\u00e1nya betegs\u00e9ge miatt!"},"content":{"rendered":"<h3>A bejelent\u00e9st k\u00f6vet\u0151en azonnal beindultak a tal\u00e1lgat\u00e1sok. Sokan \u00f6r\u00f6mmel fogadt\u00e1k Panka b\u00e1tor d\u00f6nt\u00e9s\u00e9t, m\u00e1sok viszont \u00e9lesen t\u00e1madj\u00e1k a produkci\u00f3t \u00e9s a fiatal l\u00e1nyt is. Egyes kommentel\u0151k szerint a kiv\u00e1laszt\u00e1s m\u00f6g\u00f6tt nem csup\u00e1n tehets\u00e9g \u00e1ll, hanem komoly bennfentess\u00e9g is. T\u00f6bben azt sugallj\u00e1k, hogy Pank\u00e1t \u201ecsak Claudia miatt\u201d dics\u00e9rik \u00e9s emelik piedeszt\u00e1lra, \u00e9s ha nem lenne h\u00edres az \u00e9desanyja, tal\u00e1n sz\u00f3ba sem ker\u00fclt volna a neve. Liptai Claudia maga is elismerte, hogy meglepte l\u00e1nya d\u00f6nt\u00e9se: kor\u00e1bban biztos volt benne, hogy nemet mond majd a felk\u00e9r\u00e9sre. Amikor azonban Panka k\u00f6z\u00f6lte vele, hogy szeretn\u00e9 elv\u00e1llalni, az anyai aggodalom azonnal bekapcsolt.<br \/>\nSz\u00fclet\u00e9si rendelleness\u00e9g: EZ DER\u00dcLT KI! MUTATJUK!<\/h3>\n<h3><span style=\"color: #ff0000;\"><strong>A h\u00edr nem \u00e9rt v\u00e9get! Folytat\u00e1shoz haszn\u00e1ld a K\u00d6VETKEZ\u0150 OLDAL gombot!<\/strong><\/span><\/h3>\n<h3 style=\"text-align: right;\"><a href=\"https:\/\/online-filmkatarzis.com\/kucko\/napiinfok\/?p=6468\" target=\"_blank\" rel=\"noopener\"><span style=\"color: #ff0000;\">&#8212;&gt;&gt; K\u00d6VETKEZ\u0150 OLDAL<\/span><\/a><\/h3>\n<p>A Dacia Spring egy vil\u00e1gos, egyszer\u0171 filoz\u00f3fi\u00e1t k\u00f6vet\u0151 teljesen elektromos v\u00e1rosi aut\u00f3, amelyet azzal a c\u00e9lkit\u0171z\u00e9ssel terveztek, hogy a lehet\u0151 legt\u00f6bbet adja a legkisebb k\u00f6lts\u00e9gb\u0151l, \u00e9s ma m\u00e1r nemcsak egy v\u00e1rosi \u201ekisaut\u00f3\u201d, hanem az eur\u00f3pai piacon val\u00f3ban a legolcs\u00f3bb \u00faj villanyaut\u00f3k\u00e9nt v\u00e1lik el\u00e9rhet\u0151v\u00e9; egyes orsz\u00e1gokban \u00e9s konfigur\u00e1ci\u00f3kban ak\u00e1r k\u00f6r\u00fclbel\u00fcl \u00a312 240-os \u00e1rszinttel is k\u00edn\u00e1lj\u00e1k, ami a gy\u00e1rt\u00f3 saj\u00e1t kedvezm\u00e9ny\u00e9nek \u00e9s finansz\u00edroz\u00e1si \u00f6szt\u00f6nz\u0151inek k\u00f6sz\u00f6nhet\u0151en a bel\u00e9p\u0151 szint\u0171 aut\u00f3k k\u00f6z\u00e9 teszi. A Spring kialak\u00edt\u00e1sa egy\u00e9rtelm\u0171en a minim\u00e1lisra reduk\u00e1lja a k\u00edv\u00e1natos \u00e1r-\u00e9rt\u00e9k ar\u00e1nyt, hiszen az egyszer\u0171, m\u00e9gis praktikus forma egy r\u00f6vid tengelyt\u00e1v\u00fa, v\u00e1rosi m\u00e9ret\u0171 kasztniban egy kis, de haszn\u00e1lhat\u00f3 utasteret foglal mag\u00e1ban.<\/p>\n<p>Ez az aut\u00f3 vars\u00f3i vagy k\u00ednai gy\u00e1rt\u00e1s\u00fa platformon alapul, amelyet eredetileg a Renault csoport kisebb modelleihez tervezt\u00e9k, \u00e9s amelyet kifejezetten az olcs\u00f3bb k\u00f6rnyezetbar\u00e1t mobilit\u00e1s \u00e9rdek\u00e9ben tartottak fenn. A Spring a kateg\u00f3ri\u00e1j\u00e1hoz k\u00e9pest k\u00fcl\u00f6n\u00f6sen k\u00f6nny\u0171, mivel a teljes t\u00f6mege j\u00f3val 1000 kg alatt marad, ami hozz\u00e1j\u00e1rul ahhoz, hogy a viszonylag kis akkumul\u00e1tor ellen\u00e9re is hat\u00e9kony legyen, \u00e9s ne vesz\u00edtsen t\u00fal sok energi\u00e1t az akkumul\u00e1torral val\u00f3 s\u00falycser\u00e9ben. Az elektromos hajt\u00e1sl\u00e1nc egy 26,8 kWh-s l\u00edtium-ion akkumul\u00e1torra \u00e9p\u00fcl, amely a WLTP szabv\u00e1ny szerint k\u00f6r\u00fclbel\u00fcl 140 m\u00e9rf\u00f6ld (nagyj\u00e1b\u00f3l 225 km) hat\u00f3t\u00e1vols\u00e1got ad egyetlen felt\u00f6lt\u00e9ssel, b\u00e1r a val\u00f3s haszn\u00e1lat \u2013 f\u0151k\u00e9nt aut\u00f3p\u00e1ly\u00e1n vagy hidegebb k\u00f6rnyezetben \u2013 ezt a sz\u00e1mot cs\u00f6kkentheti. Ennek az akkumul\u00e1tornak a kicsi m\u00e9rete azt is jelenti, hogy a t\u00f6lt\u00e9s gyorsh\u00e1lozaton csak maximum 30 kW teljes\u00edtm\u00e9nyre k\u00e9pes, ami ma m\u00e1r nem sz\u00e1m\u00edt gyorsnak, de egy kis v\u00e1rosi aut\u00f3n\u00e1l a h\u00e1zi falit\u00f6lt\u0151 vagy a v\u00e1rosi t\u00f6lt\u0151\u00e1llom\u00e1sok k\u00f6zel\u00e9ben \u00edgy is elfogadhat\u00f3 \u2014 a gyorst\u00f6lt\u00e9s 20-80 % k\u00f6z\u00f6tti felt\u00f6lt\u00e9se k\u00f6r\u00fclbel\u00fcl negyed \u00f3ra alatt elv\u00e9gezhet\u0151, b\u00e1r ez f\u00fcgg az adott t\u00f6lt\u0151k\u00f6rnyezet k\u00edn\u00e1lta k\u00f6r\u00fclm\u00e9nyekt\u0151l.<\/p>\n<p>A Spring motorj\u00e1t \u00e9s hajt\u00e1s\u00e1t tekintve a legfrissebb verzi\u00f3kban m\u00e1r opcion\u00e1lisan er\u0151sebb, 70 l\u00f3er\u0151s vagy ak\u00e1r 101 l\u00f3er\u0151s elektromos motorok is rendelkez\u00e9sre \u00e1llnak, amelyek r\u00e9v\u00e9n az aut\u00f3 k\u00e9pes jobban beilleszkedni a gyorsabb forgalomba \u00e9s az orsz\u00e1g\u00fati temp\u00f3ba is, mint kor\u00e1bban a bel\u00e9p\u0151szint\u0171, mind\u00f6ssze 45 l\u00f3er\u0151s verzi\u00f3. A gyeng\u00e9bb motorral a gyorsul\u00e1s 0-62 mph (0-100 km\/h) \u00e9rt\u00e9ke t\u00f6bb mint 19 m\u00e1sodperc, ami egy\u00e9rtelm\u0171en lass\u00fa a modern aut\u00f3k k\u00f6z\u00f6tt, de a nagyobb teljes\u00edtm\u00e9ny\u0171 kivitel m\u00e1r k\u00f6r\u00fclbel\u00fcl 12,3-13,7 m\u00e1sodperces sprintid\u0151ket k\u00e9pes el\u00e9rni, ami v\u00e1rosi \u00e9s el\u0151v\u00e1rosi k\u00f6rnyezetben \u00e9ppen el\u00e9g a mindennapi k\u00f6zleked\u00e9shez. A maxim\u00e1lis v\u00e9gsebess\u00e9g 78 mph (125 km\/h) k\u00f6r\u00fcl van, ami azt jelenti, hogy az aut\u00f3 aut\u00f3p\u00e1ly\u00e1n t\u00f6rt\u00e9n\u0151 haszn\u00e1latra is k\u00e9pes, b\u00e1r nagyobb temp\u00f3n\u00e1l \u00e9rezhet\u0151en n\u0151 az energiafogyaszt\u00e1s \u00e9s a zajszint, \u00edgy ez ink\u00e1bb ritk\u00e1bb aut\u00f3p\u00e1ly\u00e1s utaz\u00e1sokhoz illik, nem pedig hosszabb t\u00e1v\u00fa orsz\u00e1g\u00fati menetekhez.<\/p>\n","protected":false},"excerpt":{"rendered":"<p>A bejelent\u00e9st k\u00f6vet\u0151en azonnal beindultak a tal\u00e1lgat\u00e1sok. Sokan \u00f6r\u00f6mmel fogadt\u00e1k Panka b\u00e1tor d\u00f6nt\u00e9s\u00e9t, m\u00e1sok viszont \u00e9lesen t\u00e1madj\u00e1k a produkci\u00f3t \u00e9s&#8230; <span class=\"gridview-grid-post-read-more\"><a href=\"https:\/\/online-filmkatarzis.com\/kucko\/hirek\/kitort-a-botrany-liptai-claudia-lanya-betegsege-miatt\/\">read more<span class=\"gridview-sr-only\"> Kit\u00f6rt a botr\u00e1ny Liptai Claudia l\u00e1nya betegs\u00e9ge miatt!<\/span><\/a><\/span><\/p>\n","protected":false},"author":1,"featured_media":6456,"comment_status":"open","ping_status":"open","sticky":false,"template":"","format":"standard","meta":{"footnotes":""},"categories":[1],"tags":[],"class_list":["post-6455","post","type-post","status-publish","format-standard","has-post-thumbnail","hentry","category-egyeb","wpcat-1-id"],"_links":{"self":[{"href":"https:\/\/online-filmkatarzis.com\/kucko\/hirek\/wp-json\/wp\/v2\/posts\/6455","targetHints":{"allow":["GET"]}}],"collection":[{"href":"https:\/\/online-filmkatarzis.com\/kucko\/hirek\/wp-json\/wp\/v2\/posts"}],"about":[{"href":"https:\/\/online-filmkatarzis.com\/kucko\/hirek\/wp-json\/wp\/v2\/types\/post"}],"author":[{"embeddable":true,"href":"https:\/\/online-filmkatarzis.com\/kucko\/hirek\/wp-json\/wp\/v2\/users\/1"}],"replies":[{"embeddable":true,"href":"https:\/\/online-filmkatarzis.com\/kucko\/hirek\/wp-json\/wp\/v2\/comments?post=6455"}],"version-history":[{"count":1,"href":"https:\/\/online-filmkatarzis.com\/kucko\/hirek\/wp-json\/wp\/v2\/posts\/6455\/revisions"}],"predecessor-version":[{"id":6457,"href":"https:\/\/online-filmkatarzis.com\/kucko\/hirek\/wp-json\/wp\/v2\/posts\/6455\/revisions\/6457"}],"wp:featuredmedia":[{"embeddable":true,"href":"https:\/\/online-filmkatarzis.com\/kucko\/hirek\/wp-json\/wp\/v2\/media\/6456"}],"wp:attachment":[{"href":"https:\/\/online-filmkatarzis.com\/kucko\/hirek\/wp-json\/wp\/v2\/media?parent=6455"}],"wp:term":[{"taxonomy":"category","embeddable":true,"href":"https:\/\/online-filmkatarzis.com\/kucko\/hirek\/wp-json\/wp\/v2\/categories?post=6455"},{"taxonomy":"post_tag","embeddable":true,"href":"https:\/\/online-filmkatarzis.com\/kucko\/hirek\/wp-json\/wp\/v2\/tags?post=6455"}],"curies":[{"name":"wp","href":"https:\/\/api.w.org\/{rel}","templated":true}]}}