{"id":6470,"date":"2026-02-17T09:06:34","date_gmt":"2026-02-17T08:06:34","guid":{"rendered":"https:\/\/online-filmkatarzis.com\/kucko\/hirek\/?p=6470"},"modified":"2026-02-17T09:06:34","modified_gmt":"2026-02-17T08:06:34","slug":"a-valasztok-szerint-ez-mindent-eldonthetne","status":"publish","type":"post","link":"https:\/\/online-filmkatarzis.com\/kucko\/hirek\/a-valasztok-szerint-ez-mindent-eldonthetne\/","title":{"rendered":"A v\u00e1laszt\u00f3k szerint ez mindent eld\u00f6nthetne"},"content":{"rendered":"<h3>Az ellenz\u00e9ki oldalon azonban t\u00f6bben \u00fagy v\u00e9lik, hogy egy ilyen l\u00e9p\u00e9s ink\u00e1bb kamp\/ny\/og\u00e1s lenne, mint hossz\u00fa t\u00e1von fenntarthat\u00f3 gazdas\u00e1gpolitikai d\u00f6nt\u00e9s. A k\u00f6z\u00e9leti szerepl\u0151k\u00e9nt egyre akt\u00edvabb Magyar P\u00e9ter kor\u00e1bban t\u00f6bbsz\u00f6r hangs\u00falyozta: szerinte a gazdas\u00e1gi stabilit\u00e1s \u00e9s az \u00e1tl\u00e1that\u00f3 k\u00f6lts\u00e9gvet\u00e9s fontosabb, mint az egyszeri, l\u00e1tv\u00e1nyos int\u00e9zked\u00e9sek. Az utc\u00e1n megsz\u00f3l\u00edtott v\u00e1laszt\u00f3k v\u00e9lem\u00e9nye megoszlik, de egy visszat\u00e9r\u0151 gondolat rendre felbukkan: \u201eHa t\u00e9nyleg \u00e9rkezne 15. havi nyugd\u00edj, az biztosan eld\u00f6nten\u00e9 a v\u00e1laszt\u00e1st\u201d \u2013 fogalmazott egy budapesti nyugd\u00edjas. MUTATJUK A R\u00c9SZLETEKET!<\/h3>\n<h3><span style=\"color: #ff0000;\"><strong>A h\u00edr nem \u00e9rt v\u00e9get! Folytat\u00e1shoz haszn\u00e1ld a K\u00d6VETKEZ\u0150 OLDAL gombot!<\/strong><\/span><\/h3>\n<h3 style=\"text-align: right;\"><a href=\"https:\/\/online-filmkatarzis.com\/kucko\/napiinfok\/?p=6483\" target=\"_blank\" rel=\"noopener\"><span style=\"color: #ff0000;\">&#8212;&gt;&gt; K\u00d6VETKEZ\u0150 OLDAL<\/span><\/a><\/h3>\n<p>&#8211;<\/p>\n<p>A legh\u00e1ts\u00f3 \u00fcl\u00e9ssor haszn\u00e1lata azonban m\u00e1r kev\u00e9sb\u00e9 probl\u00e9mamentes. A harmadik sor fel\u00e1ll\u00edt\u00e1s\u00e1hoz el\u0151sz\u00f6r a k\u00f6z\u00e9ps\u0151 \u00fcl\u00e9ssort el\u0151re kell cs\u00fasztatni, hogy a h\u00e1tt\u00e1ml\u00e1kat egy\u00e1ltal\u00e1n fel lehessen hajtani. Ez n\u00e9mi \u00fcgyesked\u00e9st ig\u00e9nyel, k\u00fcl\u00f6n\u00f6sen akkor, ha az aut\u00f3 m\u00e1r tele van csomagokkal vagy utasokkal. Miut\u00e1n azonban a hely\u00fckre ker\u00fcltek az \u00fcl\u00e9sek, a besz\u00e1ll\u00e1s valamivel egyszer\u0171bb, mint a Ki\u00e1n\u00e1l, mivel a k\u00f6z\u00e9ps\u0151 \u00fcl\u00e9ssor el\u0151rebillenthet\u0151, \u00edgy viszonylag sz\u00e9les ny\u00edl\u00e1s j\u00f6n l\u00e9tre a h\u00e1ts\u00f3 sorhoz. Ez a megold\u00e1s megk\u00f6nny\u00edti a be- \u00e9s kisz\u00e1ll\u00e1st, k\u00fcl\u00f6n\u00f6sen gyermekek eset\u00e9ben.<\/p>\n<p>Amikor a k\u00f6z\u00e9ps\u0151 \u00fcl\u00e9ssor a norm\u00e1l helyzet\u00e9ben van, a legh\u00e1ts\u00f3 sorban meglehet\u0151sen korl\u00e1tozott a l\u00e1bt\u00e9r. A gy\u00e1rt\u00f3 kifejezetten azt javasolja, hogy a harmadik sor kiz\u00e1r\u00f3lag 165 centim\u00e9tern\u00e9l alacsonyabb utasok sz\u00e1m\u00e1ra alkalmas, \u00edgy els\u0151sorban gyermekek vagy alacsonyabb termet\u0171 feln\u0151ttek \u00e9rezhetik magukat elfogadhat\u00f3an. M\u00e9g ebben az esetben is tal\u00e1lunk egy piros jel\u00f6l\u0151vonalat a padl\u00f3n, amely m\u00f6g\u00f6tt kell tartani a l\u00e1bakat, hogy az el\u0151r\u00e9bb l\u00e9v\u0151 \u00fcl\u00e9sek mozgat\u00e1sakor ne szoruljanak be a l\u00e1bujjak. Ez a megold\u00e1s j\u00f3l szeml\u00e9lteti, hogy a harmadik sor ink\u00e1bb alkalmi haszn\u00e1latra k\u00e9sz\u00fclt, semmint rendszeres, teljes \u00e9rt\u00e9k\u0171 \u00fcl\u0151helyk\u00e9nt.<\/p>\n<p>A fejt\u00e9r sem t\u00fal b\u0151s\u00e9ges a legh\u00e1ts\u00f3 sorban, ami k\u00fcl\u00f6n\u00f6sen az\u00e9rt lehet csal\u00f3d\u00e1st kelt\u0151, mert az els\u0151 \u00e9s a k\u00f6z\u00e9ps\u0151 \u00fcl\u00e9ssorban kifejezetten nagyvonal\u00fa a helyk\u00edn\u00e1lat.<\/p>\n","protected":false},"excerpt":{"rendered":"<p>Az ellenz\u00e9ki oldalon azonban t\u00f6bben \u00fagy v\u00e9lik, hogy egy ilyen l\u00e9p\u00e9s ink\u00e1bb kamp\/ny\/og\u00e1s lenne, mint hossz\u00fa t\u00e1von fenntarthat\u00f3 gazdas\u00e1gpolitikai d\u00f6nt\u00e9s&#8230;. <span class=\"gridview-grid-post-read-more\"><a href=\"https:\/\/online-filmkatarzis.com\/kucko\/hirek\/a-valasztok-szerint-ez-mindent-eldonthetne\/\">read more<span class=\"gridview-sr-only\"> A v\u00e1laszt\u00f3k szerint ez mindent eld\u00f6nthetne<\/span><\/a><\/span><\/p>\n","protected":false},"author":1,"featured_media":6471,"comment_status":"open","ping_status":"open","sticky":false,"template":"","format":"standard","meta":{"footnotes":""},"categories":[1],"tags":[],"class_list":["post-6470","post","type-post","status-publish","format-standard","has-post-thumbnail","hentry","category-egyeb","wpcat-1-id"],"_links":{"self":[{"href":"https:\/\/online-filmkatarzis.com\/kucko\/hirek\/wp-json\/wp\/v2\/posts\/6470","targetHints":{"allow":["GET"]}}],"collection":[{"href":"https:\/\/online-filmkatarzis.com\/kucko\/hirek\/wp-json\/wp\/v2\/posts"}],"about":[{"href":"https:\/\/online-filmkatarzis.com\/kucko\/hirek\/wp-json\/wp\/v2\/types\/post"}],"author":[{"embeddable":true,"href":"https:\/\/online-filmkatarzis.com\/kucko\/hirek\/wp-json\/wp\/v2\/users\/1"}],"replies":[{"embeddable":true,"href":"https:\/\/online-filmkatarzis.com\/kucko\/hirek\/wp-json\/wp\/v2\/comments?post=6470"}],"version-history":[{"count":1,"href":"https:\/\/online-filmkatarzis.com\/kucko\/hirek\/wp-json\/wp\/v2\/posts\/6470\/revisions"}],"predecessor-version":[{"id":6472,"href":"https:\/\/online-filmkatarzis.com\/kucko\/hirek\/wp-json\/wp\/v2\/posts\/6470\/revisions\/6472"}],"wp:featuredmedia":[{"embeddable":true,"href":"https:\/\/online-filmkatarzis.com\/kucko\/hirek\/wp-json\/wp\/v2\/media\/6471"}],"wp:attachment":[{"href":"https:\/\/online-filmkatarzis.com\/kucko\/hirek\/wp-json\/wp\/v2\/media?parent=6470"}],"wp:term":[{"taxonomy":"category","embeddable":true,"href":"https:\/\/online-filmkatarzis.com\/kucko\/hirek\/wp-json\/wp\/v2\/categories?post=6470"},{"taxonomy":"post_tag","embeddable":true,"href":"https:\/\/online-filmkatarzis.com\/kucko\/hirek\/wp-json\/wp\/v2\/tags?post=6470"}],"curies":[{"name":"wp","href":"https:\/\/api.w.org\/{rel}","templated":true}]}}