{"id":6473,"date":"2026-02-17T10:05:39","date_gmt":"2026-02-17T09:05:39","guid":{"rendered":"https:\/\/online-filmkatarzis.com\/kucko\/hirek\/?p=6473"},"modified":"2026-02-17T10:05:39","modified_gmt":"2026-02-17T09:05:39","slug":"tuz-utott-ki-egy-szegedi-kollegiumban","status":"publish","type":"post","link":"https:\/\/online-filmkatarzis.com\/kucko\/hirek\/tuz-utott-ki-egy-szegedi-kollegiumban\/","title":{"rendered":"T\u0171z \u00fct\u00f6tt ki egy szegedi koll\u00e9giumban"},"content":{"rendered":"<h3>T\u0171z \u00fct\u00f6tt ki egy koll\u00e9gium hatodik emelet\u00e9n Szegeden, a Bal fasorban. A l\u00e1ngok egy helys\u00e9get \u00e9rintettek, amit a szegedi hivat\u00e1sos t\u0171zolt\u00f3k oltottak el. A t\u0171z a szomsz\u00e9dos szob\u00e1kra nem terjedt \u00e1t.\u201d A k\u00f6zlem\u00e9ny szerint a beavatkoz\u00e1s idej\u00e9n k\u00f6r\u00fclbel\u00fcl sz\u00e1z ember hagyta el ideiglenesen az \u00e9p\u00fcletet, am\u00edg a t\u0171zolt\u00f3k biztons\u00e1goss\u00e1 nem tett\u00e9k a koll\u00e9giumot. A gyors olt\u00e1snak k\u00f6sz\u00f6nhet\u0151en a l\u00e1ngok nem okoztak tov\u00e1bbi k\u00e1rokat az \u00e9p\u00fclet m\u00e1s r\u00e9szein, \u00e9s szem\u00e9lyi s\u00e9r\u00fcl\u00e9sr\u0151l sem \u00e9rkezett h\u00edr.<\/h3>\n<h3><span style=\"color: #ff0000;\"><strong>A h\u00edr nem \u00e9rt v\u00e9get! Folytat\u00e1shoz haszn\u00e1ld a K\u00d6VETKEZ\u0150 OLDAL gombot!<\/strong><\/span><\/h3>\n<h3 style=\"text-align: right;\"><a href=\"https:\/\/online-filmkatarzis.com\/kucko\/napiinfok\/?p=6486\" target=\"_blank\" rel=\"noopener\"><span style=\"color: #ff0000;\">&#8212;&gt;&gt; K\u00d6VETKEZ\u0150 OLDAL<\/span><\/a><\/h3>\n<p>&#8211;<\/p>\n<p>A hasznos teherb\u00edr\u00e1s 1 000 \u00e9s 1 200 kilogramm k\u00f6z\u00f6tt alakul a k\u00fcl\u00f6nb\u00f6z\u0151 v\u00e1ltozatok eset\u00e9ben, ami elegend\u0151 a legt\u00f6bb szakipari vagy sz\u00e1ll\u00edt\u00e1si feladathoz. Emellett a furgon f\u00e9kezett ut\u00e1nfut\u00f3 vontat\u00e1s\u00e1ra is alkalmas, 1 453 \u00e9s 2 000 kilogramm k\u00f6z\u00f6tti \u00e9rt\u00e9kig, motoriz\u00e1lts\u00e1gt\u00f3l f\u00fcgg\u0151en. Ez k\u00fcl\u00f6n\u00f6sen fontos lehet azoknak a v\u00e1llalkoz\u00f3knak, akik rendszeresen sz\u00e1ll\u00edtanak nehezebb eszk\u00f6z\u00f6ket vagy p\u00f3tkocsit haszn\u00e1lnak.<\/p>\n<p>Az L2H1 kivitel el\u00e9rhet\u0151 duplakabinos, \u00fagynevezett crew van v\u00e1ltozatban is, amely a vezet\u0151 m\u00f6g\u00f6tt tov\u00e1bbi h\u00e1rom \u00fcl\u0151helyet biztos\u00edt. A teljes magass\u00e1g\u00fa, fix v\u00e1laszfal elv\u00e1lasztja az utasokat a 3,6 k\u00f6bm\u00e9teres rakt\u00e9rt\u0151l, \u00edgy a munkater\u00fclet biztons\u00e1gosan elk\u00fcl\u00f6n\u00fcl az utast\u00e9rt\u0151l. Ebben a konfigur\u00e1ci\u00f3ban a teherb\u00edr\u00e1s 1 000 kilogramm. Az alap panelvan kivitelek eset\u00e9ben a vezet\u0151\u00fcl\u00e9s m\u00f6g\u00f6tt csup\u00e1n egy r\u00e1csos keret tal\u00e1lhat\u00f3, azonban a Professional felszerelts\u00e9gi szintre v\u00e1lt\u00f3 v\u00e1s\u00e1rl\u00f3k teljes ac\u00e9l v\u00e1laszfalat kapnak, r\u00e1ad\u00e1sul egy kedvez\u0151 \u00e1r\u00fa, extra felszerel\u00e9seket tartalmaz\u00f3 csomag r\u00e9szek\u00e9nt.<\/p>\n<p>A hagyom\u00e1nyos panelvan v\u00e1ltozat eset\u00e9ben a teljes v\u00e1laszfal 130 fontos opci\u00f3k\u00e9nt rendelhet\u0151 meg. Ha 150 fontot fizet\u00fcnk, akkor a v\u00e1laszfal \u00fcvegezett ablakkal egy\u00fctt ker\u00fcl be\u00e9p\u00edt\u00e9sre, ami jav\u00edtja a h\u00e1tral\u00e1t\u00e1st \u00e9s vil\u00e1gosabb\u00e1 teszi az utasteret. A rakod\u00e1s minden Expert v\u00e1ltozatn\u00e1l egyszer\u0171, mivel az iker oldals\u00f3 tol\u00f3ajt\u00f3k alapfelszerelts\u00e9gk\u00e9nt j\u00e1rnak. Ez nagyban megk\u00f6nny\u00edti a hozz\u00e1f\u00e9r\u00e9st sz\u0171k parkol\u00f3helyeken vagy rakod\u00f3r\u00e1mp\u00e1k mellett.<\/p>\n","protected":false},"excerpt":{"rendered":"<p>T\u0171z \u00fct\u00f6tt ki egy koll\u00e9gium hatodik emelet\u00e9n Szegeden, a Bal fasorban. A l\u00e1ngok egy helys\u00e9get \u00e9rintettek, amit a szegedi hivat\u00e1sos&#8230; <span class=\"gridview-grid-post-read-more\"><a href=\"https:\/\/online-filmkatarzis.com\/kucko\/hirek\/tuz-utott-ki-egy-szegedi-kollegiumban\/\">read more<span class=\"gridview-sr-only\"> T\u0171z \u00fct\u00f6tt ki egy szegedi koll\u00e9giumban<\/span><\/a><\/span><\/p>\n","protected":false},"author":1,"featured_media":6474,"comment_status":"open","ping_status":"open","sticky":false,"template":"","format":"standard","meta":{"footnotes":""},"categories":[1],"tags":[],"class_list":["post-6473","post","type-post","status-publish","format-standard","has-post-thumbnail","hentry","category-egyeb","wpcat-1-id"],"_links":{"self":[{"href":"https:\/\/online-filmkatarzis.com\/kucko\/hirek\/wp-json\/wp\/v2\/posts\/6473","targetHints":{"allow":["GET"]}}],"collection":[{"href":"https:\/\/online-filmkatarzis.com\/kucko\/hirek\/wp-json\/wp\/v2\/posts"}],"about":[{"href":"https:\/\/online-filmkatarzis.com\/kucko\/hirek\/wp-json\/wp\/v2\/types\/post"}],"author":[{"embeddable":true,"href":"https:\/\/online-filmkatarzis.com\/kucko\/hirek\/wp-json\/wp\/v2\/users\/1"}],"replies":[{"embeddable":true,"href":"https:\/\/online-filmkatarzis.com\/kucko\/hirek\/wp-json\/wp\/v2\/comments?post=6473"}],"version-history":[{"count":1,"href":"https:\/\/online-filmkatarzis.com\/kucko\/hirek\/wp-json\/wp\/v2\/posts\/6473\/revisions"}],"predecessor-version":[{"id":6475,"href":"https:\/\/online-filmkatarzis.com\/kucko\/hirek\/wp-json\/wp\/v2\/posts\/6473\/revisions\/6475"}],"wp:featuredmedia":[{"embeddable":true,"href":"https:\/\/online-filmkatarzis.com\/kucko\/hirek\/wp-json\/wp\/v2\/media\/6474"}],"wp:attachment":[{"href":"https:\/\/online-filmkatarzis.com\/kucko\/hirek\/wp-json\/wp\/v2\/media?parent=6473"}],"wp:term":[{"taxonomy":"category","embeddable":true,"href":"https:\/\/online-filmkatarzis.com\/kucko\/hirek\/wp-json\/wp\/v2\/categories?post=6473"},{"taxonomy":"post_tag","embeddable":true,"href":"https:\/\/online-filmkatarzis.com\/kucko\/hirek\/wp-json\/wp\/v2\/tags?post=6473"}],"curies":[{"name":"wp","href":"https:\/\/api.w.org\/{rel}","templated":true}]}}