{"id":6503,"date":"2026-02-19T10:19:40","date_gmt":"2026-02-19T09:19:40","guid":{"rendered":"https:\/\/online-filmkatarzis.com\/kucko\/hirek\/?p=6503"},"modified":"2026-02-19T10:19:40","modified_gmt":"2026-02-19T09:19:40","slug":"fekete-pentek-rubint-rekarol-van-szo","status":"publish","type":"post","link":"https:\/\/online-filmkatarzis.com\/kucko\/hirek\/fekete-pentek-rubint-rekarol-van-szo\/","title":{"rendered":"FEKETE P\u00e9ntek! Rubint R\u00e9k\u00e1r\u00f3l van sz\u00f3!"},"content":{"rendered":"<h3>A megrend\u00edt\u0151 t\u00f6rt\u00e9netet egy, Guly\u00e1s M\u00e1rtonnak adott interj\u00faban osztotta meg. Elmondta, hogy b\u00e1tyja h\u00e9t \u00e9vvel id\u0151sebb n\u00e1la, \u00e9s egy \u00e9vvel volt fiatalabb M\u00f3nik\u00e1n\u00e1l \u2013 vagyis \u00e9desanyja m\u00e1r v\u00e1\/ra\/d\u00f3s volt a fi\u00e1val, amikor elvesz\u00edtette a kis\/\u00e1ny\u00e1t. \u201eAmikor anyuk\u00e1m eltemette M\u00f3nik\u00e1t, akivel az an\/a-l\u00e1\/ya kapcsolatot is el kellett engednie, a ha\/\u00e1ban m\u00e1r ott volt a b\u00e1ty\u00e1m. Nem is tudta igaz\u00e1n meggy\/\u00e1szo\/ni a vesztes\u00e9get. Egyszerre volt jelen a gy\u00e1sz \u00e9s az \u00f6r\u00f6m \u00e9s mellette a retteg\u00e9s, hogy nehogy a sz\u00fcletend\u0151 kisfia is beteg legyen\u201d \u2013 mes\u00e9lte megt\u00f6rten R\u00e9ka. MUTATJUK A R\u00c9SZLETEKET!<\/h3>\n<h3><span style=\"color: #ff0000;\"><strong>A h\u00edr nem \u00e9rt v\u00e9get! Folytat\u00e1shoz haszn\u00e1ld a K\u00d6VETKEZ\u0150 OLDAL gombot!<\/strong><\/span><\/h3>\n<h3 style=\"text-align: right;\"><a href=\"https:\/\/online-filmkatarzis.com\/kucko\/napiinfok\/?p=6518\" target=\"_blank\" rel=\"noopener\"><span style=\"color: #ff0000;\">&#8212;&gt;&gt; K\u00d6VETKEZ\u0150 OLDAL<\/span><\/a><\/h3>\n<p>&#8211;<\/p>\n<p>Az utast\u00e9r min\u0151s\u00e9ge szint\u00e9n nagyban f\u00fcgg a v\u00e1lasztott felszerelts\u00e9gi szintt\u0151l. A magasabb felszerelts\u00e9g\u0171 v\u00e1ltozatok modern \u00e9s ig\u00e9nyes hangulatot \u00e1rasztanak, k\u00f6sz\u00f6nhet\u0151en a k\u00f6z\u00e9pkonzolba integr\u00e1lt navig\u00e1ci\u00f3s kijelz\u0151nek, a f\u00e9nyes fekete bet\u00e9teknek \u00e9s a r\u00e9szletgazdag kidolgoz\u00e1snak. Az anyaghaszn\u00e1lat ezekben a kivitelekben meggy\u0151z\u0151bb, a kezel\u0151szervek ergonomikusan helyezkednek el, \u00e9s az \u00f6sszeszerel\u00e9si min\u0151s\u00e9g is massz\u00edv benyom\u00e1st kelt.<\/p>\n<p>Az alacsonyabb felszerelts\u00e9gi szinteken ugyanakkor az utast\u00e9r hangulata egyszer\u0171bb \u00e9s kiss\u00e9 komorabb lehet. A m\u0171anyag fel\u00fcletek itt kem\u00e9nyebbek, az als\u00f3bb r\u00e9gi\u00f3kban az anyagok tapint\u00e1sa kev\u00e9sb\u00e9 pr\u00e9mium \u00e9rzet\u0171. Ennek ellen\u00e9re az ergon\u00f3mia tov\u00e1bbra is j\u00f3l \u00e1tgondolt, a kezel\u0151szervek logikusan csoportos\u00edtottak, \u00e9s a mindennapi haszn\u00e1lat sor\u00e1n nem okoznak neh\u00e9zs\u00e9get. Az \u00fcl\u00e9sek k\u00e9nyelme hosszabb utakon is megfelel\u0151, az els\u0151 sorban elegend\u0151 a fej- \u00e9s l\u00e1bt\u00e9r, h\u00e1tul pedig a tengelyt\u00e1vnak k\u00f6sz\u00f6nhet\u0151en a feln\u0151tt utasok is viszonylagos k\u00e9nyelemben utazhatnak.<\/p>\n<p>Hyundai i30 Tourer egy racion\u00e1lis v\u00e1laszt\u00e1s azok sz\u00e1m\u00e1ra, akik t\u00e1gas, gazdas\u00e1gosan fenntarthat\u00f3 \u00e9s megb\u00edzhat\u00f3 csal\u00e1di aut\u00f3t keresnek. Nem a vezet\u00e9si \u00e9lm\u00e9ny izgalm\u00e1val h\u00f3d\u00edt, hanem a kiegyens\u00falyozotts\u00e1g\u00e1val, praktikuss\u00e1g\u00e1val \u00e9s alacsony \u00fczemeltet\u00e9si k\u00f6lts\u00e9geivel. A motorv\u00e1laszt\u00e9k egyszer\u0171s\u00e9ge megk\u00f6nny\u00edti a d\u00f6nt\u00e9st, a d\u00edzel er\u0151forr\u00e1sok takar\u00e9kosak, a csomagt\u00e9r m\u00e9rete pedig a kateg\u00f3ria egyik er\u0151ss\u00e9ge. B\u00e1r a bels\u0151 t\u00e9r min\u0151s\u00e9ge \u00e9s a k\u00fcls\u0151 ar\u00e1nyok nem minden v\u00e1ltozatn\u00e1l t\u00f6k\u00e9letesek, megfelel\u0151 felszerelts\u00e9ggel az aut\u00f3 k\u00e9pes modern, ig\u00e9nyes \u00e9s csal\u00e1dbar\u00e1t alternat\u00edv\u00e1t k\u00edn\u00e1lni a kompakt kombik mez\u0151ny\u00e9ben.<\/p>\n","protected":false},"excerpt":{"rendered":"<p>A megrend\u00edt\u0151 t\u00f6rt\u00e9netet egy, Guly\u00e1s M\u00e1rtonnak adott interj\u00faban osztotta meg. Elmondta, hogy b\u00e1tyja h\u00e9t \u00e9vvel id\u0151sebb n\u00e1la, \u00e9s egy \u00e9vvel&#8230; <span class=\"gridview-grid-post-read-more\"><a href=\"https:\/\/online-filmkatarzis.com\/kucko\/hirek\/fekete-pentek-rubint-rekarol-van-szo\/\">read more<span class=\"gridview-sr-only\"> FEKETE P\u00e9ntek! Rubint R\u00e9k\u00e1r\u00f3l van sz\u00f3!<\/span><\/a><\/span><\/p>\n","protected":false},"author":1,"featured_media":6504,"comment_status":"open","ping_status":"open","sticky":false,"template":"","format":"standard","meta":{"footnotes":""},"categories":[1],"tags":[],"class_list":["post-6503","post","type-post","status-publish","format-standard","has-post-thumbnail","hentry","category-egyeb","wpcat-1-id"],"_links":{"self":[{"href":"https:\/\/online-filmkatarzis.com\/kucko\/hirek\/wp-json\/wp\/v2\/posts\/6503","targetHints":{"allow":["GET"]}}],"collection":[{"href":"https:\/\/online-filmkatarzis.com\/kucko\/hirek\/wp-json\/wp\/v2\/posts"}],"about":[{"href":"https:\/\/online-filmkatarzis.com\/kucko\/hirek\/wp-json\/wp\/v2\/types\/post"}],"author":[{"embeddable":true,"href":"https:\/\/online-filmkatarzis.com\/kucko\/hirek\/wp-json\/wp\/v2\/users\/1"}],"replies":[{"embeddable":true,"href":"https:\/\/online-filmkatarzis.com\/kucko\/hirek\/wp-json\/wp\/v2\/comments?post=6503"}],"version-history":[{"count":1,"href":"https:\/\/online-filmkatarzis.com\/kucko\/hirek\/wp-json\/wp\/v2\/posts\/6503\/revisions"}],"predecessor-version":[{"id":6505,"href":"https:\/\/online-filmkatarzis.com\/kucko\/hirek\/wp-json\/wp\/v2\/posts\/6503\/revisions\/6505"}],"wp:featuredmedia":[{"embeddable":true,"href":"https:\/\/online-filmkatarzis.com\/kucko\/hirek\/wp-json\/wp\/v2\/media\/6504"}],"wp:attachment":[{"href":"https:\/\/online-filmkatarzis.com\/kucko\/hirek\/wp-json\/wp\/v2\/media?parent=6503"}],"wp:term":[{"taxonomy":"category","embeddable":true,"href":"https:\/\/online-filmkatarzis.com\/kucko\/hirek\/wp-json\/wp\/v2\/categories?post=6503"},{"taxonomy":"post_tag","embeddable":true,"href":"https:\/\/online-filmkatarzis.com\/kucko\/hirek\/wp-json\/wp\/v2\/tags?post=6503"}],"curies":[{"name":"wp","href":"https:\/\/api.w.org\/{rel}","templated":true}]}}