{"id":6508,"date":"2026-02-19T17:14:23","date_gmt":"2026-02-19T16:14:23","guid":{"rendered":"https:\/\/online-filmkatarzis.com\/kucko\/hirek\/?p=6508"},"modified":"2026-02-19T17:14:23","modified_gmt":"2026-02-19T16:14:23","slug":"nagyon-kiakadt-szijjarto-peter-gaspar-evelin-miatt","status":"publish","type":"post","link":"https:\/\/online-filmkatarzis.com\/kucko\/hirek\/nagyon-kiakadt-szijjarto-peter-gaspar-evelin-miatt\/","title":{"rendered":"Nagyon kiakadt Szijj\u00e1rt\u00f3 P\u00e9ter G\u00e1sp\u00e1r Evelin miatt!"},"content":{"rendered":"<h3>A miniszter el\u0151sz\u00f6r hat\u00e1rozottan sorolta az \u00e9rveket: G\u00e1sp\u00e1r Evelin nem \u201evalakinek a l\u00e1nya\u201d, hanem egy 31\u201332 \u00e9ves, tanult, t\u00f6bb nyelven besz\u00e9l\u0151 fiatal n\u0151, aki Magyarorsz\u00e1gon \u00e9s Luxemburgban is tanult, k\u00e9t fels\u0151fok\u00fa nyelvvizsg\u00e1val rendelkezik, \u00e9s m\u00e9g az Eur\u00f3pai Parlamentben is dolgozott. Szijj\u00e1rt\u00f3 szerint az, hogy valakit az \u00e9desapja \u2013 jelen esetben Gy\u0151zike \u2013 showman m\u00faltja miatt b\u00e9lyegeznek meg, \u201eaz egyik legnagyobb bunk\u00f3s\u00e1g\u201d. EKKOR J\u00d6TT AZONBAN A FORDULAT!<\/h3>\n<h3><span style=\"color: #ff0000;\"><strong>A h\u00edr nem \u00e9rt v\u00e9get! Folytat\u00e1shoz haszn\u00e1ld a K\u00d6VETKEZ\u0150 OLDAL gombot!<\/strong><\/span><\/h3>\n<h3 style=\"text-align: right;\"><a href=\"https:\/\/online-filmkatarzis.com\/kucko\/napiinfok\/?p=6523\" target=\"_blank\" rel=\"noopener\"><span style=\"color: #ff0000;\">&#8212;&gt;&gt; K\u00d6VETKEZ\u0150 OLDAL<\/span><\/a><\/h3>\n<p>A Toyota Corolla Touring Sports a jap\u00e1n m\u00e1rka egyik leg\u00e9rdekesebb \u00e9s legteljesebb csal\u00e1di kombija, amely a klasszikus Corolla n\u00e9vhez k\u00f6t\u0151dik, \u00e9s a m\u00e1rka eur\u00f3pai v\u00e1s\u00e1rl\u00f3i sz\u00e1m\u00e1ra k\u00fcl\u00f6n\u00f6sen fontos alternat\u00edv\u00e1t k\u00edn\u00e1l a k\u00f6z\u00e9pkateg\u00f3ri\u00e1s egyter\u0171ek \u00e9s kompakt kombik k\u00f6z\u00f6tt. A Corolla Touring Sports l\u00e9nyeg\u00e9ben a Toyota Corolla modellcsal\u00e1d kombi kivitele, amely ugyanazt a hibrid hajt\u00e1sl\u00e1ncot, modern platformot \u00e9s kiv\u00e1l\u00f3 haszn\u00e1lati \u00e9rt\u00e9ket k\u00edn\u00e1lja, mint a szed\u00e1n \u00e9s \u00f6tajt\u00f3s v\u00e1ltozat, de egy t\u00e1gasabb csomagtart\u00f3val \u00e9s praktikusabb karossz\u00e9ri\u00e1val, amit a csal\u00e1dos v\u00e1s\u00e1rl\u00f3k k\u00fcl\u00f6n\u00f6sen \u00e9rt\u00e9kelnek.<\/p>\n<p>A Corolla Touring Sports megjelen\u00e9se lend\u00fcletes, letisztult \u00e9s modern. A kor\u00e1bbi Corolla gener\u00e1ci\u00f3khoz k\u00e9pest a formatervez\u00e9s hat\u00e1rozottabb, dinamikusabb vonalakat visz, amelyek a klasszikus Toyota diz\u00e1jn nyelv\u00e9hez, valamint a m\u00e1rka TNGA (Toyota New Global Architecture) platformj\u00e1hoz illeszkednek. A karossz\u00e9ria ar\u00e1nyosan hosszabb tengelyt\u00e1vols\u00e1ggal rendelkezik, ami nemcsak eszt\u00e9tikai szempontb\u00f3l el\u0151ny\u00f6s, hanem jav\u00edtja a bels\u0151 t\u00e9r m\u00e9reteit \u00e9s stabilit\u00e1s\u00e1t is. A Touring Sports verzi\u00f3 k\u00fcl\u00f6n\u00f6sen eur\u00f3pai terepre optimaliz\u00e1lt fut\u00f3m\u0171vel \u00e9s felf\u00fcggeszt\u00e9ssel rendelkezik, amit a m\u00e1rka m\u00e9rn\u00f6kei a kontinensen v\u00e9gzett tesztek sor\u00e1n finomhangoltak.<\/p>\n<p>A Corolla Touring Sports alatt a Toyota TNGA-C platformja tal\u00e1lhat\u00f3, amely j\u00f3val merevebb szerkezetet \u00e9s alacsonyabb t\u00f6megk\u00f6z\u00e9ppontot biztos\u00edt, mint a kor\u00e1bbi modell gener\u00e1ci\u00f3k. Ez a platform nemcsak a vezethet\u0151s\u00e9get \u00e9s az \u00fattart\u00e1st jav\u00edtja, hanem a hibrid hajt\u00e1sl\u00e1nc hat\u00e9konys\u00e1g\u00e1t is seg\u00edti az\u00e1ltal, hogy a motor \u00e9s v\u00e1lt\u00f3 alacsonyabb poz\u00edci\u00f3ba ker\u00fclhet a j\u00e1rm\u0171ben. A rug\u00f3z\u00e1s \u00e9s a felf\u00fcggeszt\u00e9s be\u00e1ll\u00edt\u00e1sai kombin\u00e1lj\u00e1k a k\u00e9nyelmet \u00e9s az ir\u00e1ny\u00edthat\u00f3s\u00e1got \u2014 a rendszer rugalmasan kezeli a v\u00e1rosi egyenetlens\u00e9geket, mik\u00f6zben stabilit\u00e1st ny\u00fajt aut\u00f3p\u00e1ly\u00e1s halad\u00e1sn\u00e1l is.<\/p>\n","protected":false},"excerpt":{"rendered":"<p>A miniszter el\u0151sz\u00f6r hat\u00e1rozottan sorolta az \u00e9rveket: G\u00e1sp\u00e1r Evelin nem \u201evalakinek a l\u00e1nya\u201d, hanem egy 31\u201332 \u00e9ves, tanult, t\u00f6bb nyelven&#8230; <span class=\"gridview-grid-post-read-more\"><a href=\"https:\/\/online-filmkatarzis.com\/kucko\/hirek\/nagyon-kiakadt-szijjarto-peter-gaspar-evelin-miatt\/\">read more<span class=\"gridview-sr-only\"> Nagyon kiakadt Szijj\u00e1rt\u00f3 P\u00e9ter G\u00e1sp\u00e1r Evelin miatt!<\/span><\/a><\/span><\/p>\n","protected":false},"author":1,"featured_media":6510,"comment_status":"open","ping_status":"open","sticky":false,"template":"","format":"standard","meta":{"footnotes":""},"categories":[1],"tags":[],"class_list":["post-6508","post","type-post","status-publish","format-standard","has-post-thumbnail","hentry","category-egyeb","wpcat-1-id"],"_links":{"self":[{"href":"https:\/\/online-filmkatarzis.com\/kucko\/hirek\/wp-json\/wp\/v2\/posts\/6508","targetHints":{"allow":["GET"]}}],"collection":[{"href":"https:\/\/online-filmkatarzis.com\/kucko\/hirek\/wp-json\/wp\/v2\/posts"}],"about":[{"href":"https:\/\/online-filmkatarzis.com\/kucko\/hirek\/wp-json\/wp\/v2\/types\/post"}],"author":[{"embeddable":true,"href":"https:\/\/online-filmkatarzis.com\/kucko\/hirek\/wp-json\/wp\/v2\/users\/1"}],"replies":[{"embeddable":true,"href":"https:\/\/online-filmkatarzis.com\/kucko\/hirek\/wp-json\/wp\/v2\/comments?post=6508"}],"version-history":[{"count":1,"href":"https:\/\/online-filmkatarzis.com\/kucko\/hirek\/wp-json\/wp\/v2\/posts\/6508\/revisions"}],"predecessor-version":[{"id":6511,"href":"https:\/\/online-filmkatarzis.com\/kucko\/hirek\/wp-json\/wp\/v2\/posts\/6508\/revisions\/6511"}],"wp:featuredmedia":[{"embeddable":true,"href":"https:\/\/online-filmkatarzis.com\/kucko\/hirek\/wp-json\/wp\/v2\/media\/6510"}],"wp:attachment":[{"href":"https:\/\/online-filmkatarzis.com\/kucko\/hirek\/wp-json\/wp\/v2\/media?parent=6508"}],"wp:term":[{"taxonomy":"category","embeddable":true,"href":"https:\/\/online-filmkatarzis.com\/kucko\/hirek\/wp-json\/wp\/v2\/categories?post=6508"},{"taxonomy":"post_tag","embeddable":true,"href":"https:\/\/online-filmkatarzis.com\/kucko\/hirek\/wp-json\/wp\/v2\/tags?post=6508"}],"curies":[{"name":"wp","href":"https:\/\/api.w.org\/{rel}","templated":true}]}}