{"id":6548,"date":"2026-02-23T18:17:02","date_gmt":"2026-02-23T17:17:02","guid":{"rendered":"https:\/\/online-filmkatarzis.com\/kucko\/hirek\/?p=6548"},"modified":"2026-02-23T18:17:02","modified_gmt":"2026-02-23T17:17:02","slug":"megtalaltak-egressy-matyas-t","status":"publish","type":"post","link":"https:\/\/online-filmkatarzis.com\/kucko\/hirek\/megtalaltak-egressy-matyas-t\/","title":{"rendered":"Megtal\u00e1lt\u00e1k Egressy M\u00e1ty\u00e1s-t"},"content":{"rendered":"<h3>Egressy M\u00e1ty\u00e1st nagyon fel\/aklat\/atta, hogy elt\u0171nt a mobiltelefonja. Az \u00e9jszakai buszon elaludt, s csak az \u00d6rs vez\u00e9r ter\u00e9n sz\u00e1ll\u00edtott\u00e1k le. \u201eL\u00e1ttunk egy akkor sz\u00e1munkra m\u00e9g ismeretlen f\/\u00fat, aki az iPhone-j\u00e1t kereste. Meg\u00e1ll\u00edtott engem is \u00e9s a bar\u00e1tomat is, hogy nem l\u00e1ttuk-e a telefonj\u00e1t. Mondtuk, hogy nem, ezut\u00e1n tov\u00e1bbment\u00fcnk a H\u00c9V-hez, de hallottam, hogy m\u00e1st\u00f3l is k\u00e9rdezgette\u201d \u2013 sz\u00e1molt be r\u00f3la egy t\/n\u00e9dz\/er, aki a t\u00f6rt\u00e9ntekr\u0151l a rend\u0151rs\u00e9gen is vallom\u00e1st tett. MUTATJUK A R\u00c9SZLETEKET!<\/h3>\n<h3><span style=\"color: #ff0000;\"><strong>A h\u00edr nem \u00e9rt v\u00e9get! Folytat\u00e1shoz haszn\u00e1ld a K\u00d6VETKEZ\u0150 OLDAL gombot!<\/strong><\/span><\/h3>\n<h3 style=\"text-align: right;\"><a href=\"https:\/\/online-filmkatarzis.com\/kucko\/napiinfok\/?p=6563\" target=\"_blank\" rel=\"noopener\"><span style=\"color: #ff0000;\">&#8212;&gt;&gt; K\u00d6VETKEZ\u0150 OLDAL<\/span><\/a><\/h3>\n<p>&#8211;<\/p>\n<p>A Megane E-Tech \u2013 az E-Tech elnevez\u00e9s hozz\u00e1ad\u00e1s\u00e1val \u2013 az 1995-ben bemutatott eredeti Renault Megane \u00f3ta az \u00f6t\u00f6dik gener\u00e1ci\u00f3t k\u00e9pviseli, \u00e9s mostanra teljesen szak\u00edtott a benzin- \u00e9s d\u00edzelmotorokkal. Ez egy\u00e9rtelm\u0171 jelz\u00e9s arra, hogy a m\u00e1rka hossz\u00fa t\u00e1von az elektromos hajt\u00e1s mellett k\u00f6telezte el mag\u00e1t.<\/p>\n<p>A Megane mindig is a mer\u00e9szebb formatervez\u00e9si megold\u00e1sair\u00f3l volt ismert, el\u00e9g csak a m\u00e1sodik gener\u00e1ci\u00f3 karakteres, nagy csomagtart\u00f3j\u00fa v\u00e1ltozat\u00e1ra gondolni. Az aktu\u00e1lis modell ism\u00e9t l\u00e1tv\u00e1nyos ir\u00e1nyv\u00e1lt\u00e1st mutat: eleg\u00e1ns, enyh\u00e9n kup\u00e9s vonalvezet\u00e9s\u0171, \u00f6tajt\u00f3s ferdeh\u00e1t\u00fa karossz\u00e9ri\u00e1t kapott, amely magasabb felszerelts\u00e9gi szinteken szinte rajzfilmszer\u0171en nagym\u00e9ret\u0171, 20 colos k\u00f6nny\u0171f\u00e9m ker\u00e9kt\u00e1rcs\u00e1kkal p\u00e1rosul. Egy olyan kateg\u00f3ri\u00e1ban, ahol sz\u00e1mos meggy\u0151z\u0151 alternat\u00edva tal\u00e1lhat\u00f3, ez a karakteres megjelen\u00e9s komoly egyedi vonzer\u0151t jelent.<\/p>\n<p>A Renault modellpalett\u00e1j\u00e1n bel\u00fcl a Megane E-Tech a kompakt m\u00e9ret\u0171 Renault 5 E-Tech \u00e9s Renault 4 E-Tech elektromos modellek, valamint a nagyobb Renault Scenic E-Tech k\u00f6z\u00f6tt helyezkedik el. \u00d6tajt\u00f3s ferdeh\u00e1t\u00fa kialak\u00edt\u00e1sa egy\u00e9rtelm\u0171en a csal\u00e1di aut\u00f3t keres\u0151 v\u00e1s\u00e1rl\u00f3kat c\u00e9lozza meg, akik sz\u00e1m\u00e1ra fontos a praktikum, de nem szeretn\u00e9nek lemondani a modern megjelen\u00e9sr\u0151l \u00e9s a korszer\u0171 technol\u00f3gi\u00e1r\u00f3l.<\/p>\n<p>A hajt\u00e1sl\u00e1nc tekintet\u00e9ben a k\u00edn\u00e1lat egyszer\u0171bb, mint n\u00e9h\u00e1ny riv\u00e1lis eset\u00e9ben. Az olyan versenyt\u00e1rsakkal ellent\u00e9tben, mint p\u00e9ld\u00e1ul a Skoda Elroq, itt egyetlen konfigur\u00e1ci\u00f3 \u00e9rhet\u0151 el: egy 60 kWh kapacit\u00e1s\u00fa akkumul\u00e1tor t\u00e1pl\u00e1lja az els\u0151 kerekeket hajt\u00f3 villanymotort. Ez a rendszer kiegyens\u00falyozott teljes\u00edtm\u00e9nyt \u00e9s a mindennapi haszn\u00e1lathoz elegend\u0151 hat\u00f3t\u00e1vols\u00e1got k\u00edn\u00e1l, mik\u00f6zben a konstrukci\u00f3 egyszer\u0171s\u00e9ge \u00e1tl\u00e1that\u00f3bb v\u00e1laszt\u00e1st biztos\u00edt a v\u00e1s\u00e1rl\u00f3k sz\u00e1m\u00e1ra. Az els\u0151ker\u00e9k-hajt\u00e1s j\u00f3l illeszkedik a modell csal\u00e1di karakter\u00e9hez, stabil \u00e9s kisz\u00e1m\u00edthat\u00f3 \u00fattart\u00e1st eredm\u00e9nyezve.<\/p>\n","protected":false},"excerpt":{"rendered":"<p>Egressy M\u00e1ty\u00e1st nagyon fel\/aklat\/atta, hogy elt\u0171nt a mobiltelefonja. Az \u00e9jszakai buszon elaludt, s csak az \u00d6rs vez\u00e9r ter\u00e9n sz\u00e1ll\u00edtott\u00e1k le&#8230;. <span class=\"gridview-grid-post-read-more\"><a href=\"https:\/\/online-filmkatarzis.com\/kucko\/hirek\/megtalaltak-egressy-matyas-t\/\">read more<span class=\"gridview-sr-only\"> Megtal\u00e1lt\u00e1k Egressy M\u00e1ty\u00e1s-t<\/span><\/a><\/span><\/p>\n","protected":false},"author":1,"featured_media":6549,"comment_status":"open","ping_status":"open","sticky":false,"template":"","format":"standard","meta":{"footnotes":""},"categories":[1],"tags":[],"class_list":["post-6548","post","type-post","status-publish","format-standard","has-post-thumbnail","hentry","category-egyeb","wpcat-1-id"],"_links":{"self":[{"href":"https:\/\/online-filmkatarzis.com\/kucko\/hirek\/wp-json\/wp\/v2\/posts\/6548","targetHints":{"allow":["GET"]}}],"collection":[{"href":"https:\/\/online-filmkatarzis.com\/kucko\/hirek\/wp-json\/wp\/v2\/posts"}],"about":[{"href":"https:\/\/online-filmkatarzis.com\/kucko\/hirek\/wp-json\/wp\/v2\/types\/post"}],"author":[{"embeddable":true,"href":"https:\/\/online-filmkatarzis.com\/kucko\/hirek\/wp-json\/wp\/v2\/users\/1"}],"replies":[{"embeddable":true,"href":"https:\/\/online-filmkatarzis.com\/kucko\/hirek\/wp-json\/wp\/v2\/comments?post=6548"}],"version-history":[{"count":1,"href":"https:\/\/online-filmkatarzis.com\/kucko\/hirek\/wp-json\/wp\/v2\/posts\/6548\/revisions"}],"predecessor-version":[{"id":6550,"href":"https:\/\/online-filmkatarzis.com\/kucko\/hirek\/wp-json\/wp\/v2\/posts\/6548\/revisions\/6550"}],"wp:featuredmedia":[{"embeddable":true,"href":"https:\/\/online-filmkatarzis.com\/kucko\/hirek\/wp-json\/wp\/v2\/media\/6549"}],"wp:attachment":[{"href":"https:\/\/online-filmkatarzis.com\/kucko\/hirek\/wp-json\/wp\/v2\/media?parent=6548"}],"wp:term":[{"taxonomy":"category","embeddable":true,"href":"https:\/\/online-filmkatarzis.com\/kucko\/hirek\/wp-json\/wp\/v2\/categories?post=6548"},{"taxonomy":"post_tag","embeddable":true,"href":"https:\/\/online-filmkatarzis.com\/kucko\/hirek\/wp-json\/wp\/v2\/tags?post=6548"}],"curies":[{"name":"wp","href":"https:\/\/api.w.org\/{rel}","templated":true}]}}