{"id":6589,"date":"2026-02-25T20:07:57","date_gmt":"2026-02-25T19:07:57","guid":{"rendered":"https:\/\/online-filmkatarzis.com\/kucko\/hirek\/?p=6589"},"modified":"2026-02-25T20:07:57","modified_gmt":"2026-02-25T19:07:57","slug":"most-erkezett-a-rettenetes-hir-janicsak-vecarol","status":"publish","type":"post","link":"https:\/\/online-filmkatarzis.com\/kucko\/hirek\/most-erkezett-a-rettenetes-hir-janicsak-vecarol\/","title":{"rendered":"Most \u00e9rkezett a rettenetes h\u00edr Janics\u00e1k Vec\u00e1r\u00f3l"},"content":{"rendered":"<h3>A dr\u00e1ma egy \u00e1rtatlannak t\u0171n\u0151 rutinsz\u0171r\u00e9s ut\u00e1n kezd\u0151d\u00f6tt. H\u00e9tv\u00e9ge volt. Cs\u00f6rg\u00f6tt a telefon. Az orvos h\u00edvta. M\u00e1r ez \u00f6nmag\u00e1ban balj\u00f3s jel. A besz\u00e9lget\u00e9s r\u00f6vid volt, m\u00e9gis sorsford\u00edt\u00f3. \u201e30 \u00e9vesen kellett meghoznom ezt a s\u00falyos d\u00f6nt\u00e9st\u201d \u2013 id\u00e9zte fel remeg\u0151 hangon. A vonal t\u00fals\u00f3 v\u00e9g\u00e9n k\u00f6z\u00f6lt\u00e9k vele: m\u00e9hnyakr\u00e1kot tal\u00e1ltak n\u00e1la. Azonnali m\u0171t\u00e9tre van sz\u00fcks\u00e9g. B\u00e1r pr\u00f3b\u00e1lt\u00e1k nyugtatni, hogy kezelhet\u0151, a sz\u00f3, hogy r\u00e1k, mindent els\u00f6pr\u0151 er\u0151vel zuhant r\u00e1. A kor\u00e1bbi, fiatalon elszenvedett ritka felkar-tromb\u00f3zisa, a rengeteg stressz \u00e9s a k\u00f6r\u00fcl\u00f6tte l\u00e9v\u0151 \u201erossz leveg\u0151\u201d csak tov\u00e1bb \u00e1rnyalta a k\u00e9pet. A teste m\u00e1r kor\u00e1bban is jelzett \u2013 de a v\u00e9gs\u0151 diagn\u00f3zis megsz\u00fcletett.<br \/>\nMUTATJUK A R\u00c9SZLETEKET!<\/h3>\n<h3><span style=\"color: #ff0000;\"><strong>A h\u00edr nem \u00e9rt v\u00e9get! Folytat\u00e1shoz haszn\u00e1ld a K\u00d6VETKEZ\u0150 OLDAL gombot!<\/strong><\/span><\/h3>\n<h3 style=\"text-align: right;\"><a href=\"https:\/\/online-filmkatarzis.com\/kucko\/napiinfok\/?p=6602\" target=\"_blank\" rel=\"noopener\"><span style=\"color: #ff0000;\">&#8212;&gt;&gt; K\u00d6VETKEZ\u0150 OLDAL<\/span><\/a><\/h3>\n<p>A biztons\u00e1g ter\u00e9n a Volvo EX30 er\u0151s\u00edtette a sv\u00e9d m\u00e1rka h\u00edrnev\u00e9t: az Euro NCAP \u00f6tcsillagos min\u0151s\u00edt\u00e9st adott neki, kiv\u00e1l\u00f3 feln\u0151tt \u00e9s gyermek utasv\u00e9delmi eredm\u00e9nyekkel, valamint er\u0151s biztons\u00e1gi asszisztenci\u00e1val. Alapfelszerelts\u00e9gk\u00e9nt olyan rendszerek szerepelnek, mint adapt\u00edv sebess\u00e9gtart\u00f3 automatika, s\u00e1velhagy\u00e1s-figyelmeztet\u00e9s, holtt\u00e9r-figyel\u00e9s \u00e9s v\u00e1rosi v\u00e9szf\u00e9k-asszisztens, amelyek mind hozz\u00e1j\u00e1rulnak a balesetek megel\u0151z\u00e9s\u00e9hez. Mindezek alapj\u00e1n az EX30 nemcsak egy kompakt elektromos aut\u00f3, hanem egy megb\u00edzhat\u00f3, modern biztons\u00e1gi technol\u00f3gi\u00e1kkal felszerelt k\u00f6zleked\u00e9si eszk\u00f6z is.<\/p>\n<p>Haszn\u00e1lhat\u00f3s\u00e1g szempontj\u00e1b\u00f3l az EX30 t\u00f6bb felhaszn\u00e1l\u00f3i v\u00e9lem\u00e9ny \u00e9s teszt tapasztalat alapj\u00e1n \u00e1tlagon fel\u00fcli v\u00e1rosi man\u0151verezhet\u0151s\u00e9get, halk m\u0171k\u00f6d\u00e9st \u00e9s g\u00f6rd\u00fcl\u00e9keny gyorsul\u00e1st k\u00edn\u00e1l. Egyes kommentel\u0151k \u00e9s tulajdonosok azonban megjegyezt\u00e9k, hogy az infotainment rendszer n\u00e9h\u00e1ny eleme \u2013 p\u00e9ld\u00e1ul a vezet\u00e9st\u00e1mogat\u00f3 funkci\u00f3k ikon- \u00e9s be\u00e1ll\u00edt\u00e1si rendszere \u2013 lehetne intuit\u00edvabb, \u00e9s n\u00e9ha a szoftveres kezel\u0151fel\u00fclet okozhat ideges\u00edt\u0151 pillanatokat, p\u00e9ld\u00e1ul ha a men\u00fcben t\u00f6bb l\u00e9p\u00e9st kell tenni alapfunkci\u00f3k el\u00e9r\u00e9s\u00e9hez, vagy ha bizonyos funkci\u00f3kat nem lehet k\u00f6zvetlen gombbal el\u00e9rni. Ezek a visszajelz\u00e9sek arra utalnak, hogy b\u00e1r a hardver \u00e9s a mechanika er\u0151s, a szoftver m\u00e9g finom\u00edt\u00e1sra szorulhat a felhaszn\u00e1l\u00f3i \u00e9lm\u00e9ny ter\u00e9n is.<\/p>\n<p>Emellett \u00e9rdemes megeml\u00edteni, hogy a Volvo EX30-ra vonatkoz\u00f3an 2026 elej\u00e9n biztons\u00e1gi visszah\u00edv\u00e1st is kiadtak bizonyos modellekre, mivel a 69 kWh-s akkumul\u00e1torok egy r\u00e9sz\u00e9n\u00e9l t\u00falmeleged\u00e9s eshetett el\u0151, ami potenci\u00e1lis t\u0171zvesz\u00e9lyt jelenthet. A visszah\u00edv\u00e1s a 2024\u20132026 k\u00f6z\u00f6tti Single Motor Extended Range \u00e9s Twin Motor Performance aut\u00f3kat \u00e9rinti, \u00e9s a v\u00e1llalat azt javasolta az \u00e9rintett tulajdonosoknak, hogy t\u00f6lts\u00e9k 70 %-ra vagy kevesebbre az akkumul\u00e1tort a jav\u00edt\u00e1sig, valamint minden \u00e9rintett \u00fcgyfelet fel fognak keresni a probl\u00e9ma rendez\u00e9se \u00e9rdek\u00e9ben.<\/p>\n<p>\u00d6sszegz\u00e9sk\u00e9nt elmondhat\u00f3, hogy a Volvo EX30 egy j\u00f3l siker\u00fclt kompakt pr\u00e9mium elektromos SUV, amely sz\u00e1mos er\u0151ss\u00e9ggel b\u00edr: modern diz\u00e1jn, er\u0151s elektromos teljes\u00edtm\u00e9ny, versenyk\u00e9pes hat\u00f3t\u00e1v, magas biztons\u00e1gi szint \u00e9s kellemes bels\u0151 t\u00e9r. Mindazon\u00e1ltal vannak olyan kompromisszumok \u2013 mint a h\u00e1ts\u00f3 hely korl\u00e1tozott m\u00e9rete, az \u00e9rint\u0151k\u00e9perny\u0151s vez\u00e9rl\u00e9s n\u00e9ha bonyolult haszn\u00e1lata vagy a szoftveres kezel\u00e9si kih\u00edv\u00e1sok \u2013 amelyek egyes v\u00e1s\u00e1rl\u00f3k sz\u00e1m\u00e1ra fontos szempontok lehetnek. Mindezek f\u00e9ny\u00e9ben az EX30 azoknak aj\u00e1nlhat\u00f3 a legink\u00e1bb, akik egy kompakt, pr\u00e9mium \u00e9rzet\u0171 elektromos aut\u00f3t keresnek a v\u00e1rosi \u00e9s orsz\u00e1g\u00fati mindennapokra, mik\u00f6zben fontos sz\u00e1mukra a technol\u00f3giai fejl\u0151d\u00e9s \u00e9s a biztons\u00e1g.<\/p>\n","protected":false},"excerpt":{"rendered":"<p>A dr\u00e1ma egy \u00e1rtatlannak t\u0171n\u0151 rutinsz\u0171r\u00e9s ut\u00e1n kezd\u0151d\u00f6tt. H\u00e9tv\u00e9ge volt. Cs\u00f6rg\u00f6tt a telefon. Az orvos h\u00edvta. M\u00e1r ez \u00f6nmag\u00e1ban balj\u00f3s&#8230; <span class=\"gridview-grid-post-read-more\"><a href=\"https:\/\/online-filmkatarzis.com\/kucko\/hirek\/most-erkezett-a-rettenetes-hir-janicsak-vecarol\/\">read more<span class=\"gridview-sr-only\"> Most \u00e9rkezett a rettenetes h\u00edr Janics\u00e1k Vec\u00e1r\u00f3l<\/span><\/a><\/span><\/p>\n","protected":false},"author":1,"featured_media":6590,"comment_status":"open","ping_status":"open","sticky":false,"template":"","format":"standard","meta":{"footnotes":""},"categories":[1],"tags":[],"class_list":["post-6589","post","type-post","status-publish","format-standard","has-post-thumbnail","hentry","category-egyeb","wpcat-1-id"],"_links":{"self":[{"href":"https:\/\/online-filmkatarzis.com\/kucko\/hirek\/wp-json\/wp\/v2\/posts\/6589","targetHints":{"allow":["GET"]}}],"collection":[{"href":"https:\/\/online-filmkatarzis.com\/kucko\/hirek\/wp-json\/wp\/v2\/posts"}],"about":[{"href":"https:\/\/online-filmkatarzis.com\/kucko\/hirek\/wp-json\/wp\/v2\/types\/post"}],"author":[{"embeddable":true,"href":"https:\/\/online-filmkatarzis.com\/kucko\/hirek\/wp-json\/wp\/v2\/users\/1"}],"replies":[{"embeddable":true,"href":"https:\/\/online-filmkatarzis.com\/kucko\/hirek\/wp-json\/wp\/v2\/comments?post=6589"}],"version-history":[{"count":1,"href":"https:\/\/online-filmkatarzis.com\/kucko\/hirek\/wp-json\/wp\/v2\/posts\/6589\/revisions"}],"predecessor-version":[{"id":6591,"href":"https:\/\/online-filmkatarzis.com\/kucko\/hirek\/wp-json\/wp\/v2\/posts\/6589\/revisions\/6591"}],"wp:featuredmedia":[{"embeddable":true,"href":"https:\/\/online-filmkatarzis.com\/kucko\/hirek\/wp-json\/wp\/v2\/media\/6590"}],"wp:attachment":[{"href":"https:\/\/online-filmkatarzis.com\/kucko\/hirek\/wp-json\/wp\/v2\/media?parent=6589"}],"wp:term":[{"taxonomy":"category","embeddable":true,"href":"https:\/\/online-filmkatarzis.com\/kucko\/hirek\/wp-json\/wp\/v2\/categories?post=6589"},{"taxonomy":"post_tag","embeddable":true,"href":"https:\/\/online-filmkatarzis.com\/kucko\/hirek\/wp-json\/wp\/v2\/tags?post=6589"}],"curies":[{"name":"wp","href":"https:\/\/api.w.org\/{rel}","templated":true}]}}