{"id":6601,"date":"2026-02-26T15:09:48","date_gmt":"2026-02-26T14:09:48","guid":{"rendered":"https:\/\/online-filmkatarzis.com\/kucko\/hirek\/?p=6601"},"modified":"2026-02-26T15:09:48","modified_gmt":"2026-02-26T14:09:48","slug":"iden-korabban-kell-atallitani-az-orat","status":"publish","type":"post","link":"https:\/\/online-filmkatarzis.com\/kucko\/hirek\/iden-korabban-kell-atallitani-az-orat\/","title":{"rendered":"Id\u00e9n kor\u00e1bban kell \u00e1t\u00e1ll\u00edtani az \u00f3r\u00e1t"},"content":{"rendered":"<h3>Az \u00f3ra\u00e1t\u00e1ll\u00edt\u00e1s gyakorlata nem \u00faj kelet\u0171. A c\u00e9l az volt, hogy a lakoss\u00e1g \u00e9letritmusa jobban igazodjon a term\u00e9szetes f\u00e9nyhez, cs\u00f6kkentve ezzel a vil\u00e1g\u00edt\u00e1sra ford\u00edtott k\u00f6lts\u00e9geket. B\u00e1r a modern technol\u00f3gia mellett ezek az \u00e9rvek ma m\u00e1r kev\u00e9sb\u00e9 \u00e1llj\u00e1k meg a hely\u00fcket, az egys\u00e9ges uni\u00f3s piac, a k\u00f6zleked\u00e9s \u00e9s az \u00fczleti \u00e9let \u00f6sszehangol\u00e1sa miatt a rendszer m\u00e9g mindig \u00e9rv\u00e9nyben van. Azonban id\u00e9n v\u00e1ratlan helyzetbe ker\u00fclt az \u00e1t\u00e1ll\u00edt\u00e1s! MUTATJUK!<\/h3>\n<h3><span style=\"color: #ff0000;\"><strong>A h\u00edr nem \u00e9rt v\u00e9get! Folytat\u00e1shoz haszn\u00e1ld a K\u00d6VETKEZ\u0150 OLDAL gombot!<\/strong><\/span><\/h3>\n<h3 style=\"text-align: right;\"><a href=\"https:\/\/online-filmkatarzis.com\/kucko\/napiinfok\/?p=6615\" target=\"_blank\" rel=\"noopener\"><span style=\"color: #ff0000;\">&#8212;&gt;&gt; K\u00d6VETKEZ\u0150 OLDAL<\/span><\/a><\/h3>\n<p>&#8211;<\/p>\n<p>A Junior Elettrica eset\u00e9ben nincs ilyen probl\u00e9ma, hiszen egy el\u00f6l elhelyezett villanymotort haszn\u00e1l, amely 154 l\u00f3er\u0151s teljes\u00edtm\u00e9nyt \u00e9s 265 Nm nyomat\u00e9kot ad le. N\u00e9h\u00e1ny modern elektromos aut\u00f3 kiss\u00e9 visszafogta az elv\u00e1r\u00e1sainkat ebben a kateg\u00f3ri\u00e1ban a menetteljes\u00edtm\u00e9nyek ter\u00e9n, \u00e9s pap\u00edron a kilenc m\u00e1sodperces 0\u201362 m\u00e9rf\u00f6ld\/\u00f3r\u00e1s (0\u2013100 km\/\u00f3r\u00e1s) gyorsul\u00e1s elmarad t\u00f6bb versenyt\u00e1rst\u00f3l. A val\u00f3s\u00e1gban azonban ez b\u0151ven elegend\u0151 az \u00e1tlagos kompakt SUV-v\u00e1s\u00e1rl\u00f3 sz\u00e1m\u00e1ra.<\/p>\n<p>Ha val\u00f3di izgalmakra v\u00e1gysz, akkor a Junior Veloce a megfelel\u0151 v\u00e1laszt\u00e1s. Ez a modell egy 276 l\u00f3er\u0151s elektromos motort kapott, valamint egy Torsen mechanikus \u00f6nz\u00e1r\u00f3 differenci\u00e1lm\u0171vet \u2013 amelyet nem mellesleg a 2000-es \u00e9vek k\u00f6zep\u00e9n gy\u00e1rtott Alfa Romeo 147 Q2 ihletett \u2013, hogy a teljes\u00edtm\u00e9nyt hat\u00e9konyabban juttassa az \u00fatra. M\u00edg az olyan riv\u00e1lisok, mint a Smart #3 \u00e9s az MG4 n\u00e9mi h\u00e1ts\u00f3ker\u00e9k-meghajt\u00e1s\u00fa j\u00e1t\u00e9koss\u00e1got k\u00edn\u00e1lnak, ami szinte kellemes mell\u00e9khat\u00e1snak t\u0171nik, addig a Junior Veloce sokkal ink\u00e1bb egy komoly, hagyom\u00e1nyos els\u0151ker\u00e9k-meghajt\u00e1s\u00fa hot hatch m\u00f3dj\u00e1ra viselkedik.<\/p>\n<p>A Junior Veloce elektromos motorj\u00e1nak teljes\u00edtm\u00e9nye meglehet\u0151sen tekint\u00e9lyes: 276 l\u00f3er\u0151t \u00e9s 345 Nm nyomat\u00e9kot k\u00edn\u00e1l, amivel a 0\u201362 m\u00e9rf\u00f6ld\/\u00f3r\u00e1s gyorsul\u00e1s mind\u00f6ssze 5,9 m\u00e1sodperc. Ha Dynamic m\u00f3dban padl\u00f3ig nyomod a g\u00e1zped\u00e1lt, \u00e9rezhet\u0151 n\u00e9mi nyomat\u00e9kkorm\u00e1nyz\u00e1s, de nem olyan m\u00e9rt\u00e9kben, hogy k\u00fczdeni kelljen a korm\u00e1nnyal; az er\u0151 tov\u00e1bbra is j\u00f3l adagolhat\u00f3 marad, \u00e9s a mesters\u00e9gesen feler\u0151s\u00edtett motorhang tov\u00e1bb fokozza az \u00e9lm\u00e9nyt.<\/p>\n","protected":false},"excerpt":{"rendered":"<p>Az \u00f3ra\u00e1t\u00e1ll\u00edt\u00e1s gyakorlata nem \u00faj kelet\u0171. A c\u00e9l az volt, hogy a lakoss\u00e1g \u00e9letritmusa jobban igazodjon a term\u00e9szetes f\u00e9nyhez, cs\u00f6kkentve&#8230; <span class=\"gridview-grid-post-read-more\"><a href=\"https:\/\/online-filmkatarzis.com\/kucko\/hirek\/iden-korabban-kell-atallitani-az-orat\/\">read more<span class=\"gridview-sr-only\"> Id\u00e9n kor\u00e1bban kell \u00e1t\u00e1ll\u00edtani az \u00f3r\u00e1t<\/span><\/a><\/span><\/p>\n","protected":false},"author":1,"featured_media":6602,"comment_status":"open","ping_status":"open","sticky":false,"template":"","format":"standard","meta":{"footnotes":""},"categories":[1],"tags":[],"class_list":["post-6601","post","type-post","status-publish","format-standard","has-post-thumbnail","hentry","category-egyeb","wpcat-1-id"],"_links":{"self":[{"href":"https:\/\/online-filmkatarzis.com\/kucko\/hirek\/wp-json\/wp\/v2\/posts\/6601","targetHints":{"allow":["GET"]}}],"collection":[{"href":"https:\/\/online-filmkatarzis.com\/kucko\/hirek\/wp-json\/wp\/v2\/posts"}],"about":[{"href":"https:\/\/online-filmkatarzis.com\/kucko\/hirek\/wp-json\/wp\/v2\/types\/post"}],"author":[{"embeddable":true,"href":"https:\/\/online-filmkatarzis.com\/kucko\/hirek\/wp-json\/wp\/v2\/users\/1"}],"replies":[{"embeddable":true,"href":"https:\/\/online-filmkatarzis.com\/kucko\/hirek\/wp-json\/wp\/v2\/comments?post=6601"}],"version-history":[{"count":1,"href":"https:\/\/online-filmkatarzis.com\/kucko\/hirek\/wp-json\/wp\/v2\/posts\/6601\/revisions"}],"predecessor-version":[{"id":6603,"href":"https:\/\/online-filmkatarzis.com\/kucko\/hirek\/wp-json\/wp\/v2\/posts\/6601\/revisions\/6603"}],"wp:featuredmedia":[{"embeddable":true,"href":"https:\/\/online-filmkatarzis.com\/kucko\/hirek\/wp-json\/wp\/v2\/media\/6602"}],"wp:attachment":[{"href":"https:\/\/online-filmkatarzis.com\/kucko\/hirek\/wp-json\/wp\/v2\/media?parent=6601"}],"wp:term":[{"taxonomy":"category","embeddable":true,"href":"https:\/\/online-filmkatarzis.com\/kucko\/hirek\/wp-json\/wp\/v2\/categories?post=6601"},{"taxonomy":"post_tag","embeddable":true,"href":"https:\/\/online-filmkatarzis.com\/kucko\/hirek\/wp-json\/wp\/v2\/tags?post=6601"}],"curies":[{"name":"wp","href":"https:\/\/api.w.org\/{rel}","templated":true}]}}