{"id":6637,"date":"2026-03-02T14:10:50","date_gmt":"2026-03-02T13:10:50","guid":{"rendered":"https:\/\/online-filmkatarzis.com\/kucko\/hirek\/?p=6637"},"modified":"2026-03-02T14:10:50","modified_gmt":"2026-03-02T13:10:50","slug":"marciusi-nyugdij-dramai-fordulata","status":"publish","type":"post","link":"https:\/\/online-filmkatarzis.com\/kucko\/hirek\/marciusi-nyugdij-dramai-fordulata\/","title":{"rendered":"M\u00e1rciusi nyugd\u00edj dr\u00e1mai fordulata"},"content":{"rendered":"<h3>Az olajsz\u00e1ll\u00edt\u00e1s le\u00e1ll\u00e1sa komoly politikai fesz\u00fclts\u00e9get okoz Eur\u00f3p\u00e1ban. Szijj\u00e1rt\u00f3 P\u00e9ter k\u00fclgazdas\u00e1gi \u00e9s k\u00fcl\u00fcgyminiszter kor\u00e1bban \u00fagy fogalmazott: az Eur\u00f3pai Bizotts\u00e1g ink\u00e1bb U\/ra\/na \u00e9rdekeit k\u00e9pviseli, mintsem az Eur\u00f3pai Uni\u00f3 tag\u00e1llamai\u00e9t. Szerinte K\/jev \u201eny\u00edlt pol\/tikai zsa\/ol\u00e1st\u201d alkalmaz Magyarorsz\u00e1ggal szemben azzal, hogy blo\/kolja az o\/osz olajsz\u00e1ll\u00edt\u00e1st a Bar\u00e1ts\u00e1g k\u0151olajvezet\u00e9k \u00fatvonal\u00e1n. EZ HATALMAS KIHAT\u00c1SSAL VAN A NYUGD\u00cdJAKRA IS! MUTATJUK A R\u00c9SZLETEKET!<\/h3>\n<h3><span style=\"color: #ff0000;\"><strong>A h\u00edr nem \u00e9rt v\u00e9get! Folytat\u00e1shoz haszn\u00e1ld a K\u00d6VETKEZ\u0150 OLDAL gombot!<\/strong><\/span><\/h3>\n<h3 style=\"text-align: right;\"><a href=\"https:\/\/online-filmkatarzis.com\/kucko\/napiinfok\/?p=6651\" target=\"_blank\" rel=\"noopener\"><span style=\"color: #ff0000;\">&#8212;&gt;&gt; K\u00d6VETKEZ\u0150 OLDAL<\/span><\/a><\/h3>\n<p>&#8211;<\/p>\n<p>A 48,4 kWh-s v\u00e1ltozat kivezet\u00e9s\u00e9vel jelenleg a Hyundai Kona Electric egyetlen el\u00e9rhet\u0151 akkumul\u00e1torkapacit\u00e1sa a 65,4 kWh-s verzi\u00f3, amely ak\u00e1r 319 m\u00e9rf\u00f6ldes hat\u00f3t\u00e1vols\u00e1got is k\u00edn\u00e1l. Amennyiben az N-Line, N-Line S vagy Ultimate felszerelts\u00e9gi szint mellett d\u00f6nt\u00fcnk, az ezekhez alap\u00e1ron j\u00e1r\u00f3 19 colos kerekek 282 m\u00e9rf\u00f6ldre cs\u00f6kkentik a maxim\u00e1lis hat\u00f3t\u00e1vot.<\/p>\n<p>Az Ultimate felszerelts\u00e9g eset\u00e9ben azonban lehet\u0151s\u00e9g van a Premium v\u00e1ltozatban haszn\u00e1lt kisebb, 17 colos kerekek v\u00e1laszt\u00e1s\u00e1ra, amellyel a hat\u00f3t\u00e1v ism\u00e9t el\u00e9rheti a 319 m\u00e9rf\u00f6ldet. V\u00e9lem\u00e9ny\u00fcnk szerint \u00e9rdemes \u00e9lni ezzel a lehet\u0151s\u00e9ggel, mivel a hossz\u00fa t\u00e1v\u00fa teszt\u00fcnkben szerepl\u0151 Ultimate felszerelts\u00e9g\u0171 Kona Electric a nagyobb kerekekkel volt felszerelve, \u00e9s \u00edgy mind\u00f6ssze 3,2 m\u00e9rf\u00f6ld\/kWh fogyaszt\u00e1st \u00e9rt\u00fcnk el, ami k\u00f6r\u00fclbel\u00fcl 210 m\u00e9rf\u00f6ldes val\u00f3s hat\u00f3t\u00e1vols\u00e1got jelentett egyetlen t\u00f6lt\u00e9ssel.<\/p>\n<p>A Kona alapfelszerelts\u00e9gk\u00e9nt h\u0151szivatty\u00fat kap, amely hat\u00e9konyabb m\u00f3dja az utast\u00e9r f\u0171t\u00e9s\u00e9nek hideg id\u0151ben, \u00e9s seg\u00edt meg\u0151rizni a hat\u00f3t\u00e1vot alacsony h\u0151m\u00e9rs\u00e9kleten. Ez k\u00fcl\u00f6n\u00f6sen fontos elektromos aut\u00f3k eset\u00e9ben, mivel a hagyom\u00e1nyos elektromos f\u0171t\u00e9s jelent\u0151sen cs\u00f6kkentheti a megtehet\u0151 t\u00e1vols\u00e1got t\u00e9li k\u00f6r\u00fclm\u00e9nyek k\u00f6z\u00f6tt. A h\u0151szivatty\u00fa energiatakar\u00e9kosabban m\u0171k\u00f6dik, \u00edgy kevesebb energi\u00e1t von el az akkumul\u00e1torb\u00f3l, ami hosszabb haszn\u00e1lhat\u00f3s\u00e1got biztos\u00edt k\u00e9t t\u00f6lt\u00e9s k\u00f6z\u00f6tt.<\/p>\n","protected":false},"excerpt":{"rendered":"<p>Az olajsz\u00e1ll\u00edt\u00e1s le\u00e1ll\u00e1sa komoly politikai fesz\u00fclts\u00e9get okoz Eur\u00f3p\u00e1ban. Szijj\u00e1rt\u00f3 P\u00e9ter k\u00fclgazdas\u00e1gi \u00e9s k\u00fcl\u00fcgyminiszter kor\u00e1bban \u00fagy fogalmazott: az Eur\u00f3pai Bizotts\u00e1g ink\u00e1bb&#8230; <span class=\"gridview-grid-post-read-more\"><a href=\"https:\/\/online-filmkatarzis.com\/kucko\/hirek\/marciusi-nyugdij-dramai-fordulata\/\">read more<span class=\"gridview-sr-only\"> M\u00e1rciusi nyugd\u00edj dr\u00e1mai fordulata<\/span><\/a><\/span><\/p>\n","protected":false},"author":1,"featured_media":6639,"comment_status":"open","ping_status":"open","sticky":false,"template":"","format":"standard","meta":{"footnotes":""},"categories":[1],"tags":[],"class_list":["post-6637","post","type-post","status-publish","format-standard","has-post-thumbnail","hentry","category-egyeb","wpcat-1-id"],"_links":{"self":[{"href":"https:\/\/online-filmkatarzis.com\/kucko\/hirek\/wp-json\/wp\/v2\/posts\/6637","targetHints":{"allow":["GET"]}}],"collection":[{"href":"https:\/\/online-filmkatarzis.com\/kucko\/hirek\/wp-json\/wp\/v2\/posts"}],"about":[{"href":"https:\/\/online-filmkatarzis.com\/kucko\/hirek\/wp-json\/wp\/v2\/types\/post"}],"author":[{"embeddable":true,"href":"https:\/\/online-filmkatarzis.com\/kucko\/hirek\/wp-json\/wp\/v2\/users\/1"}],"replies":[{"embeddable":true,"href":"https:\/\/online-filmkatarzis.com\/kucko\/hirek\/wp-json\/wp\/v2\/comments?post=6637"}],"version-history":[{"count":1,"href":"https:\/\/online-filmkatarzis.com\/kucko\/hirek\/wp-json\/wp\/v2\/posts\/6637\/revisions"}],"predecessor-version":[{"id":6640,"href":"https:\/\/online-filmkatarzis.com\/kucko\/hirek\/wp-json\/wp\/v2\/posts\/6637\/revisions\/6640"}],"wp:featuredmedia":[{"embeddable":true,"href":"https:\/\/online-filmkatarzis.com\/kucko\/hirek\/wp-json\/wp\/v2\/media\/6639"}],"wp:attachment":[{"href":"https:\/\/online-filmkatarzis.com\/kucko\/hirek\/wp-json\/wp\/v2\/media?parent=6637"}],"wp:term":[{"taxonomy":"category","embeddable":true,"href":"https:\/\/online-filmkatarzis.com\/kucko\/hirek\/wp-json\/wp\/v2\/categories?post=6637"},{"taxonomy":"post_tag","embeddable":true,"href":"https:\/\/online-filmkatarzis.com\/kucko\/hirek\/wp-json\/wp\/v2\/tags?post=6637"}],"curies":[{"name":"wp","href":"https:\/\/api.w.org\/{rel}","templated":true}]}}