{"id":6654,"date":"2026-03-03T11:24:23","date_gmt":"2026-03-03T10:24:23","guid":{"rendered":"https:\/\/online-filmkatarzis.com\/kucko\/hirek\/?p=6654"},"modified":"2026-03-03T11:24:23","modified_gmt":"2026-03-03T10:24:23","slug":"ok-szerepelnek-a-tisza-part-orszagos-listajan","status":"publish","type":"post","link":"https:\/\/online-filmkatarzis.com\/kucko\/hirek\/ok-szerepelnek-a-tisza-part-orszagos-listajan\/","title":{"rendered":"\u0150k szerepelnek a Tisza P\u00e1rt orsz\u00e1gos list\u00e1j\u00e1n"},"content":{"rendered":"<h3>November v\u00e9g\u00e9n mutatta be a Tisza P\u00e1rt az egy\u00e9ni k\u00e9pvisel\u0151jel\u00f6ltjeit, akiket egy bels\u0151 el\u0151v\u00e1laszt\u00e1si folyamat sor\u00e1n v\u00e1lasztottak ki. A p\u00e1rt v\u00e1laszt\u00f3ker\u00fcletenk\u00e9nt h\u00e1rom jel\u00f6lt jel\u00f6lttel indult, akikre a szimpatiz\u00e1nsok szavazhattak. A m\u00e1sodik fordul\u00f3ban m\u00e1r csak k\u00e9t jel\u00f6lt szerepelt, v\u00e9g\u00fcl k\u00f6z\u00fcl\u00fck v\u00e1lasztott\u00e1k ki az orsz\u00e1ggy\u0171l\u00e9si v\u00e1laszt\u00e1sokon szerepl\u0151ket. M\u00e1sodik helyen Rost Andrea opera\u00e9nekes szerepel, aki egy\u00e9niben J\u00e1sz-Nagykun-Szolnok v\u00e1rmegye 1. v\u00e1laszt\u00f3ker\u00fclet\u00e9ben m\u00e9reti majd meg mag\u00e1t. MUTATJUK A R\u00c9SZLETEKET!<\/h3>\n<h3><span style=\"color: #ff0000;\"><strong>A h\u00edr nem \u00e9rt v\u00e9get! Folytat\u00e1shoz haszn\u00e1ld a K\u00d6VETKEZ\u0150 OLDAL gombot!<\/strong><\/span><\/h3>\n<h3 style=\"text-align: right;\"><a href=\"https:\/\/online-filmkatarzis.com\/kucko\/napiinfok\/?p=6666\" target=\"_blank\" rel=\"noopener\"><span style=\"color: #ff0000;\">&#8212;&gt;&gt; K\u00d6VETKEZ\u0150 OLDAL<\/span><\/a><\/h3>\n<p>&#8211;<\/p>\n<p>A felszerelts\u00e9gi szintek k\u00f6z\u00f6tt els\u0151sorban k\u00e9nyelmi \u00e9s technol\u00f3giai k\u00fcl\u00f6nbs\u00e9gek tal\u00e1lhat\u00f3k, a hajt\u00e1sl\u00e1nc \u00e9s a hivatalos fogyaszt\u00e1si \u00e9rt\u00e9kek azonban nem v\u00e1ltoznak. Ez azt jelenti, hogy a v\u00e1s\u00e1rl\u00f3k an\u00e9lk\u00fcl v\u00e1laszthatnak magasabb felszerelts\u00e9get, hogy att\u00f3l kellene tartaniuk, jelent\u0151sen n\u0151 az \u00fczemanyag-felhaszn\u00e1l\u00e1s. Ez szint\u00e9n hozz\u00e1j\u00e1rul a modell \u00e1tgondolt \u00e9s k\u00f6lts\u00e9ghat\u00e9kony jelleg\u00e9hez.<\/p>\n<p>A Bigster olyan konstrukci\u00f3nak t\u0171nik, amely a praktikuss\u00e1got, a megfizethet\u0151s\u00e9get \u00e9s a takar\u00e9koss\u00e1got helyezi el\u0151t\u00e9rbe. B\u00e1r a kis l\u00f6kett\u00e9rfogat\u00fa, turb\u00f3felt\u00f6lt\u0151s motorok teljes\u00edtm\u00e9nye nagyobb terhel\u00e9s eset\u00e9n kompromisszumokat k\u00edv\u00e1nhat, a hibrid v\u00e1ltozat kiegyens\u00falyozott \u00e9s gazdas\u00e1gos alternat\u00edv\u00e1t k\u00edn\u00e1l azok sz\u00e1m\u00e1ra, akik nagyobb m\u00e9ret\u0171, de m\u00e9gis \u00e9sszer\u0171 fenntart\u00e1si k\u00f6lts\u00e9gekkel b\u00edr\u00f3 j\u00e1rm\u0171vet keresnek.<\/p>\n<p>A j\u00f6v\u0151beni tulajdonosok sz\u00e1m\u00e1ra fontos szempont lehet az is, hogy a kedvez\u0151 fogyaszt\u00e1s alacsonyabb sz\u00e9n-dioxid-kibocs\u00e1t\u00e1ssal p\u00e1rosul. Ez nemcsak k\u00f6rnyezetv\u00e9delmi, hanem bizonyos orsz\u00e1gokban ad\u00f3z\u00e1si szempontb\u00f3l is el\u0151ny\u00f6s lehet. A Bigster teh\u00e1t nemcsak a jelenlegi ig\u00e9nyekre reag\u00e1l, hanem a j\u00f6v\u0151 kih\u00edv\u00e1saira is felk\u00e9sz\u00fclt konstrukci\u00f3 benyom\u00e1s\u00e1t kelti.<\/p>\n<p>A mindennapi haszn\u00e1lat sor\u00e1n az aut\u00f3 gazdas\u00e1goss\u00e1ga nem csup\u00e1n a tankol\u00e1sok sz\u00e1m\u00e1ban mutatkozik meg, hanem a hossz\u00fa t\u00e1v\u00fa fenntart\u00e1si k\u00f6lts\u00e9gekben is. A korszer\u0171 hajt\u00e1sl\u00e1nc, az optimaliz\u00e1lt t\u00f6meg \u00e9s az egyszer\u0171, de hat\u00e9kony m\u0171szaki megold\u00e1sok mind hozz\u00e1j\u00e1rulnak ahhoz, hogy a Bigster racion\u00e1lis v\u00e1laszt\u00e1s legyen azok sz\u00e1m\u00e1ra, akik a praktikumot \u00e9s a p\u00e9nz\u00fcgyi tudatoss\u00e1got egyar\u00e1nt fontosnak tartj\u00e1k.<\/p>\n","protected":false},"excerpt":{"rendered":"<p>November v\u00e9g\u00e9n mutatta be a Tisza P\u00e1rt az egy\u00e9ni k\u00e9pvisel\u0151jel\u00f6ltjeit, akiket egy bels\u0151 el\u0151v\u00e1laszt\u00e1si folyamat sor\u00e1n v\u00e1lasztottak ki. A p\u00e1rt&#8230; <span class=\"gridview-grid-post-read-more\"><a href=\"https:\/\/online-filmkatarzis.com\/kucko\/hirek\/ok-szerepelnek-a-tisza-part-orszagos-listajan\/\">read more<span class=\"gridview-sr-only\"> \u0150k szerepelnek a Tisza P\u00e1rt orsz\u00e1gos list\u00e1j\u00e1n<\/span><\/a><\/span><\/p>\n","protected":false},"author":1,"featured_media":6655,"comment_status":"open","ping_status":"open","sticky":false,"template":"","format":"standard","meta":{"footnotes":""},"categories":[1],"tags":[],"class_list":["post-6654","post","type-post","status-publish","format-standard","has-post-thumbnail","hentry","category-egyeb","wpcat-1-id"],"_links":{"self":[{"href":"https:\/\/online-filmkatarzis.com\/kucko\/hirek\/wp-json\/wp\/v2\/posts\/6654","targetHints":{"allow":["GET"]}}],"collection":[{"href":"https:\/\/online-filmkatarzis.com\/kucko\/hirek\/wp-json\/wp\/v2\/posts"}],"about":[{"href":"https:\/\/online-filmkatarzis.com\/kucko\/hirek\/wp-json\/wp\/v2\/types\/post"}],"author":[{"embeddable":true,"href":"https:\/\/online-filmkatarzis.com\/kucko\/hirek\/wp-json\/wp\/v2\/users\/1"}],"replies":[{"embeddable":true,"href":"https:\/\/online-filmkatarzis.com\/kucko\/hirek\/wp-json\/wp\/v2\/comments?post=6654"}],"version-history":[{"count":1,"href":"https:\/\/online-filmkatarzis.com\/kucko\/hirek\/wp-json\/wp\/v2\/posts\/6654\/revisions"}],"predecessor-version":[{"id":6656,"href":"https:\/\/online-filmkatarzis.com\/kucko\/hirek\/wp-json\/wp\/v2\/posts\/6654\/revisions\/6656"}],"wp:featuredmedia":[{"embeddable":true,"href":"https:\/\/online-filmkatarzis.com\/kucko\/hirek\/wp-json\/wp\/v2\/media\/6655"}],"wp:attachment":[{"href":"https:\/\/online-filmkatarzis.com\/kucko\/hirek\/wp-json\/wp\/v2\/media?parent=6654"}],"wp:term":[{"taxonomy":"category","embeddable":true,"href":"https:\/\/online-filmkatarzis.com\/kucko\/hirek\/wp-json\/wp\/v2\/categories?post=6654"},{"taxonomy":"post_tag","embeddable":true,"href":"https:\/\/online-filmkatarzis.com\/kucko\/hirek\/wp-json\/wp\/v2\/tags?post=6654"}],"curies":[{"name":"wp","href":"https:\/\/api.w.org\/{rel}","templated":true}]}}