{"id":6669,"date":"2026-03-03T20:49:47","date_gmt":"2026-03-03T19:49:47","guid":{"rendered":"https:\/\/online-filmkatarzis.com\/kucko\/hirek\/?p=6669"},"modified":"2026-03-03T20:49:47","modified_gmt":"2026-03-03T19:49:47","slug":"mento-vitte-korhazba-reviczky-gabort","status":"publish","type":"post","link":"https:\/\/online-filmkatarzis.com\/kucko\/hirek\/mento-vitte-korhazba-reviczky-gabort\/","title":{"rendered":"Ment\u0151 vitte k\u00f3rh\u00e1zba Reviczky G\u00e1bort:"},"content":{"rendered":"<h3>Ment\u0151 vitte k\u00f3rh\u00e1zba, hetekkel k\u00e9s\u0151bb pedig bordat\u00f6r\u00e9st szenvedett Reviczky G\u00e1bor. A Nemzet M\u0171v\u00e9sze a s\u00falyos megpr\u00f3b\u00e1ltat\u00e1sok ellen\u00e9re is megjelent A mi k\/s falunk jubileumi, 10. \u00e9vad\u00e1nak moz\/fe\/ztiv\u00e1l-vet\u00edt\u00e9s\u00e9n, amelyet az R\/L-sorozat szombati premierje alkalm\u00e1b\u00f3l rendeztek meg. A sz\u00edn\u00e9sz a v\u00f6r\u00f6s sz\u0151nyegen \u0151szint\u00e9n mes\u00e9lt az elm\u00falt hetek k\u00fczdelmeir\u0151l, amelyekr\u0151l az R\/L F\u00f3kusz c\u00edm\u0171 m\u0171sora sz\u00e1molt be. MUTATJUK A R\u00c9SZLETEKET!<\/h3>\n<h3><span style=\"color: #ff0000;\"><strong>A h\u00edr nem \u00e9rt v\u00e9get! Folytat\u00e1shoz haszn\u00e1ld a K\u00d6VETKEZ\u0150 OLDAL gombot!<\/strong><\/span><\/h3>\n<h3 style=\"text-align: right;\"><a href=\"https:\/\/online-filmkatarzis.com\/kucko\/napiinfok\/?p=6681\" target=\"_blank\" rel=\"noopener\"><span style=\"color: #ff0000;\">&#8212;&gt;&gt; K\u00d6VETKEZ\u0150 OLDAL<\/span><\/a><\/h3>\n<p>&#8211;<\/p>\n<p>Mindezek f\u00e9ny\u00e9ben a k\u00f6r\u00fclbel\u00fcl 2500 fontos fel\u00e1r az N-Connecta felszerelts\u00e9gre t\u00f6rt\u00e9n\u0151 v\u00e1lt\u00e1s\u00e9rt indokoltnak t\u0171nik. Ebben a kivitelben m\u00e1r az tov\u00e1bbfejlesztett Around View Monitor rendszer, hangulatvil\u00e1g\u00edt\u00e1s \u00e9s vezet\u00e9k n\u00e9lk\u00fcli telefont\u00f6lt\u0151 pad is megtal\u00e1lhat\u00f3, t\u00f6bb egy\u00e9b extra mellett. A k\u00fcls\u0151 elemek azonban itt is csak r\u00e9szben karossz\u00e9riasz\u00edn\u0171ek.<\/p>\n<p>Amennyiben valaki teljesen karossz\u00e9riasz\u00edn\u0171 als\u00f3 l\u00f6kh\u00e1r\u00edt\u00f3kat szeretne, tov\u00e1bbi mintegy 2000 fontot kell r\u00e1ford\u00edtania az N-Design kivitelre, amely emellett LED vil\u00e1g\u00edt\u00e1st \u00e9s 20 colos k\u00f6nny\u0171f\u00e9m ker\u00e9kt\u00e1rcs\u00e1kat is k\u00edn\u00e1l. Ugyanebben az \u00e1rkateg\u00f3ri\u00e1ban el\u00e9rhet\u0151 a Tekna felszerelts\u00e9g is, amely kevesebb hangs\u00falyt fektet a l\u00e1tv\u00e1nyos k\u00fcls\u0151 kieg\u00e9sz\u00edt\u0151kre, viszont megkapja a teljes ProPilot vezet\u00e9st\u00e1mogat\u00f3 csomagot, a sz\u00e9lv\u00e9d\u0151re vet\u00edtett head-up kijelz\u0151t, valamint sz\u00e1mos tov\u00e1bbi k\u00e9nyelmi \u00e9s biztons\u00e1gi extr\u00e1t.<\/p>\n<p>A 360 fokos kamerarendszer a v\u00e1rosi k\u00f6zleked\u00e9s sor\u00e1n k\u00fcl\u00f6n\u00f6sen nagy el\u0151nyt jelent. A sz\u0171k parkol\u00f3helyek, m\u00e9lygar\u00e1zsok vagy forgalmas bev\u00e1s\u00e1rl\u00f3k\u00f6zpontok parkol\u00f3i komoly kih\u00edv\u00e1st jelenthetnek, k\u00fcl\u00f6n\u00f6sen egy k\u00f6z\u00e9pkateg\u00f3ri\u00e1s SUV eset\u00e9ben. A fel\u00fcln\u00e9zeti k\u00e9p seg\u00edts\u00e9g\u00e9vel a vezet\u0151 pontosabban \u00e9rz\u00e9kelheti az aut\u00f3 helyzet\u00e9t, ami nemcsak a karossz\u00e9ria v\u00e9delm\u00e9t szolg\u00e1lja, hanem a magabiztoss\u00e1got is n\u00f6veli. A 3D n\u00e9zet k\u00fcl\u00f6n\u00f6sen hasznos lehet akkor, ha a j\u00e1rm\u0171vet sz\u0171k helyre kell beilleszteni, vagy akad\u00e1lyok \u2013 p\u00e9ld\u00e1ul oszlopok, falak, j\u00e1rdaszeg\u00e9lyek \u2013 k\u00f6zel\u00e9ben kell man\u0151verezni.<\/p>\n","protected":false},"excerpt":{"rendered":"<p>Ment\u0151 vitte k\u00f3rh\u00e1zba, hetekkel k\u00e9s\u0151bb pedig bordat\u00f6r\u00e9st szenvedett Reviczky G\u00e1bor. A Nemzet M\u0171v\u00e9sze a s\u00falyos megpr\u00f3b\u00e1ltat\u00e1sok ellen\u00e9re is megjelent A&#8230; <span class=\"gridview-grid-post-read-more\"><a href=\"https:\/\/online-filmkatarzis.com\/kucko\/hirek\/mento-vitte-korhazba-reviczky-gabort\/\">read more<span class=\"gridview-sr-only\"> Ment\u0151 vitte k\u00f3rh\u00e1zba Reviczky G\u00e1bort:<\/span><\/a><\/span><\/p>\n","protected":false},"author":1,"featured_media":6670,"comment_status":"open","ping_status":"open","sticky":false,"template":"","format":"standard","meta":{"footnotes":""},"categories":[1],"tags":[],"class_list":["post-6669","post","type-post","status-publish","format-standard","has-post-thumbnail","hentry","category-egyeb","wpcat-1-id"],"_links":{"self":[{"href":"https:\/\/online-filmkatarzis.com\/kucko\/hirek\/wp-json\/wp\/v2\/posts\/6669","targetHints":{"allow":["GET"]}}],"collection":[{"href":"https:\/\/online-filmkatarzis.com\/kucko\/hirek\/wp-json\/wp\/v2\/posts"}],"about":[{"href":"https:\/\/online-filmkatarzis.com\/kucko\/hirek\/wp-json\/wp\/v2\/types\/post"}],"author":[{"embeddable":true,"href":"https:\/\/online-filmkatarzis.com\/kucko\/hirek\/wp-json\/wp\/v2\/users\/1"}],"replies":[{"embeddable":true,"href":"https:\/\/online-filmkatarzis.com\/kucko\/hirek\/wp-json\/wp\/v2\/comments?post=6669"}],"version-history":[{"count":1,"href":"https:\/\/online-filmkatarzis.com\/kucko\/hirek\/wp-json\/wp\/v2\/posts\/6669\/revisions"}],"predecessor-version":[{"id":6671,"href":"https:\/\/online-filmkatarzis.com\/kucko\/hirek\/wp-json\/wp\/v2\/posts\/6669\/revisions\/6671"}],"wp:featuredmedia":[{"embeddable":true,"href":"https:\/\/online-filmkatarzis.com\/kucko\/hirek\/wp-json\/wp\/v2\/media\/6670"}],"wp:attachment":[{"href":"https:\/\/online-filmkatarzis.com\/kucko\/hirek\/wp-json\/wp\/v2\/media?parent=6669"}],"wp:term":[{"taxonomy":"category","embeddable":true,"href":"https:\/\/online-filmkatarzis.com\/kucko\/hirek\/wp-json\/wp\/v2\/categories?post=6669"},{"taxonomy":"post_tag","embeddable":true,"href":"https:\/\/online-filmkatarzis.com\/kucko\/hirek\/wp-json\/wp\/v2\/tags?post=6669"}],"curies":[{"name":"wp","href":"https:\/\/api.w.org\/{rel}","templated":true}]}}