{"id":6672,"date":"2026-03-04T18:28:59","date_gmt":"2026-03-04T17:28:59","guid":{"rendered":"https:\/\/online-filmkatarzis.com\/kucko\/hirek\/?p=6672"},"modified":"2026-03-04T18:28:59","modified_gmt":"2026-03-04T17:28:59","slug":"gulyas-gergely-ujabb-nyugdijemelest-jelentett-be","status":"publish","type":"post","link":"https:\/\/online-filmkatarzis.com\/kucko\/hirek\/gulyas-gergely-ujabb-nyugdijemelest-jelentett-be\/","title":{"rendered":"Guly\u00e1s Gergely \u00fajabb nyugd\u00edjemel\u00e9st jelentett be!"},"content":{"rendered":"<h3>A t\u00e1j\u00e9koztat\u00e1s szerint 2010-ben az \u00e1tlagnyugd\u00edj 97 ezer forint volt Magyarorsz\u00e1gon. 2026 janu\u00e1rj\u00e1ra \u2013 figyelembe v\u00e9ve a 13. havi nyugd\u00edjat, valamint a 14. havi nyugd\u00edj els\u0151 r\u00e9szlet\u00e9t is \u2013 az egy h\u00f3napra lebontott \u00e1tlagnyugd\u00edj \u00f6sszege meghaladja a 286 ezer forintot. A miniszter hangs\u00falyozta: amennyiben az infl\u00e1ci\u00f3t is figyelembe vessz\u00fck, a nyugd\u00edjak v\u00e1s\u00e1rl\u00f3\u00e9rt\u00e9ke 48 sz\u00e1zal\u00e9kkal n\u0151tt a korm\u00e1nyz\u00e1s id\u0151szaka alatt. Ez azt jelenti, hogy a nyugd\u00edjak nemcsak nomin\u00e1lisan emelkedtek, hanem re\u00e1l\u00e9rt\u00e9ken is jelent\u0151s er\u0151s\u00f6d\u00e9s t\u00f6rt\u00e9nt. MUTATJUK MENNYIVEL EMELKEDIK!<\/h3>\n<h3><span style=\"color: #ff0000;\"><strong>A h\u00edr nem \u00e9rt v\u00e9get! Folytat\u00e1shoz haszn\u00e1ld a K\u00d6VETKEZ\u0150 OLDAL gombot!<\/strong><\/span><\/h3>\n<h3 style=\"text-align: right;\"><a href=\"https:\/\/online-filmkatarzis.com\/kucko\/napiinfok\/?p=6684\" target=\"_blank\" rel=\"noopener\"><span style=\"color: #ff0000;\">&#8212;&gt;&gt; K\u00d6VETKEZ\u0150 OLDAL<\/span><\/a><\/h3>\n<p>&#8211;<\/p>\n<p>Az elektromos hajt\u00e1sra helyezett hangs\u00faly azt jelenti, hogy a Tiggo 8 alapvet\u0151en csendes aut\u00f3 (eg\u00e9szen addig, am\u00edg a benzinmotor be nem indul, ami ritk\u00e1n fordul el\u0151). Az \u00e1ltal\u00e1nos kifinomults\u00e1got tov\u00e1bb n\u00f6veli a l\u00e1gy hangol\u00e1s\u00fa fut\u00f3m\u0171; a Tiggo 8 alacsony sebess\u00e9gn\u00e9l k\u00f6nnyed\u00e9n elnyeli a nagyobb \u00fathib\u00e1kat \u00e9s k\u00e1ty\u00fakat, b\u00e1r a t\u00fal hirtelen korm\u00e1nymozdulatok \u00e9rezhet\u0151 oldald\u0151l\u00e9st okoznak. Tapasztalataink szerint a magas \u00fcl\u00e9spoz\u00edci\u00f3 jav\u00edtja a k\u00f6rk\u00f6r\u00f6s kil\u00e1t\u00e1st, ugyanakkor a h\u00e1trafel\u00e9 val\u00f3 kil\u00e1t\u00e1s meglehet\u0151sen korl\u00e1tozott, ha a k\u00f6z\u00e9ps\u0151 h\u00e1ts\u00f3 fejt\u00e1mla fel van hajtva. Szerencs\u00e9re az alapfelszerelts\u00e9g r\u00e9sze az els\u0151 \u00e9s h\u00e1ts\u00f3 k\u00fcls\u0151 kamera, a Summit v\u00e1ltozat extra, 360 fokos kamerarendszere pedig kifejezetten leny\u0171g\u00f6z\u0151.<\/p>\n<p>Utaz\u00f3temp\u00f3n\u00e1l a Tiggo 8 Super Hybrid ink\u00e1bb hat\u00f3t\u00e1vn\u00f6vel\u0151s modellnek \u00e9rz\u0151dik, mint klasszikus plug-in hibridnek. A benzinmotor szinte \u00e9szrev\u00e9tlen\u00fcl dolgozik a h\u00e1tt\u00e9rben, \u00e9s a sz\u00e9ria dupla \u00fcvegez\u00e9s\u0171 ablakoknak k\u00f6sz\u00f6nhet\u0151en a sz\u00e9l- \u00e9s g\u00f6rd\u00fcl\u00e9si zaj rendk\u00edv\u00fcl j\u00f3l sz\u0171rt.<\/p>\n<p>M\u00e1s h\u00e9tszem\u00e9lyes szabadid\u0151-aut\u00f3khoz, p\u00e9ld\u00e1ul a Peugeot 5008-hoz vagy a Kia Sorent\u00f3hoz k\u00e9pest aut\u00f3p\u00e1ly\u00e1n kiss\u00e9 nyugtalanabb a rug\u00f3z\u00e1sa, de ez nem lenne olyan t\u00e9nyez\u0151, amely elt\u00e1ntor\u00edtana benn\u00fcnket att\u00f3l, hogy hosszabb \u00fatra induljunk a Chery modellj\u00e9vel. A Tiggo 8 \u00e1ra r\u00e1ad\u00e1sul jelent\u0151sen kedvez\u0151bb ezekn\u00e9l a t\u00edpusokn\u00e1l; a Dacia Jogger egyter\u0171 \u00e1rban k\u00f6zelebb \u00e1ll a k\u00ednai modellhez, de komfortban \u00e9s felszerelts\u00e9gben meg sem k\u00f6zel\u00edti azt.<\/p>\n","protected":false},"excerpt":{"rendered":"<p>A t\u00e1j\u00e9koztat\u00e1s szerint 2010-ben az \u00e1tlagnyugd\u00edj 97 ezer forint volt Magyarorsz\u00e1gon. 2026 janu\u00e1rj\u00e1ra \u2013 figyelembe v\u00e9ve a 13. havi nyugd\u00edjat,&#8230; <span class=\"gridview-grid-post-read-more\"><a href=\"https:\/\/online-filmkatarzis.com\/kucko\/hirek\/gulyas-gergely-ujabb-nyugdijemelest-jelentett-be\/\">read more<span class=\"gridview-sr-only\"> Guly\u00e1s Gergely \u00fajabb nyugd\u00edjemel\u00e9st jelentett be!<\/span><\/a><\/span><\/p>\n","protected":false},"author":1,"featured_media":6673,"comment_status":"open","ping_status":"open","sticky":false,"template":"","format":"standard","meta":{"footnotes":""},"categories":[1],"tags":[],"class_list":["post-6672","post","type-post","status-publish","format-standard","has-post-thumbnail","hentry","category-egyeb","wpcat-1-id"],"_links":{"self":[{"href":"https:\/\/online-filmkatarzis.com\/kucko\/hirek\/wp-json\/wp\/v2\/posts\/6672","targetHints":{"allow":["GET"]}}],"collection":[{"href":"https:\/\/online-filmkatarzis.com\/kucko\/hirek\/wp-json\/wp\/v2\/posts"}],"about":[{"href":"https:\/\/online-filmkatarzis.com\/kucko\/hirek\/wp-json\/wp\/v2\/types\/post"}],"author":[{"embeddable":true,"href":"https:\/\/online-filmkatarzis.com\/kucko\/hirek\/wp-json\/wp\/v2\/users\/1"}],"replies":[{"embeddable":true,"href":"https:\/\/online-filmkatarzis.com\/kucko\/hirek\/wp-json\/wp\/v2\/comments?post=6672"}],"version-history":[{"count":2,"href":"https:\/\/online-filmkatarzis.com\/kucko\/hirek\/wp-json\/wp\/v2\/posts\/6672\/revisions"}],"predecessor-version":[{"id":6690,"href":"https:\/\/online-filmkatarzis.com\/kucko\/hirek\/wp-json\/wp\/v2\/posts\/6672\/revisions\/6690"}],"wp:featuredmedia":[{"embeddable":true,"href":"https:\/\/online-filmkatarzis.com\/kucko\/hirek\/wp-json\/wp\/v2\/media\/6673"}],"wp:attachment":[{"href":"https:\/\/online-filmkatarzis.com\/kucko\/hirek\/wp-json\/wp\/v2\/media?parent=6672"}],"wp:term":[{"taxonomy":"category","embeddable":true,"href":"https:\/\/online-filmkatarzis.com\/kucko\/hirek\/wp-json\/wp\/v2\/categories?post=6672"},{"taxonomy":"post_tag","embeddable":true,"href":"https:\/\/online-filmkatarzis.com\/kucko\/hirek\/wp-json\/wp\/v2\/tags?post=6672"}],"curies":[{"name":"wp","href":"https:\/\/api.w.org\/{rel}","templated":true}]}}