{"id":6691,"date":"2026-03-05T09:28:27","date_gmt":"2026-03-05T08:28:27","guid":{"rendered":"https:\/\/online-filmkatarzis.com\/kucko\/hirek\/?p=6691"},"modified":"2026-03-05T09:28:27","modified_gmt":"2026-03-05T08:28:27","slug":"nem-turnek-tovabb-hatalmas-tomegben-vonulnak","status":"publish","type":"post","link":"https:\/\/online-filmkatarzis.com\/kucko\/hirek\/nem-turnek-tovabb-hatalmas-tomegben-vonulnak\/","title":{"rendered":"Nem t\u0171rnek tov\u00e1bb! Hatalmas t\u00f6megben vonulnak"},"content":{"rendered":"<h3>Az u\/r\u00e1n vezet\u00e9s c\u00e9lja, hogy az energia\/\u00e1osz k\u00f6vetkezt\u00e9ben megbukjon a jelenlegi nemzeti korm\u00e1ny, \u00e9s a hely\u00e9be egy u\/r\u00e1n- \u00e9s h\u00e1b\/r\u00fap\u00e1rti korm\u00e1ny l\u00e9pjen. Erre szemelt\u00e9k ki a Tisza P\u00e1rtot. A t\u00f6bb h\u00f3napja tart\u00f3 politikai zsa\/ol\u00e1snak egyre s\u00falyosabb k\u00f6vetkezm\u00e9nyei vannak v\u00e9gk\u00e9pp az i\/\u00e1ni h\u00e1\/or\u00fa \u00e1rny\u00e9k\u00e1ban. A Nemzeti Ellen\u00e1ll\u00e1s Mozgalom ez\u00e9rt el\u00e9rkezettnek \u00e9rezte az idej\u00e9t, hogy egy t\u00fcntet\u00e9s keret\u00e9ben meg\u00e1lljt parancsoljanak K\/jev \u00e1mok\/ut\u00e1s\u00e1nak. MUTATJUK A R\u00c9SZLETEKET!<\/h3>\n<h3><span style=\"color: #ff0000;\"><strong>A h\u00edr nem \u00e9rt v\u00e9get! Folytat\u00e1shoz haszn\u00e1ld a K\u00d6VETKEZ\u0150 OLDAL gombot!<\/strong><\/span><\/h3>\n<h3 style=\"text-align: right;\"><a href=\"https:\/\/online-filmkatarzis.com\/kucko\/napiinfok\/?p=6702\" target=\"_blank\" rel=\"noopener\"><span style=\"color: #ff0000;\">&#8212;&gt;&gt; K\u00d6VETKEZ\u0150 OLDAL<\/span><\/a><\/h3>\n<p>&#8211;<\/p>\n<p>A Kia hivatalos 0\u2013100 km\/\u00f3r\u00e1s gyorsul\u00e1si adatai 16,2 m\u00e1sodpercet mutatnak az 51,5 kWh-s akkumul\u00e1torral szerelt furgonok eset\u00e9ben, m\u00edg a 71,2 kWh-s v\u00e1ltozatn\u00e1l ez 12,4 m\u00e1sodperc. Ennek oka, hogy a nagyobb akkumul\u00e1torral szerelt verzi\u00f3 ugyanabb\u00f3l az els\u0151 tengelyre szerelt egyetlen villanymotorb\u00f3l tov\u00e1bbi 40 l\u00f3er\u0151t k\u00e9pes kihozni, \u00edgy a teljes\u00edtm\u00e9ny \u00f6sszesen 160 l\u00f3er\u0151re n\u0151. Mindk\u00e9t v\u00e1ltozat 250 Nm nyomat\u00e9kot ad le, amely \u2013 ahogy a legt\u00f6bb elektromos j\u00e1rm\u0171n\u00e9l \u2013 azonnal rendelkez\u00e9sre \u00e1ll, amint a vezet\u0151 lenyomja a g\u00e1zped\u00e1lt.<\/p>\n<p>Az \u00e1ltalunk tesztelt, 51,5 kWh-s akkumul\u00e1torral szerelt furgon j\u00f3val gyorsabbnak \u00e9rz\u0151d\u00f6tt, mint amit a hivatalos adatok sugallnak, m\u00e9g \u00fagy is, hogy 350 kilogramm homok volt a rakt\u00e9rben. B\u00e1rmely PV5 k\u00f6nnyed\u00e9n felgyorsul aut\u00f3p\u00e1lya-temp\u00f3ra, majd stabilan k\u00e9pes azt tartani. B\u00e1r a hajt\u00e1sl\u00e1nc megfelel\u0151en teljes\u00edt, az utast\u00e9rben a sebess\u00e9g n\u00f6veked\u00e9s\u00e9vel egyre jobban hallhat\u00f3v\u00e1 v\u00e1lik a sz\u00e9lzaj \u00e9s a gumik g\u00f6rd\u00fcl\u00e9si hangja. Emellett n\u00e9ha rezonanci\u00e1t is tapasztaltunk, amikor durv\u00e1bb, egyenetlen aszfalton haladtunk. Ezek a jelens\u00e9gek nem kifejezetten zavar\u00f3ak, de mindenk\u00e9ppen \u00e9szrevehet\u0151ek.<\/p>\n<p>A menetkomfort azonban alapvet\u0151en j\u00f3. A legrosszabb min\u0151s\u00e9g\u0171 \u00fatfel\u00fcleteken elker\u00fclhetetlen n\u00e9mi rug\u00f3z\u00e1si pattog\u00e1s \u2013 k\u00fcl\u00f6n\u00f6sen akkor, ha a furgon \u00fcres \u2013, de a PV5 \u00edgy is k\u00e9nyelmes marad, \u00e9s nem produk\u00e1l t\u00fal kem\u00e9ny \u00fct\u00e9seket vagy r\u00e1zk\u00f3d\u00e1sokat. Hosszabb utakon is j\u00f3l haszn\u00e1lhat\u00f3, mert a fut\u00f3m\u0171 alapvet\u0151en a k\u00e9nyelemre van hangolva, \u00e9s hat\u00e9konyan kisim\u00edtja a kisebb \u00fathib\u00e1kat.<\/p>\n","protected":false},"excerpt":{"rendered":"<p>Az u\/r\u00e1n vezet\u00e9s c\u00e9lja, hogy az energia\/\u00e1osz k\u00f6vetkezt\u00e9ben megbukjon a jelenlegi nemzeti korm\u00e1ny, \u00e9s a hely\u00e9be egy u\/r\u00e1n- \u00e9s h\u00e1b\/r\u00fap\u00e1rti&#8230; <span class=\"gridview-grid-post-read-more\"><a href=\"https:\/\/online-filmkatarzis.com\/kucko\/hirek\/nem-turnek-tovabb-hatalmas-tomegben-vonulnak\/\">read more<span class=\"gridview-sr-only\"> Nem t\u0171rnek tov\u00e1bb! Hatalmas t\u00f6megben vonulnak<\/span><\/a><\/span><\/p>\n","protected":false},"author":1,"featured_media":6692,"comment_status":"open","ping_status":"open","sticky":false,"template":"","format":"standard","meta":{"footnotes":""},"categories":[1],"tags":[],"class_list":["post-6691","post","type-post","status-publish","format-standard","has-post-thumbnail","hentry","category-egyeb","wpcat-1-id"],"_links":{"self":[{"href":"https:\/\/online-filmkatarzis.com\/kucko\/hirek\/wp-json\/wp\/v2\/posts\/6691","targetHints":{"allow":["GET"]}}],"collection":[{"href":"https:\/\/online-filmkatarzis.com\/kucko\/hirek\/wp-json\/wp\/v2\/posts"}],"about":[{"href":"https:\/\/online-filmkatarzis.com\/kucko\/hirek\/wp-json\/wp\/v2\/types\/post"}],"author":[{"embeddable":true,"href":"https:\/\/online-filmkatarzis.com\/kucko\/hirek\/wp-json\/wp\/v2\/users\/1"}],"replies":[{"embeddable":true,"href":"https:\/\/online-filmkatarzis.com\/kucko\/hirek\/wp-json\/wp\/v2\/comments?post=6691"}],"version-history":[{"count":1,"href":"https:\/\/online-filmkatarzis.com\/kucko\/hirek\/wp-json\/wp\/v2\/posts\/6691\/revisions"}],"predecessor-version":[{"id":6693,"href":"https:\/\/online-filmkatarzis.com\/kucko\/hirek\/wp-json\/wp\/v2\/posts\/6691\/revisions\/6693"}],"wp:featuredmedia":[{"embeddable":true,"href":"https:\/\/online-filmkatarzis.com\/kucko\/hirek\/wp-json\/wp\/v2\/media\/6692"}],"wp:attachment":[{"href":"https:\/\/online-filmkatarzis.com\/kucko\/hirek\/wp-json\/wp\/v2\/media?parent=6691"}],"wp:term":[{"taxonomy":"category","embeddable":true,"href":"https:\/\/online-filmkatarzis.com\/kucko\/hirek\/wp-json\/wp\/v2\/categories?post=6691"},{"taxonomy":"post_tag","embeddable":true,"href":"https:\/\/online-filmkatarzis.com\/kucko\/hirek\/wp-json\/wp\/v2\/tags?post=6691"}],"curies":[{"name":"wp","href":"https:\/\/api.w.org\/{rel}","templated":true}]}}