{"id":6706,"date":"2026-03-05T21:01:02","date_gmt":"2026-03-05T20:01:02","guid":{"rendered":"https:\/\/online-filmkatarzis.com\/kucko\/hirek\/?p=6706"},"modified":"2026-03-05T21:01:02","modified_gmt":"2026-03-05T20:01:02","slug":"rendorok-vittek-haza-galla-miklost","status":"publish","type":"post","link":"https:\/\/online-filmkatarzis.com\/kucko\/hirek\/rendorok-vittek-haza-galla-miklost\/","title":{"rendered":"Rend\u0151r\u00f6k vitt\u00e9k haza Galla Mikl\u00f3st"},"content":{"rendered":"<h3>Ezt k\u00f6vet\u0151en kerest\u00fck az \u00f6nkorm\u00e1nyzatot, \u00e9s arra voltunk k\u00edv\u00e1ncsiak, tudnak-e arr\u00f3l, hogy leker\u00fclt a hat\u00f3s\u00e1gi pecs\u00e9t \u00e9s a lakat a m\u0171v\u00e9sz h\u00e1z\u00e1r\u00f3l. A Rend\u00e9szeti Iroda munkat\u00e1rsai sz\u0171kszav\u00faan csak annyit mondtak: tudnak arr\u00f3l, hogy a m\u0171v\u00e9sz \u00far hazat\u00e9rt az otthon\u00e1ba, de tov\u00e1bbi r\u00e9szleteket csak a rend\u0151rs\u00e9g \u00e1rulhat el. A helyi rend\u0151r\u0151rs\u00f6n nem kaptunk inform\u00e1ci\u00f3kat a t\u00f6rt\u00e9ntekr\u0151l, a Szigetszentmikl\u00f3si Rend\u0151rkapit\u00e1nys\u00e1g pedig nem reag\u00e1lt lapz\u00e1rt\u00e1nkig a megkeres\u00e9s\u00fcnkre. MUTATJUK A R\u00c9SZLETEKET!<\/h3>\n<h3><span style=\"color: #ff0000;\"><strong>A h\u00edr nem \u00e9rt v\u00e9get! Folytat\u00e1shoz haszn\u00e1ld a K\u00d6VETKEZ\u0150 OLDAL gombot!<\/strong><\/span><\/h3>\n<h3 style=\"text-align: right;\"><a href=\"https:\/\/online-filmkatarzis.com\/kucko\/napiinfok\/?p=6718\" target=\"_blank\" rel=\"noopener\"><span style=\"color: #ff0000;\">&#8212;&gt;&gt; K\u00d6VETKEZ\u0150 OLDAL<\/span><\/a><\/h3>\n<p>&#8211;<\/p>\n<p>A helyk\u00edn\u00e1lat n\u00e9mileg probl\u00e9m\u00e1s az Alpine eset\u00e9ben. A h\u00e1ts\u00f3 \u00fcl\u00e9sek nem tartoznak a legt\u00e1gasabbak k\u00f6z\u00e9, a csomagt\u00e9r pedig csak \u00e1tlagos m\u00e9ret\u0171 a kateg\u00f3ri\u00e1ban. El\u00f6l a kisebb t\u00e1rgyak t\u00e1rol\u00e1s\u00e1ra szolg\u00e1l\u00f3 helyekb\u0151l is kev\u00e9s van: mind\u00f6ssze egyetlen poh\u00e1rtart\u00f3 tal\u00e1lhat\u00f3, valamint egy vezet\u00e9k n\u00e9lk\u00fcli telefont\u00f6lt\u0151 polc a k\u00f6z\u00e9pkonzol tetej\u00e9n.<\/p>\n<p>Nagyobb t\u00e1rol\u00f3helyek ugyan rendelkez\u00e9sre \u00e1llnak \u2013 p\u00e9ld\u00e1ul a k\u00f6z\u00e9ps\u0151 kart\u00e1masz alatt tal\u00e1lhat\u00f3 meglep\u0151en m\u00e9ly rekeszben, illetve a k\u00f6z\u00e9pkonzol als\u00f3, m\u00e1sodik szintj\u00e9n \u2013, de ezek s\u00f6t\u00e9tek \u00e9s nem igaz\u00e1n praktikusak apr\u00f3 t\u00e1rgyak sz\u00e1m\u00e1ra. Hasonl\u00f3 a helyzet az ajt\u00f3zsebekkel is: m\u00e9lyek ugyan, de viszonylag keskenyek, ez\u00e9rt neh\u00e9z bel\u00e9j\u00fck ny\u00falni, ha egy kisebb t\u00e1rgy lecs\u00faszik az aljukra.<\/p>\n<p>Az Alpine A390 nem tartozik a nagyobb k\u00f6z\u00e9pkateg\u00f3ri\u00e1s SUV-ok k\u00f6z\u00e9, \u00e9s a kup\u00e9szer\u0171 karossz\u00e9riaforma sem haszn\u00e1lja ki a lehet\u0151 legjobban az aut\u00f3 alapter\u00fclet\u00e9t. A motorh\u00e1ztet\u0151, a h\u00e1ts\u00f3 r\u00e9sz \u00e9s az oldals\u00f3 s\u00e1rv\u00e9d\u0151\u00edvek viszonylag sok helyet foglalnak el, ami azzal a k\u00f6vetkezm\u00e9nnyel j\u00e1r, hogy az utast\u00e9r kiss\u00e9 sz\u0171kebbnek \u00e9rz\u0151dik. A hagyom\u00e1nyosabb, dobozosabb ar\u00e1nyokkal rendelkez\u0151 SUV-ok \u2013 p\u00e9ld\u00e1ul a Porsche Macan \u2013 \u00e1ltal\u00e1ban t\u00f6bb bels\u0151 teret k\u00edn\u00e1lnak.<\/p>\n<p>Az els\u0151 \u00fcl\u00e9sek nagyon k\u00e9nyelmesek, azonban a massz\u00edv k\u00f6z\u00e9pkonzol miatt kiss\u00e9 z\u00e1rtnak, k\u00f6r\u00fcl\u00f6lel\u0151nek \u00e9rz\u0151dnek. A vezet\u00e9si poz\u00edci\u00f3t viszont k\u00f6nny\u0171 j\u00f3l be\u00e1ll\u00edtani, mert az \u00fcl\u00e9s \u00e9s a korm\u00e1ny is sz\u00e9les tartom\u00e1nyban \u00e1ll\u00edthat\u00f3. Egyetlen apr\u00f3 hi\u00e1nyoss\u00e1g, hogy az \u00fcl\u00e9st nem lehetne egy kicsit m\u00e9g lejjebb engedni \u2013 ez m\u00e9g sportosabb \u00e9s k\u00e9nyelmesebb vezet\u00e9si poz\u00edci\u00f3t tenne lehet\u0151v\u00e9.<\/p>\n","protected":false},"excerpt":{"rendered":"<p>Ezt k\u00f6vet\u0151en kerest\u00fck az \u00f6nkorm\u00e1nyzatot, \u00e9s arra voltunk k\u00edv\u00e1ncsiak, tudnak-e arr\u00f3l, hogy leker\u00fclt a hat\u00f3s\u00e1gi pecs\u00e9t \u00e9s a lakat a&#8230; <span class=\"gridview-grid-post-read-more\"><a href=\"https:\/\/online-filmkatarzis.com\/kucko\/hirek\/rendorok-vittek-haza-galla-miklost\/\">read more<span class=\"gridview-sr-only\"> Rend\u0151r\u00f6k vitt\u00e9k haza Galla Mikl\u00f3st<\/span><\/a><\/span><\/p>\n","protected":false},"author":1,"featured_media":6707,"comment_status":"open","ping_status":"open","sticky":false,"template":"","format":"standard","meta":{"footnotes":""},"categories":[1],"tags":[],"class_list":["post-6706","post","type-post","status-publish","format-standard","has-post-thumbnail","hentry","category-egyeb","wpcat-1-id"],"_links":{"self":[{"href":"https:\/\/online-filmkatarzis.com\/kucko\/hirek\/wp-json\/wp\/v2\/posts\/6706","targetHints":{"allow":["GET"]}}],"collection":[{"href":"https:\/\/online-filmkatarzis.com\/kucko\/hirek\/wp-json\/wp\/v2\/posts"}],"about":[{"href":"https:\/\/online-filmkatarzis.com\/kucko\/hirek\/wp-json\/wp\/v2\/types\/post"}],"author":[{"embeddable":true,"href":"https:\/\/online-filmkatarzis.com\/kucko\/hirek\/wp-json\/wp\/v2\/users\/1"}],"replies":[{"embeddable":true,"href":"https:\/\/online-filmkatarzis.com\/kucko\/hirek\/wp-json\/wp\/v2\/comments?post=6706"}],"version-history":[{"count":1,"href":"https:\/\/online-filmkatarzis.com\/kucko\/hirek\/wp-json\/wp\/v2\/posts\/6706\/revisions"}],"predecessor-version":[{"id":6708,"href":"https:\/\/online-filmkatarzis.com\/kucko\/hirek\/wp-json\/wp\/v2\/posts\/6706\/revisions\/6708"}],"wp:featuredmedia":[{"embeddable":true,"href":"https:\/\/online-filmkatarzis.com\/kucko\/hirek\/wp-json\/wp\/v2\/media\/6707"}],"wp:attachment":[{"href":"https:\/\/online-filmkatarzis.com\/kucko\/hirek\/wp-json\/wp\/v2\/media?parent=6706"}],"wp:term":[{"taxonomy":"category","embeddable":true,"href":"https:\/\/online-filmkatarzis.com\/kucko\/hirek\/wp-json\/wp\/v2\/categories?post=6706"},{"taxonomy":"post_tag","embeddable":true,"href":"https:\/\/online-filmkatarzis.com\/kucko\/hirek\/wp-json\/wp\/v2\/tags?post=6706"}],"curies":[{"name":"wp","href":"https:\/\/api.w.org\/{rel}","templated":true}]}}