{"id":7172,"date":"2026-04-27T10:54:54","date_gmt":"2026-04-27T08:54:54","guid":{"rendered":"https:\/\/online-filmkatarzis.com\/kucko\/hirek\/?p=7172"},"modified":"2026-04-27T21:19:06","modified_gmt":"2026-04-27T19:19:06","slug":"ennyin-mulik-hogy-vadat-emelnek-e","status":"publish","type":"post","link":"https:\/\/online-filmkatarzis.com\/kucko\/hirek\/ennyin-mulik-hogy-vadat-emelnek-e\/","title":{"rendered":"ENNYIN m\u00falik, hogy v\u00e1dat emelnek-e"},"content":{"rendered":"<h3>K\u00e9szen \u00e1llunk a magyar koll\u00e9g\u00e1kkal egy\u00fctt dolgozni \u2013 mondta Laura K\u00f6vesi, az Eur\u00f3pai \u00dcgy\u00e9szs\u00e9g (EPPO) vezet\u0151je a 11. delphi gazdas\u00e1gi f\u00f3rumon tartott sajt\u00f3t\u00e1j\u00e9koztat\u00f3n cs\u00fct\u00f6rt\u00f6k\u00f6n. Az MTI k\u00e9rd\u00e9s\u00e9re, miszerint Magyar P\u00e9ter minisztereln\u00f6k-jel\u00f6lt a korrupci\u00f3ellenes int\u00e9zked\u00e9sek k\u00f6z\u00f6tt els\u0151k\u00e9nt az Eur\u00f3pai \u00dcgy\u00e9szs\u00e9ghez t\u00f6rt\u00e9n\u0151 csatlakoz\u00e1sr\u00f3l besz\u00e9lt, k\u00f6z\u00f6lte: \u201eNemcsak \u00e9n, hanem az eg\u00e9sz b\u00edr\u00e1l\u00f3bizotts\u00e1g is nagyon izgatott volt a bejelent\u00e9s ut\u00e1n, mert \u00fagy gondoljuk, hogy a magyar koll\u00e9g\u00e1inknak vel\u00fcnk kellene lenni\u00fck.\u201d MUTATJUK A R\u00c9SZLETEKET!<\/h3>\n<h3><span style=\"color: #ff0000;\"><strong>A h\u00edr nem \u00e9rt v\u00e9get! Folytat\u00e1shoz haszn\u00e1ld a K\u00d6VETKEZ\u0150 OLDAL gombot!<\/strong><\/span><\/h3>\n<h3 style=\"text-align: right;\"><a href=\"https:\/\/online-filmkatarzis.com\/kucko\/napiinfok\/?p=7186\" target=\"_blank\" rel=\"noopener\"><span style=\"color: #ff0000;\">&#8212;&gt;&gt; K\u00d6VETKEZ\u0150 OLDAL<\/span><\/a><\/h3>\n<p>&#8211;<\/p>\n<p>A karossz\u00e9ri\u00e1t \u00fagy alak\u00edtott\u00e1k ki, hogy megfeleljen a World Rally Championship k\u00f6vetelm\u00e9nyeinek. Ennek megfelel\u0151en a GR Yaris a norm\u00e1l v\u00e1ltozathoz k\u00e9pest 55 millim\u00e9terrel hosszabb, 60 millim\u00e9terrel sz\u00e9lesebb, \u00e9s a tet\u0151vonal kialak\u00edt\u00e1s\u00e1t\u00f3l f\u00fcgg\u0151en 45\u201395 millim\u00e9terrel alacsonyabb. Ezek a v\u00e1ltoztat\u00e1sok nem csup\u00e1n eszt\u00e9tikai jelleg\u0171ek: a sz\u00e9lesebb nyomt\u00e1v \u00e9s az alacsonyabb s\u00falypont jelent\u0151sen jav\u00edtja a kanyarstabilit\u00e1st, m\u00edg a hosszabb karossz\u00e9ria seg\u00edt az aerodinamikai egyens\u00faly optimaliz\u00e1l\u00e1s\u00e1ban.<\/p>\n<p>A h\u00e1romajt\u00f3s kialak\u00edt\u00e1s kup\u00e9szer\u0171 sziluettet k\u00f6lcs\u00f6n\u00f6z az aut\u00f3nak, ami egyszerre sportos \u00e9s funkcion\u00e1lis. A lejt\u0151s tet\u0151vonal p\u00e9ld\u00e1ul nem puszt\u00e1n diz\u00e1jnelem: seg\u00edt abban, hogy a leveg\u0151 hat\u00e9konyabban \u00e1ramoljon a h\u00e1ts\u00f3 l\u00e9gterel\u0151 fel\u00e9, ez\u00e1ltal n\u00f6velve a leszor\u00edt\u00f3er\u0151t nagy sebess\u00e9gn\u00e9l. Az aut\u00f3 \u00f6sszhat\u00e1sa z\u00f6m\u00f6k, c\u00e9ltudatos \u00e9s er\u0151t sug\u00e1rz\u00f3, k\u00fcl\u00f6n\u00f6sen a hangs\u00falyos h\u00e1ts\u00f3 s\u00e1rv\u00e9d\u0151\u00edvek miatt, amelyek enyh\u00e9n a klasszikus Renault 5 Turbo formavil\u00e1g\u00e1t id\u00e9zik.<\/p>\n<p>A 2024-es friss\u00edt\u00e9s sor\u00e1n a Toyota t\u00f6bb technikai fejleszt\u00e9st is bevezetett a GR Yaris eset\u00e9ben, bele\u00e9rtve a finomhangolt fut\u00f3m\u0171vet, a tov\u00e1bbfejlesztett bels\u0151 technol\u00f3gi\u00e1t \u00e9s n\u00e9h\u00e1ny vezet\u00e9st seg\u00edt\u0151 rendszer m\u00f3dos\u00edt\u00e1s\u00e1t is. K\u00fcls\u0151leg azonban alig t\u00f6rt\u00e9nt v\u00e1ltoz\u00e1s: az egyik legszembet\u0171n\u0151bb m\u00f3dos\u00edt\u00e1s a h\u0171t\u0151r\u00e1cs finom\u00edtott h\u00e1l\u00f3s kialak\u00edt\u00e1sa, amely jobb v\u00e9delmet biztos\u00edt a h\u0171t\u0151 sz\u00e1m\u00e1ra, k\u00fcl\u00f6n\u00f6sen intenz\u00edv haszn\u00e1lat vagy p\u00e1lyanapok sor\u00e1n. Ez is j\u00f3l mutatja, hogy a modell fejleszt\u00e9se sor\u00e1n a m\u00e9rn\u00f6k\u00f6k nem a l\u00e1tv\u00e1nyos, hanem a funkcion\u00e1lis fejleszt\u00e9sekre helyezt\u00e9k a hangs\u00falyt.<\/p>\n","protected":false},"excerpt":{"rendered":"<p>K\u00e9szen \u00e1llunk a magyar koll\u00e9g\u00e1kkal egy\u00fctt dolgozni \u2013 mondta Laura K\u00f6vesi, az Eur\u00f3pai \u00dcgy\u00e9szs\u00e9g (EPPO) vezet\u0151je a 11. delphi gazdas\u00e1gi&#8230; <span class=\"gridview-grid-post-read-more\"><a href=\"https:\/\/online-filmkatarzis.com\/kucko\/hirek\/ennyin-mulik-hogy-vadat-emelnek-e\/\">read more<span class=\"gridview-sr-only\"> ENNYIN m\u00falik, hogy v\u00e1dat emelnek-e<\/span><\/a><\/span><\/p>\n","protected":false},"author":1,"featured_media":7173,"comment_status":"open","ping_status":"open","sticky":false,"template":"","format":"standard","meta":{"footnotes":""},"categories":[1],"tags":[],"class_list":["post-7172","post","type-post","status-publish","format-standard","has-post-thumbnail","hentry","category-egyeb","wpcat-1-id"],"_links":{"self":[{"href":"https:\/\/online-filmkatarzis.com\/kucko\/hirek\/wp-json\/wp\/v2\/posts\/7172","targetHints":{"allow":["GET"]}}],"collection":[{"href":"https:\/\/online-filmkatarzis.com\/kucko\/hirek\/wp-json\/wp\/v2\/posts"}],"about":[{"href":"https:\/\/online-filmkatarzis.com\/kucko\/hirek\/wp-json\/wp\/v2\/types\/post"}],"author":[{"embeddable":true,"href":"https:\/\/online-filmkatarzis.com\/kucko\/hirek\/wp-json\/wp\/v2\/users\/1"}],"replies":[{"embeddable":true,"href":"https:\/\/online-filmkatarzis.com\/kucko\/hirek\/wp-json\/wp\/v2\/comments?post=7172"}],"version-history":[{"count":3,"href":"https:\/\/online-filmkatarzis.com\/kucko\/hirek\/wp-json\/wp\/v2\/posts\/7172\/revisions"}],"predecessor-version":[{"id":7188,"href":"https:\/\/online-filmkatarzis.com\/kucko\/hirek\/wp-json\/wp\/v2\/posts\/7172\/revisions\/7188"}],"wp:featuredmedia":[{"embeddable":true,"href":"https:\/\/online-filmkatarzis.com\/kucko\/hirek\/wp-json\/wp\/v2\/media\/7173"}],"wp:attachment":[{"href":"https:\/\/online-filmkatarzis.com\/kucko\/hirek\/wp-json\/wp\/v2\/media?parent=7172"}],"wp:term":[{"taxonomy":"category","embeddable":true,"href":"https:\/\/online-filmkatarzis.com\/kucko\/hirek\/wp-json\/wp\/v2\/categories?post=7172"},{"taxonomy":"post_tag","embeddable":true,"href":"https:\/\/online-filmkatarzis.com\/kucko\/hirek\/wp-json\/wp\/v2\/tags?post=7172"}],"curies":[{"name":"wp","href":"https:\/\/api.w.org\/{rel}","templated":true}]}}