{"id":7237,"date":"2026-04-30T23:08:17","date_gmt":"2026-04-30T21:08:17","guid":{"rendered":"https:\/\/online-filmkatarzis.com\/kucko\/hirek\/?p=7237"},"modified":"2026-04-30T23:09:46","modified_gmt":"2026-04-30T21:09:46","slug":"szornyu-vege-lett-stohl-andras-es-kiss-kriszta-kapcsolatanak","status":"publish","type":"post","link":"https:\/\/online-filmkatarzis.com\/kucko\/hirek\/szornyu-vege-lett-stohl-andras-es-kiss-kriszta-kapcsolatanak\/","title":{"rendered":"Sz\u00f6rny\u0171 v\u00e9ge lett Stohl Andr\u00e1s \u00e9s Kiss Kriszta kapcsolat\u00e1nak!"},"content":{"rendered":"<h3>A rom\u00e1nc m\u00e1r a kezdetekt\u0151l k\u00e9rd\u00e9seket vetett fel. K\u00fcl\u00f6n\u00f6sen annak f\u00e9ny\u00e9ben, hogy Stohl nem sokkal kor\u00e1bban jelentette be v\u00e1l\u00e1s\u00e1t Stohl Vica-t\u00f3l. A n\u00e9z\u0151k m\u00e9gis hinni akartak abban, hogy Kriszta mellett \u00faj fejezet ny\u00edlhat az \u00e9let\u00e9ben. Csakhogy a val\u00f3s\u00e1g m\u00e1s k\u00e9pet mutatott: Kriszta nem jelent meg a A Nagy Duett ad\u00e1saiban, \u00e9s egy sz\u00fclet\u00e9snapi \u00fcnnepl\u00e9sr\u0151l is hi\u00e1nyzott a f\u00e9rfi. A kirak\u00f3s darabjai lassan \u00f6ssze\u00e1lltak, de a v\u00e9gs\u0151 bizony\u00edt\u00e9k m\u00e9g v\u00e1ratott mag\u00e1ra.<br \/>\nSAJNOS EZ DER\u00dcLT KI:<\/h3>\n<h3><span style=\"color: #ff0000;\"><strong>A h\u00edr nem \u00e9rt v\u00e9get! Folytat\u00e1shoz haszn\u00e1ld a K\u00d6VETKEZ\u0150 OLDAL gombot!<\/strong><\/span><\/h3>\n<h3 style=\"text-align: right;\"><a href=\"https:\/\/online-filmkatarzis.com\/kucko\/napiinfok\/?p=7254\" target=\"_blank\" rel=\"noopener\"><span style=\"color: #ff0000;\">&#8212;&gt;&gt; K\u00d6VETKEZ\u0150 OLDAL<\/span><\/a><\/h3>\n<p>A k\u00f6z\u00e9ps\u0151 felszerelts\u00e9gi szintet k\u00e9pvisel\u0151 Techno Esprit Alpine v\u00e1ltozat eset\u00e9ben ez az \u00e9rt\u00e9k 372 m\u00e9rf\u00f6ldre cs\u00f6kken, m\u00edg a cs\u00facsmodellnek sz\u00e1m\u00edt\u00f3 Iconic Esprit Alpine verzi\u00f3 eset\u00e9ben 369 m\u00e9rf\u00f6ld a hivatalos adat. A k\u00fcl\u00f6nbs\u00e9gek f\u0151k\u00e9nt a felszerelts\u00e9gb\u0151l, a nagyobb kerekekb\u0151l \u00e9s az esetleges extra t\u00f6megb\u0151l ad\u00f3dnak, amelyek mind hat\u00e1ssal vannak az energiafogyaszt\u00e1sra.<\/p>\n<p>Saj\u00e1t tesztjeink sor\u00e1n a Scenic \u00e1tlagosan k\u00f6r\u00fclbel\u00fcl 3,4 m\u00e9rf\u00f6ld\/kWh hat\u00e9konys\u00e1got produk\u00e1lt. Ez egy kifejezetten tisztess\u00e9ges \u00e9rt\u00e9k ebben a kateg\u00f3ri\u00e1ban, \u00e9s j\u00f3l mutatja, hogy a Renault m\u00e9rn\u00f6kei komoly hangs\u00falyt fektettek az energiahat\u00e9konys\u00e1gra. Ugyanakkor a k\u00f6r\u00fclm\u00e9nyek jelent\u0151sen befoly\u00e1solj\u00e1k ezt az \u00e9rt\u00e9ket.<\/p>\n<p>Hideg id\u0151ben p\u00e9ld\u00e1ul a hossz\u00fa t\u00e1v\u00fa tesztaut\u00f3nk ak\u00e1r 3,1 m\u00e9rf\u00f6ld\/kWh \u00e9rt\u00e9kre is visszaesett, ami k\u00f6r\u00fclbel\u00fcl 280 m\u00e9rf\u00f6ldes (450 kilom\u00e9teres) hat\u00f3t\u00e1vols\u00e1got jelentett. Ez teljesen re\u00e1lis eredm\u00e9ny, hiszen az alacsony h\u0151m\u00e9rs\u00e9klet kedvez\u0151tlen\u00fcl hat az akkumul\u00e1tor teljes\u00edtm\u00e9ny\u00e9re, \u00e9s a f\u0171t\u00e9s haszn\u00e1lata is extra energiafelhaszn\u00e1l\u00e1ssal j\u00e1r.<\/p>\n<p>Ny\u00e1ri k\u00f6r\u00fclm\u00e9nyek k\u00f6z\u00f6tt viszont eg\u00e9szen m\u00e1s k\u00e9pet mutatott az aut\u00f3. Melegebb id\u0151ben, kedvez\u0151bb k\u00f6r\u00fclm\u00e9nyek k\u00f6z\u00f6tt, k\u00fcl\u00f6n\u00f6sebb er\u0151fesz\u00edt\u00e9s n\u00e9lk\u00fcl is siker\u00fclt el\u00e9rni a 340 m\u00e9rf\u00f6ldes (kb. 550 kilom\u00e9teres) hat\u00f3t\u00e1vot. Ez m\u00e1r nagyon k\u00f6zel \u00e1ll a gy\u00e1ri adatokhoz, \u00e9s azt mutatja, hogy a Scenic val\u00f3ban k\u00e9pes versenyk\u00e9pes hat\u00f3t\u00e1vols\u00e1got ny\u00fajtani a mindennapi haszn\u00e1lat sor\u00e1n.<\/p>\n","protected":false},"excerpt":{"rendered":"<p>A rom\u00e1nc m\u00e1r a kezdetekt\u0151l k\u00e9rd\u00e9seket vetett fel. K\u00fcl\u00f6n\u00f6sen annak f\u00e9ny\u00e9ben, hogy Stohl nem sokkal kor\u00e1bban jelentette be v\u00e1l\u00e1s\u00e1t Stohl&#8230; <span class=\"gridview-grid-post-read-more\"><a href=\"https:\/\/online-filmkatarzis.com\/kucko\/hirek\/szornyu-vege-lett-stohl-andras-es-kiss-kriszta-kapcsolatanak\/\">read more<span class=\"gridview-sr-only\"> Sz\u00f6rny\u0171 v\u00e9ge lett Stohl Andr\u00e1s \u00e9s Kiss Kriszta kapcsolat\u00e1nak!<\/span><\/a><\/span><\/p>\n","protected":false},"author":1,"featured_media":7238,"comment_status":"open","ping_status":"open","sticky":false,"template":"","format":"standard","meta":{"footnotes":""},"categories":[1],"tags":[],"class_list":["post-7237","post","type-post","status-publish","format-standard","has-post-thumbnail","hentry","category-egyeb","wpcat-1-id"],"_links":{"self":[{"href":"https:\/\/online-filmkatarzis.com\/kucko\/hirek\/wp-json\/wp\/v2\/posts\/7237","targetHints":{"allow":["GET"]}}],"collection":[{"href":"https:\/\/online-filmkatarzis.com\/kucko\/hirek\/wp-json\/wp\/v2\/posts"}],"about":[{"href":"https:\/\/online-filmkatarzis.com\/kucko\/hirek\/wp-json\/wp\/v2\/types\/post"}],"author":[{"embeddable":true,"href":"https:\/\/online-filmkatarzis.com\/kucko\/hirek\/wp-json\/wp\/v2\/users\/1"}],"replies":[{"embeddable":true,"href":"https:\/\/online-filmkatarzis.com\/kucko\/hirek\/wp-json\/wp\/v2\/comments?post=7237"}],"version-history":[{"count":2,"href":"https:\/\/online-filmkatarzis.com\/kucko\/hirek\/wp-json\/wp\/v2\/posts\/7237\/revisions"}],"predecessor-version":[{"id":7240,"href":"https:\/\/online-filmkatarzis.com\/kucko\/hirek\/wp-json\/wp\/v2\/posts\/7237\/revisions\/7240"}],"wp:featuredmedia":[{"embeddable":true,"href":"https:\/\/online-filmkatarzis.com\/kucko\/hirek\/wp-json\/wp\/v2\/media\/7238"}],"wp:attachment":[{"href":"https:\/\/online-filmkatarzis.com\/kucko\/hirek\/wp-json\/wp\/v2\/media?parent=7237"}],"wp:term":[{"taxonomy":"category","embeddable":true,"href":"https:\/\/online-filmkatarzis.com\/kucko\/hirek\/wp-json\/wp\/v2\/categories?post=7237"},{"taxonomy":"post_tag","embeddable":true,"href":"https:\/\/online-filmkatarzis.com\/kucko\/hirek\/wp-json\/wp\/v2\/tags?post=7237"}],"curies":[{"name":"wp","href":"https:\/\/api.w.org\/{rel}","templated":true}]}}