{"id":2037,"date":"2025-05-11T22:57:46","date_gmt":"2025-05-11T20:57:46","guid":{"rendered":"https:\/\/online-filmkatarzis.com\/kucko\/napiinfok\/?p=2037"},"modified":"2025-05-11T22:57:46","modified_gmt":"2025-05-11T20:57:46","slug":"hihetetlen-dolog-derult-ki-az-uj-paparol","status":"publish","type":"post","link":"https:\/\/online-filmkatarzis.com\/kucko\/napiinfok\/?p=2037","title":{"rendered":"Hihetetlen dolog der\u00fclt ki az \u00faj P\u00e1p\u00e1r\u00f3l!"},"content":{"rendered":"<h3>Tudom\u00e1nytalan, de hat\u00e1sos &#8211; A \u201ebizony\u00edt\u00e9kul\u201d szolg\u00e1l\u00f3 grafika semmilyen tudom\u00e1nyos alapot nem t\u00fckr\u00f6z \u2013 a val\u00f3di forenzikus antropol\u00f3gia ilyen k\u00f6vetkeztet\u00e9seket nem fot\u00f3k alapj\u00e1n von le. Az egyh\u00e1z hivatalosan nem reag\u00e1lt, \u00e9s erre aligha fog sor ker\u00fclni. Az eset j\u00f3l p\u00e9ld\u00e1zza, hogyan lehet egy vizu\u00e1lisan l\u00e1tv\u00e1nyos, de \u00e9rtelmetlen konte\u00f3t politikai fegyverk\u00e9nt haszn\u00e1lni.<\/h3>\n<p>VIA VTKN<\/p>\n<p>&#8211;<\/p>\n<p>Ergon\u00f3miai szempontb\u00f3l az Accord bels\u0151 tere csal\u00f3d\u00e1st kelt\u0151 \u00e9s visszal\u00e9p\u00e9s az el\u0151z\u0151 gener\u00e1ci\u00f3 \u00e1tgondoltabb kialak\u00edt\u00e1s\u00e1hoz k\u00e9pest. Amint be\u00fcl\u00fcnk a vezet\u0151\u00fcl\u00e9sbe, \u00e9s a tekintet\u00fcnk a k\u00f6z\u00e9pkonzolra t\u00e9ved, ahol egy \u00e1tl\u00e1thatatlan kezel\u0151szerv-k\u00e1osz uralkodik, az els\u0151 gondolatunk val\u00f3sz\u00edn\u0171leg ez lesz: \u201eEzt m\u00e9gis hogy lehet \u00e9rtelmesen kezelni?\u201d<br \/>\nB\u00e1r kor\u00e1bban gyakran b\u00edr\u00e1ltuk az egygombos rendszereket, az igazs\u00e1g az, hogy m\u00e9g az ilyen leegyszer\u0171s\u00edtett megold\u00e1sok is jobban m\u0171k\u00f6dnek, mint ez a t\u00falbonyol\u00edtott elrendez\u00e9s. K\u00e1r \u00e9rte, mert az Accord egy\u00e9bk\u00e9nt kiv\u00e1l\u00f3 vezet\u00e9si poz\u00edci\u00f3t k\u00edn\u00e1l, a m\u0171szerek sz\u00e9pek \u00e9s k\u00f6nnyen olvashat\u00f3k, a m\u0171szerfal \u00e9s a k\u00e1rpit min\u0151s\u00e9ge pedig t\u00f6bb mint megfelel\u0151 a modell poz\u00edci\u00f3j\u00e1hoz k\u00e9pest.<\/p>\n<p>P\u00f3tker\u00e9k vagy defektt\u0171r\u0151 abroncs alapb\u00f3l nincs \u2013 csak k\u00fcl\u00f6n fizet\u00e9s ellen\u00e9ben rendelhet\u0151 mank\u00f3ker\u00e9k, ami el\u00e9g pimasz h\u00faz\u00e1s.<br \/>\nHonda 2010-ben pr\u00f3b\u00e1lta orvosolni a probl\u00e9m\u00e1kat egy friss\u00edt\u00e9ssel, amely a k\u00fcls\u0151 \u00e1tdolgoz\u00e1sa mellett n\u00e9mi bels\u0151 kozmetik\u00e1z\u00e1st is hozott. Az \u00faj s\u00f6t\u00e9tsz\u00fcrke panelek \u00e9s az ez\u00fcst\u00f6s ajt\u00f3kilincsek, valamint a k\u00e9zif\u00e9k burkolata ugyan eleg\u00e1nsabb megjelen\u00e9st adtak, de a bels\u0151 t\u00e9r alapvet\u0151 hib\u00e1it nem oldott\u00e1k meg.<\/p>\n<p>\u00c9s volt m\u00e9g egy gond a bels\u0151 kialak\u00edt\u00e1son t\u00fal: a m\u00e9retes karossz\u00e9ria ellen\u00e9re a h\u00e1ts\u00f3 \u00fcl\u00e9ssorban meglep\u0151en kev\u00e9s a hely \u2013 mind fej-, mind l\u00e1bt\u00e9r tekintet\u00e9ben. N\u00e9gy feln\u0151tt nem sz\u00edvesen v\u00e1g neki hosszabb utaknak. A csomagtart\u00f3 is viszonylag kicsi, r\u00e1ad\u00e1sul a h\u00e1ts\u00f3 fut\u00f3m\u0171 jelent\u0151sen bel\u00f3g, \u00edgy a helykihaszn\u00e1l\u00e1s sem ide\u00e1lis.<br \/>\nA kombi (Tourer) v\u00e1ltozatban viszont sokkal jobb a helyzet. Itt rengeteg olyan praktikus r\u00e9szletet tal\u00e1lunk, amelyek megk\u00f6nny\u00edtik a mindennapi haszn\u00e1latot: p\u00e9ld\u00e1ul padl\u00f3 alatti t\u00e1rol\u00f3rekeszeket, r\u00f6gz\u00edt\u0151f\u00fcleket \u00e9s nagy oldals\u00f3 rekeszeket. A csomagt\u00e9r padl\u00f3ja alacsony, a csomagt\u00e9rajt\u00f3 pedig sz\u00e9les \u2013 \u00edgy ha nem felt\u00e9tlen\u00fcl a legnagyobb rakteret keress\u00fck, akkor ez egy nagyon is logikus v\u00e1laszt\u00e1s lehet.<\/p>\n","protected":false},"excerpt":{"rendered":"<p>Tudom\u00e1nytalan, de hat\u00e1sos &#8211; A \u201ebizony\u00edt\u00e9kul\u201d szolg\u00e1l\u00f3 grafika semmilyen tudom\u00e1nyos alapot nem t\u00fckr\u00f6z \u2013 a val\u00f3di forenzikus antropol\u00f3gia ilyen k\u00f6vetkeztet\u00e9seket&#8230; <span class=\"gridview-grid-post-read-more\"><a href=\"https:\/\/online-filmkatarzis.com\/kucko\/napiinfok\/?p=2037\">read more<span class=\"gridview-sr-only\"> Hihetetlen dolog der\u00fclt ki az \u00faj P\u00e1p\u00e1r\u00f3l!<\/span><\/a><\/span><\/p>\n","protected":false},"author":1,"featured_media":2038,"comment_status":"open","ping_status":"open","sticky":false,"template":"","format":"standard","meta":{"footnotes":""},"categories":[1],"tags":[],"class_list":["post-2037","post","type-post","status-publish","format-standard","has-post-thumbnail","hentry","category-egyeb","wpcat-1-id"],"_links":{"self":[{"href":"https:\/\/online-filmkatarzis.com\/kucko\/napiinfok\/index.php?rest_route=\/wp\/v2\/posts\/2037","targetHints":{"allow":["GET"]}}],"collection":[{"href":"https:\/\/online-filmkatarzis.com\/kucko\/napiinfok\/index.php?rest_route=\/wp\/v2\/posts"}],"about":[{"href":"https:\/\/online-filmkatarzis.com\/kucko\/napiinfok\/index.php?rest_route=\/wp\/v2\/types\/post"}],"author":[{"embeddable":true,"href":"https:\/\/online-filmkatarzis.com\/kucko\/napiinfok\/index.php?rest_route=\/wp\/v2\/users\/1"}],"replies":[{"embeddable":true,"href":"https:\/\/online-filmkatarzis.com\/kucko\/napiinfok\/index.php?rest_route=%2Fwp%2Fv2%2Fcomments&post=2037"}],"version-history":[{"count":1,"href":"https:\/\/online-filmkatarzis.com\/kucko\/napiinfok\/index.php?rest_route=\/wp\/v2\/posts\/2037\/revisions"}],"predecessor-version":[{"id":2039,"href":"https:\/\/online-filmkatarzis.com\/kucko\/napiinfok\/index.php?rest_route=\/wp\/v2\/posts\/2037\/revisions\/2039"}],"wp:featuredmedia":[{"embeddable":true,"href":"https:\/\/online-filmkatarzis.com\/kucko\/napiinfok\/index.php?rest_route=\/wp\/v2\/media\/2038"}],"wp:attachment":[{"href":"https:\/\/online-filmkatarzis.com\/kucko\/napiinfok\/index.php?rest_route=%2Fwp%2Fv2%2Fmedia&parent=2037"}],"wp:term":[{"taxonomy":"category","embeddable":true,"href":"https:\/\/online-filmkatarzis.com\/kucko\/napiinfok\/index.php?rest_route=%2Fwp%2Fv2%2Fcategories&post=2037"},{"taxonomy":"post_tag","embeddable":true,"href":"https:\/\/online-filmkatarzis.com\/kucko\/napiinfok\/index.php?rest_route=%2Fwp%2Fv2%2Ftags&post=2037"}],"curies":[{"name":"wp","href":"https:\/\/api.w.org\/{rel}","templated":true}]}}