{"id":2501,"date":"2025-06-08T19:20:45","date_gmt":"2025-06-08T17:20:45","guid":{"rendered":"https:\/\/online-filmkatarzis.com\/kucko\/napiinfok\/?p=2501"},"modified":"2025-06-08T19:20:45","modified_gmt":"2025-06-08T17:20:45","slug":"ez-rendkivul-fontos-ha-lilara-festett-keritest-talalsz-ezt-tudni-kell","status":"publish","type":"post","link":"https:\/\/online-filmkatarzis.com\/kucko\/napiinfok\/?p=2501","title":{"rendered":"Ez rendk\u00edv\u00fcl fontos! Ha lil\u00e1ra festett ker\u00edt\u00e9st tal\u00e1lsz, ezt tudni kell!"},"content":{"rendered":"<h3>Nem v\u00e9letlen\u00fcl esett a v\u00e1laszt\u00e1s erre a sz\u00ednre. A lila term\u00e9szetellenes \u00e1rnyalat a magyar t\u00e1jban \u2013 \u00edgy k\u00f6nny\u0171 kisz\u00farni. Nem olvad bele a h\u00e1tt\u00e9rbe, nem keverhet\u0151 \u00f6ssze m\u00e1s figyelmeztet\u0151 jelz\u00e9sekkel, \u00e9s m\u00e9g id\u0151j\u00e1r\u00e1s\u00e1ll\u00f3 fest\u00e9k eset\u00e9n is sok\u00e1ig meg\u0151rzi \u00e9l\u00e9nks\u00e9g\u00e9t. Tov\u00e1bbi el\u0151ny: nem sz\u00fcks\u00e9ges sz\u00f6get verni f\u00e1ba vagy oszlopba, \u00edgy a k\u00f6rnyezet sem s\u00e9r\u00fcl. B\u00e1r a m\u00f3dszer egyel\u0151re nem hivatalosan szab\u00e1lyozott Magyarorsz\u00e1gon, sok tulajdonos \u00edgy is alkalmazza \u2013 \u00e9s aki megl\u00e1tja, jobb, ha tudja: ez nem dekor\u00e1ci\u00f3, hanem hat\u00e1rozott figyelmeztet\u00e9s.<\/h3>\n<p>VIA FB<\/p>\n<p>&#8211;<\/p>\n<p>Az alap Techno modell is b\u0151s\u00e9ges felszerelts\u00e9ggel rendelkezik, t\u00f6bbek k\u00f6z\u00f6tt 19 colos, gy\u00e9m\u00e1nt v\u00e1g\u00e1s\u00fa felnik, el\u00f6l \u00e9s h\u00e1tul LED f\u00e9nyek, 12,3 colos digit\u00e1lis m\u0171szerfal \u00e9s 12 colos k\u00f6zponti kijelz\u0151, du\u00e1lz\u00f3n\u00e1s kl\u00edmavez\u00e9rl\u00e9s, f\u0171t\u00f6tt els\u0151 \u00fcl\u00e9sek \u00e9s korm\u00e1nyker\u00e9k, vezet\u00e9k n\u00e9lk\u00fcli okostelefonos kapcsol\u00f3d\u00e1s \u00e9s t\u00f6lt\u00e9s, valamint h\u00e1ts\u00f3 kamera tartozik hozz\u00e1. A Techno Esprit Alpine modellhez 20 colos felnik, sport\u00fcl\u00e9sek, &#8216;Esprit Alpine&#8217; feliratok k\u00edv\u00fcl \u00e9s bel\u00fcl, sz\u00fcrke sz\u00f6vet m\u0171szerfal \u00e9s k\u00e9k bels\u0151 d\u00edsz\u00edt\u0151 elemek ker\u00fclnek. Az Iconic Esprit Alpine modellhez a Harman Kardon hifi rendszer, kulcsn\u00e9lk\u00fcli parkol\u00e1s, 360 fokos kamera rendszer, digit\u00e1lis h\u00e1ts\u00f3 kamer\u00e1k \u00e9s panor\u00e1ma \u00fcvegtet\u0151 tartozik. Ami m\u00e9g fontos, hogy minden modellhez alapfelszerelts\u00e9gk\u00e9nt h\u0151szivatty\u00fa j\u00e1r, amely k\u00fcl\u00f6n\u00f6sen hasznos lehet az Egyes\u00fclt Kir\u00e1lys\u00e1gban \u00e9l\u0151 EV tulajdonosok sz\u00e1m\u00e1ra, mivel seg\u00edti a t\u00e9li hat\u00e9konys\u00e1got, jav\u00edtja a f\u0171t\u00e9st \u00e9s optimaliz\u00e1lja az akkumul\u00e1tor teljes\u00edtm\u00e9ny\u00e9t hidegebb id\u0151ben.<\/p>\n<p>A Scenic E-Tech motorja 215 l\u00f3er\u0151t \u00e9s 300 Nm nyomat\u00e9kot biztos\u00edt, ami j\u00f3 teljes\u00edtm\u00e9nyt garant\u00e1l egy ilyen elektromos csal\u00e1di SUV-t\u00f3l. Ezzel a be\u00e1ll\u00edt\u00e1ssal a Scenic elegend\u0151 teljes\u00edtm\u00e9nyt ad, hogy biztos\u00edtja az \u00e9lvezetes vezet\u00e9st \u00e9s a megfelel\u0151 gyorsul\u00e1st. A modell els\u0151ker\u00e9k-hajt\u00e1s\u00fa, ami egyesek sz\u00e1m\u00e1ra h\u00e1tr\u00e1nyos lehet, k\u00fcl\u00f6n\u00f6sen azoknak, akik olyan t\u00e1voli ter\u00fcleteken \u00e9lnek, ahol t\u00e9len h\u00f3val \u00e9s j\u00e9ggel kell megk\u00fczdeni\u00fck, \u00e9s n\u00e9gyker\u00e9khajt\u00e1s\u00fa Scenicre v\u00e1gynak. A Renault m\u00e9g nem k\u00edn\u00e1l n\u00e9gyker\u00e9khajt\u00e1s\u00fa v\u00e1ltozatot az elektromos modelljeiben. Az 87 kWh akkumul\u00e1tor lehet\u0151v\u00e9 teszi, hogy a Scenic E-Tech jelent\u0151s hat\u00f3t\u00e1vot biztos\u00edtson, mik\u00f6zben a Renault gondoskodik a megfelel\u0151 energiagazd\u00e1lkod\u00e1sr\u00f3l \u00e9s hat\u00e9konys\u00e1gr\u00f3l.<\/p>\n","protected":false},"excerpt":{"rendered":"<p>Nem v\u00e9letlen\u00fcl esett a v\u00e1laszt\u00e1s erre a sz\u00ednre. A lila term\u00e9szetellenes \u00e1rnyalat a magyar t\u00e1jban \u2013 \u00edgy k\u00f6nny\u0171 kisz\u00farni. Nem&#8230; <span class=\"gridview-grid-post-read-more\"><a href=\"https:\/\/online-filmkatarzis.com\/kucko\/napiinfok\/?p=2501\">read more<span class=\"gridview-sr-only\"> Ez rendk\u00edv\u00fcl fontos! Ha lil\u00e1ra festett ker\u00edt\u00e9st tal\u00e1lsz, ezt tudni kell!<\/span><\/a><\/span><\/p>\n","protected":false},"author":1,"featured_media":2502,"comment_status":"open","ping_status":"open","sticky":false,"template":"","format":"standard","meta":{"footnotes":""},"categories":[1],"tags":[],"class_list":["post-2501","post","type-post","status-publish","format-standard","has-post-thumbnail","hentry","category-egyeb","wpcat-1-id"],"_links":{"self":[{"href":"https:\/\/online-filmkatarzis.com\/kucko\/napiinfok\/index.php?rest_route=\/wp\/v2\/posts\/2501","targetHints":{"allow":["GET"]}}],"collection":[{"href":"https:\/\/online-filmkatarzis.com\/kucko\/napiinfok\/index.php?rest_route=\/wp\/v2\/posts"}],"about":[{"href":"https:\/\/online-filmkatarzis.com\/kucko\/napiinfok\/index.php?rest_route=\/wp\/v2\/types\/post"}],"author":[{"embeddable":true,"href":"https:\/\/online-filmkatarzis.com\/kucko\/napiinfok\/index.php?rest_route=\/wp\/v2\/users\/1"}],"replies":[{"embeddable":true,"href":"https:\/\/online-filmkatarzis.com\/kucko\/napiinfok\/index.php?rest_route=%2Fwp%2Fv2%2Fcomments&post=2501"}],"version-history":[{"count":1,"href":"https:\/\/online-filmkatarzis.com\/kucko\/napiinfok\/index.php?rest_route=\/wp\/v2\/posts\/2501\/revisions"}],"predecessor-version":[{"id":2503,"href":"https:\/\/online-filmkatarzis.com\/kucko\/napiinfok\/index.php?rest_route=\/wp\/v2\/posts\/2501\/revisions\/2503"}],"wp:featuredmedia":[{"embeddable":true,"href":"https:\/\/online-filmkatarzis.com\/kucko\/napiinfok\/index.php?rest_route=\/wp\/v2\/media\/2502"}],"wp:attachment":[{"href":"https:\/\/online-filmkatarzis.com\/kucko\/napiinfok\/index.php?rest_route=%2Fwp%2Fv2%2Fmedia&parent=2501"}],"wp:term":[{"taxonomy":"category","embeddable":true,"href":"https:\/\/online-filmkatarzis.com\/kucko\/napiinfok\/index.php?rest_route=%2Fwp%2Fv2%2Fcategories&post=2501"},{"taxonomy":"post_tag","embeddable":true,"href":"https:\/\/online-filmkatarzis.com\/kucko\/napiinfok\/index.php?rest_route=%2Fwp%2Fv2%2Ftags&post=2501"}],"curies":[{"name":"wp","href":"https:\/\/api.w.org\/{rel}","templated":true}]}}