{"id":2510,"date":"2025-06-09T16:23:53","date_gmt":"2025-06-09T14:23:53","guid":{"rendered":"https:\/\/online-filmkatarzis.com\/kucko\/napiinfok\/?p=2510"},"modified":"2025-06-09T16:24:09","modified_gmt":"2025-06-09T14:24:09","slug":"majka-bevallotta-mi-a-valodi-szarmazasa","status":"publish","type":"post","link":"https:\/\/online-filmkatarzis.com\/kucko\/napiinfok\/?p=2510","title":{"rendered":"Majka bevallotta mi a VAL\u00d3DI sz\u00e1rmaz\u00e1sa!"},"content":{"rendered":"<h3>P\u00e1lyafut\u00e1s\u00e1t sosem a hagyom\u00e1nyos zenei k\u00e9pz\u00e9s jellemezte. B\u00e1r gyerekk\u00e9nt n\u00e9mi \u00fct\u0151hangszeres oktat\u00e1sban r\u00e9szes\u00fclt, ezt \u0151 maga is ink\u00e1bb jelk\u00e9pesnek tartja. \u00c9nekhangja nincs, zenei diplom\u00e1ja sem \u2013 \u0151 \u00f6szt\u00f6nb\u0151l \u00e9p\u00edtette fel mag\u00e1t. M\u00e9gis az egyik legsikeresebb magyar form\u00e1ci\u00f3 \u00e9l\u00e9n \u00e1ll, \u00e9s hitelesen tudja megsz\u00f3l\u00edtani a k\u00f6z\u00f6ns\u00e9get. Saj\u00e1t bevall\u00e1sa szerint a titka abban rejlik, hogy mindig azt adja, aki val\u00f3j\u00e1ban: \u0151szinte, nyers, sz\u00ednpadra termett karakter. Turn\u00e9partnere, Veres M\u00f3nika \u00e9nekhangj\u00e1t pedig egyenesen lebilincsel\u0151nek tartja \u2013 szerinte olyan, hogy \u201emeg\u00e1ll benned az \u00fct\u0151\u201d.<\/h3>\n<p>VIA Blikk<\/p>\n<p>&#8211;<\/p>\n<p>A Hyundai Ioniq 9 a gy\u00e1rt\u00f3 E-GMP platformj\u00e1ra \u00e9p\u00fcl, \u00edgy teljes\u00edtm\u00e9ny \u00e9s hat\u00e9konys\u00e1g tekintet\u00e9ben az ipar\u00e1gi vezet\u0151k k\u00f6z\u00f6tt helyet kap. Minden v\u00e1ltozathoz egy 110 kWh-s akkumul\u00e1tor csomag tartozik, amely a padl\u00f3 alatt helyezkedik el, \u00e9s lehet egy h\u00e1ts\u00f3 motoros, vagy egy k\u00e9tmotoros, minden tengelyen elhelyezett rendszerrel rendelkez\u0151 verzi\u00f3. Az Ioniq 9 nemcsak technol\u00f3giai szempontb\u00f3l, hanem teljes\u00edtm\u00e9nyben is versenyk\u00e9pes, de nem mondhat\u00f3, hogy a piacon el\u00e9rhet\u0151 leggyorsabb elektromos j\u00e1rm\u0171vek k\u00f6z\u00e9 tartozik.<\/p>\n<p>A Kore\u00e1ban tesztelt Ioniq 9 a cs\u00facsverzi\u00f3, a k\u00e9tmotoros &#8222;Performance&#8221; modell volt, de hi\u00e1ba a &#8222;Performance&#8221; c\u00edmke, a j\u00e1rm\u0171 nem az a kimagasl\u00f3an gyors aut\u00f3, mint n\u00e9h\u00e1ny pr\u00e9mium EV. A 0-100 km\/h (62 mph) gyorsul\u00e1si id\u0151 4,9 m\u00e1sodperc (vagy 6,2 m\u00e1sodperc a nem Performance v\u00e1ltozatn\u00e1l), ami b\u0151s\u00e9gesen elegend\u0151, m\u00e9g ha tele is van az aut\u00f3 gyerekekkel, kuty\u00e1kkal \u00e9s kenuval. Azonban a modell tov\u00e1bbi v\u00e1ltozatai nem teljes\u00edtenek ilyen j\u00f3l. Az egymotoros v\u00e1ltozat, amely v\u00e1rhat\u00f3an n\u00e9pszer\u0171 lesz az Egyes\u00fclt Kir\u00e1lys\u00e1gban, 8,4 m\u00e1sodpercre n\u00f6veli a gyorsul\u00e1si id\u0151t, mivel a 214 l\u00f3er\u0151s teljes\u00edtm\u00e9ny viszonylag szer\u00e9nynek t\u0171nik. Ha az aut\u00f3 tele van emberekkel \u00e9s felszerel\u00e9sekkel, elk\u00e9pzelhet\u0151, hogy a teljes\u00edtm\u00e9ny nem lesz el\u00e9g er\u0151teljes.<br \/>\n\u00d6sszess\u00e9g\u00e9ben az Ioniq 9 nem t\u0171nik t\u00fals\u00e1gosan nagynak vagy neh\u00e9zkesnek, ami k\u00fcl\u00f6n\u00f6sen figyelemre m\u00e9lt\u00f3, mivel az aut\u00f3 hossza meghaladja az \u00f6t m\u00e9tert. A pontos korm\u00e1nyz\u00e1s \u00e9s a j\u00f3 karossz\u00e9ria-ir\u00e1ny\u00edt\u00e1s hozz\u00e1j\u00e1rul ahhoz, hogy a j\u00e1rm\u0171 intuit\u00edvnak \u00e9s term\u00e9szetesnek t\u0171nj\u00f6n a vezet\u00e9s sor\u00e1n, szemben azokkal a riv\u00e1lisokkal, amelyekn\u00e9l a sima vezet\u00e9s elsaj\u00e1t\u00edt\u00e1sa k\u00fcl\u00f6n tanul\u00e1st ig\u00e9nyel.<\/p>\n","protected":false},"excerpt":{"rendered":"<p>P\u00e1lyafut\u00e1s\u00e1t sosem a hagyom\u00e1nyos zenei k\u00e9pz\u00e9s jellemezte. B\u00e1r gyerekk\u00e9nt n\u00e9mi \u00fct\u0151hangszeres oktat\u00e1sban r\u00e9szes\u00fclt, ezt \u0151 maga is ink\u00e1bb jelk\u00e9pesnek tartja&#8230;. <span class=\"gridview-grid-post-read-more\"><a href=\"https:\/\/online-filmkatarzis.com\/kucko\/napiinfok\/?p=2510\">read more<span class=\"gridview-sr-only\"> Majka bevallotta mi a VAL\u00d3DI sz\u00e1rmaz\u00e1sa!<\/span><\/a><\/span><\/p>\n","protected":false},"author":1,"featured_media":2511,"comment_status":"open","ping_status":"open","sticky":false,"template":"","format":"standard","meta":{"footnotes":""},"categories":[1],"tags":[],"class_list":["post-2510","post","type-post","status-publish","format-standard","has-post-thumbnail","hentry","category-egyeb","wpcat-1-id"],"_links":{"self":[{"href":"https:\/\/online-filmkatarzis.com\/kucko\/napiinfok\/index.php?rest_route=\/wp\/v2\/posts\/2510","targetHints":{"allow":["GET"]}}],"collection":[{"href":"https:\/\/online-filmkatarzis.com\/kucko\/napiinfok\/index.php?rest_route=\/wp\/v2\/posts"}],"about":[{"href":"https:\/\/online-filmkatarzis.com\/kucko\/napiinfok\/index.php?rest_route=\/wp\/v2\/types\/post"}],"author":[{"embeddable":true,"href":"https:\/\/online-filmkatarzis.com\/kucko\/napiinfok\/index.php?rest_route=\/wp\/v2\/users\/1"}],"replies":[{"embeddable":true,"href":"https:\/\/online-filmkatarzis.com\/kucko\/napiinfok\/index.php?rest_route=%2Fwp%2Fv2%2Fcomments&post=2510"}],"version-history":[{"count":1,"href":"https:\/\/online-filmkatarzis.com\/kucko\/napiinfok\/index.php?rest_route=\/wp\/v2\/posts\/2510\/revisions"}],"predecessor-version":[{"id":2512,"href":"https:\/\/online-filmkatarzis.com\/kucko\/napiinfok\/index.php?rest_route=\/wp\/v2\/posts\/2510\/revisions\/2512"}],"wp:featuredmedia":[{"embeddable":true,"href":"https:\/\/online-filmkatarzis.com\/kucko\/napiinfok\/index.php?rest_route=\/wp\/v2\/media\/2511"}],"wp:attachment":[{"href":"https:\/\/online-filmkatarzis.com\/kucko\/napiinfok\/index.php?rest_route=%2Fwp%2Fv2%2Fmedia&parent=2510"}],"wp:term":[{"taxonomy":"category","embeddable":true,"href":"https:\/\/online-filmkatarzis.com\/kucko\/napiinfok\/index.php?rest_route=%2Fwp%2Fv2%2Fcategories&post=2510"},{"taxonomy":"post_tag","embeddable":true,"href":"https:\/\/online-filmkatarzis.com\/kucko\/napiinfok\/index.php?rest_route=%2Fwp%2Fv2%2Ftags&post=2510"}],"curies":[{"name":"wp","href":"https:\/\/api.w.org\/{rel}","templated":true}]}}