{"id":2571,"date":"2025-06-12T19:33:41","date_gmt":"2025-06-12T17:33:41","guid":{"rendered":"https:\/\/online-filmkatarzis.com\/kucko\/napiinfok\/?p=2571"},"modified":"2025-06-12T19:33:41","modified_gmt":"2025-06-12T17:33:41","slug":"sajnalattal-tudattak-megtortent-a-baj-kern-andrassal","status":"publish","type":"post","link":"https:\/\/online-filmkatarzis.com\/kucko\/napiinfok\/?p=2571","title":{"rendered":"Sajn\u00e1lattal tudatt\u00e1k: Megt\u00f6rt\u00e9nt a baj Kern Andr\u00e1ssal!"},"content":{"rendered":"<h3>Kern Andr\u00e1s akkori nyilatkozat\u00e1ban \u00fagy fogalmazott: tal\u00e1n az intenz\u00edv munkatemp\u00f3 is hozz\u00e1j\u00e1rulhatott a rosszull\u00e9thez. B\u00e1r \u00e1ll\u00edt\u00e1sa szerint fizikailag j\u00f3l van, az esem\u00e9nyek m\u00e9gis figyelmeztet\u0151 jelek lehettek. \u201eLehet, hogy csak egy kis pihen\u00e9sre van sz\u00fcks\u00e9g\u201d \u2013 mondta akkor, de a sz\u00ednpad ir\u00e1nti elhivatotts\u00e1ga nem engedte, hogy hosszabb id\u0151re visszavonuljon. Most viszont \u00fagy t\u0171nik, m\u00e9gis el\u00e9rkezett az a pont, ahol a szervezet ism\u00e9t jelzett.<br \/>\nA rajong\u00f3k rem\u00e9nykednek benne, hogy csak ideiglenes kihagy\u00e1sr\u00f3l van sz\u00f3, \u00e9s kedvenceik miel\u0151bb visszat\u00e9rhetnek a sz\u00ednpadra.<\/h3>\n<p>VIA FB\/Story<\/p>\n<p>&#8211;<\/p>\n<p>A HR-V e:HEV teljesen felismerhetetlen ahhoz a m\u00e1sodik gener\u00e1ci\u00f3s HR-V-hez k\u00e9pest, amelyet 2015 \u00e9s 2020 k\u00f6z\u00f6tt gy\u00e1rtottak. Ez tov\u00e1bbra is egy viszonylag kis m\u00e9ret\u0171 aut\u00f3, nagyj\u00e1b\u00f3l akkora helyet foglal el az \u00faton, mint egy Volkswagen Golf, viszont rendk\u00edv\u00fcl j\u00f3l kihaszn\u00e1lja a rendelkez\u00e9sre \u00e1ll\u00f3 teret.<br \/>\nA kor\u00e1bbi modell egyter\u0171re eml\u00e9keztet\u0151 formavil\u00e1g\u00e1t\u00f3l elt\u00e9r\u0151en ez a v\u00e1ltozat m\u00e1r egy lekerek\u00edtett, sportosabb megjelen\u00e9s\u0171 crossover, amelynek tet\u0151vonala alacsonyabb, hasmagass\u00e1ga emelkedett, az els\u0151 t\u00falny\u00fal\u00e1sa r\u00f6videbb lett, mik\u00f6zben a h\u00e1ts\u00f3 r\u00e9sz hosszabbnak hat. Az \u00faj\u00edt\u00e1sok meg\u0151rzik ezt az alapform\u00e1t, csup\u00e1n egy sz\u00f6gletesebb orr-r\u00e9sszel eg\u00e9sz\u00edtik ki a megjelen\u00e9st.<br \/>\nAmikor a Honda 2021-ben bemutatta a harmadik gener\u00e1ci\u00f3s HR-V-t, a karossz\u00e9ria \u00faj, letisztult vonalvezet\u00e9se hat\u00e9konyan sz\u00e1molta fel az el\u0151z\u0151 modell kiss\u00e9 esetlen megjelen\u00e9s\u00e9t. Az idei friss\u00edt\u00e9s ezt a meg\u00fajult diz\u00e1jnt viszi tov\u00e1bb, a sz\u00f6gletes h\u0171t\u0151r\u00e1cs pedig \u00edzl\u00e9ses kieg\u00e9sz\u00edt\u00e9sk\u00e9nt szolg\u00e1l.<\/p>\n<p>A HR-V a Honda Global Small Platform nev\u0171 padl\u00f3lemez\u00e9re \u00e9p\u00fcl, amely jelent\u0151sen merevebb, mint az el\u0151z\u0151 gener\u00e1ci\u00f3 alapjai voltak.<br \/>\nMind\u00f6ssze egyf\u00e9le hibrid hajt\u00e1sl\u00e1nccal \u00e9rhet\u0151 el. Ez a rendszer hasonl\u00f3 elven m\u0171k\u00f6dik, mint a Toyota Priusn\u00e1l ismert konstrukci\u00f3, b\u00e1r a gyakorlatban vannak k\u00fcl\u00f6nbs\u00e9gek. A HR-V hajt\u00e1s\u00e1t egy 1,5 literes, n\u00e9gyhengeres, Atkinson-ciklus\u00fa benzinmotor biztos\u00edtja, amely \u00f6nmag\u00e1ban 106 l\u00f3er\u0151t ad le, de ezt kieg\u00e9sz\u00edti egy elektromos hajt\u00f3motor, \u00edgy az \u00f6sszteljes\u00edtm\u00e9ny el\u00e9ri a 129 l\u00f3er\u0151t.<br \/>\nAz elektromos motor k\u00e9pes \u00f6n\u00e1ll\u00f3an is meghajtani az aut\u00f3t alacsonyabb sebess\u00e9gekn\u00e9l, ezt egy akkumul\u00e1torcsomag teszi lehet\u0151v\u00e9, amely a csomagtart\u00f3 padl\u00f3ja alatt kapott helyet. Ez a motor \u00f6nmag\u00e1ban is k\u00e9pes leadni a 129 l\u00f3er\u0151t. Ugyanakkor a benzinmotor is k\u00e9pes \u00f6n\u00e1ll\u00f3an hajtani az els\u0151 kerekeket, amikor egy tengelykapcsol\u00f3 seg\u00edts\u00e9g\u00e9vel k\u00f6zvetlen\u00fcl kapcsol\u00f3dik hozz\u00e1juk, k\u00fcl\u00f6n\u00f6sen a hat\u00e9konyabb nagysebess\u00e9g\u0171 halad\u00e1s \u00e9rdek\u00e9ben.<\/p>\n","protected":false},"excerpt":{"rendered":"<p>Kern Andr\u00e1s akkori nyilatkozat\u00e1ban \u00fagy fogalmazott: tal\u00e1n az intenz\u00edv munkatemp\u00f3 is hozz\u00e1j\u00e1rulhatott a rosszull\u00e9thez. B\u00e1r \u00e1ll\u00edt\u00e1sa szerint fizikailag j\u00f3l van,&#8230; <span class=\"gridview-grid-post-read-more\"><a href=\"https:\/\/online-filmkatarzis.com\/kucko\/napiinfok\/?p=2571\">read more<span class=\"gridview-sr-only\"> Sajn\u00e1lattal tudatt\u00e1k: Megt\u00f6rt\u00e9nt a baj Kern Andr\u00e1ssal!<\/span><\/a><\/span><\/p>\n","protected":false},"author":1,"featured_media":2572,"comment_status":"open","ping_status":"open","sticky":false,"template":"","format":"standard","meta":{"footnotes":""},"categories":[1],"tags":[],"class_list":["post-2571","post","type-post","status-publish","format-standard","has-post-thumbnail","hentry","category-egyeb","wpcat-1-id"],"_links":{"self":[{"href":"https:\/\/online-filmkatarzis.com\/kucko\/napiinfok\/index.php?rest_route=\/wp\/v2\/posts\/2571","targetHints":{"allow":["GET"]}}],"collection":[{"href":"https:\/\/online-filmkatarzis.com\/kucko\/napiinfok\/index.php?rest_route=\/wp\/v2\/posts"}],"about":[{"href":"https:\/\/online-filmkatarzis.com\/kucko\/napiinfok\/index.php?rest_route=\/wp\/v2\/types\/post"}],"author":[{"embeddable":true,"href":"https:\/\/online-filmkatarzis.com\/kucko\/napiinfok\/index.php?rest_route=\/wp\/v2\/users\/1"}],"replies":[{"embeddable":true,"href":"https:\/\/online-filmkatarzis.com\/kucko\/napiinfok\/index.php?rest_route=%2Fwp%2Fv2%2Fcomments&post=2571"}],"version-history":[{"count":1,"href":"https:\/\/online-filmkatarzis.com\/kucko\/napiinfok\/index.php?rest_route=\/wp\/v2\/posts\/2571\/revisions"}],"predecessor-version":[{"id":2573,"href":"https:\/\/online-filmkatarzis.com\/kucko\/napiinfok\/index.php?rest_route=\/wp\/v2\/posts\/2571\/revisions\/2573"}],"wp:featuredmedia":[{"embeddable":true,"href":"https:\/\/online-filmkatarzis.com\/kucko\/napiinfok\/index.php?rest_route=\/wp\/v2\/media\/2572"}],"wp:attachment":[{"href":"https:\/\/online-filmkatarzis.com\/kucko\/napiinfok\/index.php?rest_route=%2Fwp%2Fv2%2Fmedia&parent=2571"}],"wp:term":[{"taxonomy":"category","embeddable":true,"href":"https:\/\/online-filmkatarzis.com\/kucko\/napiinfok\/index.php?rest_route=%2Fwp%2Fv2%2Fcategories&post=2571"},{"taxonomy":"post_tag","embeddable":true,"href":"https:\/\/online-filmkatarzis.com\/kucko\/napiinfok\/index.php?rest_route=%2Fwp%2Fv2%2Ftags&post=2571"}],"curies":[{"name":"wp","href":"https:\/\/api.w.org\/{rel}","templated":true}]}}