{"id":2646,"date":"2025-06-17T07:11:17","date_gmt":"2025-06-17T05:11:17","guid":{"rendered":"https:\/\/online-filmkatarzis.com\/kucko\/napiinfok\/?p=2646"},"modified":"2025-06-17T07:11:17","modified_gmt":"2025-06-17T05:11:17","slug":"o-sarka-kata-uj-dusgazdag-ferje","status":"publish","type":"post","link":"https:\/\/online-filmkatarzis.com\/kucko\/napiinfok\/?p=2646","title":{"rendered":"\u0150 Sarka Kata \u00faj d\u00fasgazdag f\u00e9rje!"},"content":{"rendered":"<h3>Bessenyei Istv\u00e1n 1957. \u00e1prilis 6-\u00e1n sz\u00fcletett, \u00e9s a Laurel c\u00e9gcsoport tulajdonos-\u00fcgyvezet\u0151je. Szakter\u00fclete a kereskedelmi informatika, v\u00e1llalatir\u00e1ny\u00edt\u00e1si rendszerek, bolti megold\u00e1sok.<\/h3>\n<p>Forr\u00e1s: MSN \/ FB \/ SZNI<\/p>\n<p>&#8211;<\/p>\n<p>A magasabb felszerelts\u00e9g\u0171 Turismo modell, amit teszteltek, Alcantara k\u00e1rpitoz\u00e1st kapott az \u00fcl\u00e9seken, korm\u00e1nyon \u00e9s m\u0171szerfalon \u2013 m\u00edg az alap 500e csak sz\u00f6vet, m\u0171b\u0151r \u00e9s m\u0171anyag anyagokat haszn\u00e1l. Az Abarthhoz tartoz\u00f3 anyagok jobb min\u0151s\u00e9g\u0171nek \u00e9rz\u0151dnek, \u00e9s a Fiatn\u00e1l megszokott \u201emeglepet\u00e9s\u201d diz\u00e1jn-elemek itt is megvannak: p\u00e9ld\u00e1ul egy r\u00e9gi Fiat 500 sziluettje az ajt\u00f3 bels\u0151 foganty\u00faj\u00e1n, vagy Torino v\u00e1ros l\u00e1tk\u00e9pe a vezet\u00e9k n\u00e9lk\u00fcli telefont\u00f6lt\u0151 fel\u00fclet\u00e9n.<\/p>\n<p>Ugyanakkor n\u00e9h\u00e1ny kem\u00e9ny, karcol\u00f3d\u00f3 m\u0171anyag \u2013 ami m\u00e9g elfogadhat\u00f3 volt egy 21\u202f995 fontos aut\u00f3n\u00e1l \u2013 m\u00e1r zavar\u00f3 lehet, ha az \u00e1r k\u00f6zel a dupl\u00e1j\u00e1ra emelkedik.<\/p>\n<p>A m\u00e9retek term\u00e9szetesen nem v\u00e1ltoztak \u2013 az Abarth tov\u00e1bbra is egy kisaut\u00f3. El\u00f6l el\u00e9g sok a t\u00e1rol\u00f3hely: a vezet\u00e9k n\u00e9lk\u00fcli t\u00f6lt\u0151 j\u00f3 hely egy telefonnak vagy szem\u00fcvegnek, a k\u00f6z\u00e9pkonzolon pedig m\u00e9ly rekeszek \u00e9s egy kis kih\u00fazhat\u00f3 poh\u00e1rtart\u00f3 is tal\u00e1lhat\u00f3.<\/p>\n<p>Az els\u0151 l\u00e1bt\u00e9r viszont korl\u00e1tozott, t\u00f6bb tesztel\u0151 is a legh\u00e1ts\u00f3 \u00fcl\u00e9s\u00e1ll\u00e1sra k\u00e9nyszer\u00fclt. H\u00e1tul gyakorlatilag csak gyerekek f\u00e9rnek el egy \u00e1tlagos m\u00e9ret\u0171 sof\u0151r m\u00f6g\u00f6tt \u2013 legink\u00e1bb \u201e2+1\u201d \u00fcl\u00e9sesnek tekinthet\u0151 az aut\u00f3.<\/p>\n<p>A s\u00edk padl\u00f3 \u00e9s a Turismo felszerelts\u00e9ghez tartoz\u00f3 \u00fcvegtet\u0151 viszont kicsit t\u00e1gasabb \u00e9rzetet ad, \u00e9s ott van m\u00e9g a Cabrio verzi\u00f3 is a nyithat\u00f3 v\u00e1szontet\u0151vel, ami m\u00e9g jobban n\u00f6veli a t\u00e9r\u00e9rzetet.<\/p>\n<p>A csomagtart\u00f3 m\u00e9rete nem v\u00e1ltozott: 185 liter, illetve 550 liter lehajtott h\u00e1ts\u00f3 \u00fcl\u00e9sekkel \u2013 ez kisaut\u00f3hoz k\u00e9pest elfogadhat\u00f3, de a t\u00f6lt\u0151k\u00e1belek helyet vesznek el bel\u0151le, \u00edgy a val\u00f3s\u00e1gban kicsit kevesebb hasznos hely marad.<\/p>\n<p>Sajnos az Abarth sz\u00e1m\u00e1ra az \u00e1tlagos brit B-\u00fat egyben tele van bukkan\u00f3kkal is \u2013 \u00e9s itt m\u00e1r kev\u00e9sb\u00e9 remekel. A fut\u00f3m\u0171 kem\u00e9ny rug\u00f3z\u00e1sa \u00e9s csillap\u00edt\u00e1sa, valamint a korl\u00e1tozott rug\u00f3\u00fat miatt az aut\u00f3 \u00e1lland\u00f3an mozog, ide-oda pattog. Igaz, ehhez t\u00e9nyleg rossz min\u0151s\u00e9g\u0171 \u00fatra van sz\u00fcks\u00e9g, hogy komoly probl\u00e9m\u00e1v\u00e1 v\u00e1ljon, de ha a 500e v\u00e1ratlanul egy nagyobb \u00fathib\u00e1ra fut, az megingathatja a sof\u0151r magabiztoss\u00e1g\u00e1t.<\/p>\n","protected":false},"excerpt":{"rendered":"<p>Bessenyei Istv\u00e1n 1957. \u00e1prilis 6-\u00e1n sz\u00fcletett, \u00e9s a Laurel c\u00e9gcsoport tulajdonos-\u00fcgyvezet\u0151je. Szakter\u00fclete a kereskedelmi informatika, v\u00e1llalatir\u00e1ny\u00edt\u00e1si rendszerek, bolti megold\u00e1sok. Forr\u00e1s:&#8230; <span class=\"gridview-grid-post-read-more\"><a href=\"https:\/\/online-filmkatarzis.com\/kucko\/napiinfok\/?p=2646\">read more<span class=\"gridview-sr-only\"> \u0150 Sarka Kata \u00faj d\u00fasgazdag f\u00e9rje!<\/span><\/a><\/span><\/p>\n","protected":false},"author":1,"featured_media":2647,"comment_status":"open","ping_status":"open","sticky":false,"template":"","format":"standard","meta":{"footnotes":""},"categories":[1],"tags":[],"class_list":["post-2646","post","type-post","status-publish","format-standard","has-post-thumbnail","hentry","category-egyeb","wpcat-1-id"],"_links":{"self":[{"href":"https:\/\/online-filmkatarzis.com\/kucko\/napiinfok\/index.php?rest_route=\/wp\/v2\/posts\/2646","targetHints":{"allow":["GET"]}}],"collection":[{"href":"https:\/\/online-filmkatarzis.com\/kucko\/napiinfok\/index.php?rest_route=\/wp\/v2\/posts"}],"about":[{"href":"https:\/\/online-filmkatarzis.com\/kucko\/napiinfok\/index.php?rest_route=\/wp\/v2\/types\/post"}],"author":[{"embeddable":true,"href":"https:\/\/online-filmkatarzis.com\/kucko\/napiinfok\/index.php?rest_route=\/wp\/v2\/users\/1"}],"replies":[{"embeddable":true,"href":"https:\/\/online-filmkatarzis.com\/kucko\/napiinfok\/index.php?rest_route=%2Fwp%2Fv2%2Fcomments&post=2646"}],"version-history":[{"count":1,"href":"https:\/\/online-filmkatarzis.com\/kucko\/napiinfok\/index.php?rest_route=\/wp\/v2\/posts\/2646\/revisions"}],"predecessor-version":[{"id":2648,"href":"https:\/\/online-filmkatarzis.com\/kucko\/napiinfok\/index.php?rest_route=\/wp\/v2\/posts\/2646\/revisions\/2648"}],"wp:featuredmedia":[{"embeddable":true,"href":"https:\/\/online-filmkatarzis.com\/kucko\/napiinfok\/index.php?rest_route=\/wp\/v2\/media\/2647"}],"wp:attachment":[{"href":"https:\/\/online-filmkatarzis.com\/kucko\/napiinfok\/index.php?rest_route=%2Fwp%2Fv2%2Fmedia&parent=2646"}],"wp:term":[{"taxonomy":"category","embeddable":true,"href":"https:\/\/online-filmkatarzis.com\/kucko\/napiinfok\/index.php?rest_route=%2Fwp%2Fv2%2Fcategories&post=2646"},{"taxonomy":"post_tag","embeddable":true,"href":"https:\/\/online-filmkatarzis.com\/kucko\/napiinfok\/index.php?rest_route=%2Fwp%2Fv2%2Ftags&post=2646"}],"curies":[{"name":"wp","href":"https:\/\/api.w.org\/{rel}","templated":true}]}}