{"id":2834,"date":"2025-06-27T17:49:00","date_gmt":"2025-06-27T15:49:00","guid":{"rendered":"https:\/\/online-filmkatarzis.com\/kucko\/napiinfok\/?p=2834"},"modified":"2025-06-27T17:49:00","modified_gmt":"2025-06-27T15:49:00","slug":"megtortent-a-baj-reviczky-gaborral-a-szive-adta-fel","status":"publish","type":"post","link":"https:\/\/online-filmkatarzis.com\/kucko\/napiinfok\/?p=2834","title":{"rendered":"Megt\u00f6rt\u00e9nt a baj Reviczky G\u00e1borral! A sz\u00edve adta fel!"},"content":{"rendered":"<h3>\u00dajra k\u00f3rh\u00e1zban, sz\u00edvm\u0171t\u00e9t v\u00e1r r\u00e1 &#8211; Pedig az \u00e9v elej\u00e9n m\u00e9g bizakod\u00f3 hangon nyilatkozott arr\u00f3l, mennyire j\u00f3l \u00e9rzi mag\u00e1t \u00e9s mennyi terve van, s\u0151t a Halhatatlanok T\u00e1rsulat\u00e1nak is tagj\u00e1v\u00e1 v\u00e1lasztott\u00e1k. \u00c1m a k\u00f6zelm\u00faltban a nyilv\u00e1noss\u00e1g el\u00e9 ker\u00fclt egy r\u00f3la k\u00e9sz\u00fclt friss fot\u00f3, amelyen l\u00e1that\u00f3an gyenge \u00e9s megviselt volt \u2013 ez sok rajong\u00f3t megr\u00e9m\u00edtett. Az\u00f3ta teljesen elt\u0171nt a reflektorf\u00e9nyb\u0151l, most azonban kider\u00fclt: ism\u00e9t k\u00f3rh\u00e1zi \u00e1gyra k\u00e9nyszer\u00fclt. Mint elmondta, sz\u00edvm\u0171t\u00e9tre k\u00e9sz\u00fcl, de egyel\u0151re nem k\u00edv\u00e1nt t\u00f6bb r\u00e9szletet el\u00e1rulni \u00e1llapot\u00e1r\u00f3l.<\/h3>\n<p>VIA Story<\/p>\n<p>&#8211;<\/p>\n<p>Az XCeed az alap Ceed hatchback alatt fut\u00f3 platformra \u00e9p\u00fcl, de az aut\u00f3 karossz\u00e9ri\u00e1ja szinte teljesen \u00faj \u2013 csak az els\u0151 ajt\u00f3k ker\u00fcltek \u00e1t a crossoverbe. M\u00e9retben az el\u0151z\u0151ekben eml\u00edtett Mercedes GLA \u00e9s Toyota C-HR modellekkel egyezik meg.<br \/>\nBels\u0151 ter\u00e9t tekintve a Ceed tulajdonosok ismer\u0151s k\u00f6rnyezetben tal\u00e1lj\u00e1k magukat \u2013 de ez nem h\u00e1tr\u00e1ny. A m\u0171szerfal j\u00f3l \u00e1ttekinthet\u0151, j\u00f3 min\u0151s\u00e9g\u0171 m\u0171anyagokkal van felszerelve, \u00e9s massz\u00edvan \u00f6ssze van szerelve. Az infotainment kijelz\u0151 magasra ker\u00fclt a m\u0171szerfalra, amely 8,0 vagy 10,25 h\u00fcvelykes m\u00e9retben \u00e9rhet\u0151 el a felszerelts\u00e9gt\u0151l f\u00fcgg\u0151en; a hagyom\u00e1nyos fordulatsz\u00e1mm\u00e9r\u0151 \u00e9s sebess\u00e9gm\u00e9r\u0151 mellett k\u00f6z\u00e9pen egy inform\u00e1ci\u00f3s kijelz\u0151 tal\u00e1lhat\u00f3, amely \u00fati inform\u00e1ci\u00f3kat, navig\u00e1ci\u00f3s utas\u00edt\u00e1sokat \u00e9s egy\u00e9b hasznos adatokat tud megjelen\u00edteni.<br \/>\nA Kia j\u00f3l bev\u00e1lt infotainment rendszere itt is szerepel, \u00e9s m\u00e9g mindig az egyik legjobb a piacon; intuit\u00edv a haszn\u00e1lata \u00e9s rengeteg k\u00edv\u00e1natos funkci\u00f3val van felszerelve. Az Android Auto \u00e9s Apple CarPlay csatlakoztathat\u00f3s\u00e1g alapfelszerelts\u00e9gk\u00e9nt el\u00e9rhet\u0151, amely az alap 2-es szint\u0171 modelleken egy 8,0 h\u00fcvelykes k\u00e9perny\u0151n, m\u00edg minden m\u00e1s verzi\u00f3n 10,25 h\u00fcvelykes kijelz\u0151n jelenik meg. Az olyan funkci\u00f3k, mint a vezet\u00e9k n\u00e9lk\u00fcli telefon t\u00f6lt\u00e9s \u00e9s a tolat\u00f3 kamera, a felszerelts\u00e9gi szintek n\u00f6veked\u00e9s\u00e9vel ker\u00fclnek hozz\u00e1ad\u00e1sra.<\/p>\n<p>A hat hangsz\u00f3r\u00f3s audio rendszer alapfelszerelts\u00e9g, ahogyan a Bluetooth csatlakoztat\u00e1s is, amely hangfelismer\u00e9ssel \u00e9s zene streaming t\u00e1mogat\u00e1ssal rendelkezik, m\u00edg a cs\u00facs GT-Line S verzi\u00f3kban egy er\u0151teljesebb nyolc hangsz\u00f3r\u00f3s JBL hangrendszert tal\u00e1lunk. Ellent\u00e9tben n\u00e9h\u00e1ny riv\u00e1lissal, a Kia meg\u0151rzi az opci\u00f3k list\u00e1j\u00e1t, de minden egyes felszerelts\u00e9gi szinttel min\u00e9l t\u00f6bb extr\u00e1t k\u00edn\u00e1l \u2013 \u00edgy az aut\u00f3 v\u00e1s\u00e1rl\u00e1sa egyszer\u0171bb\u00e9 v\u00e1lik. T\u00f6bb felszerelts\u00e9gre v\u00e1gysz? V\u00e1lassz magasabb felszerelts\u00e9g\u0171 modellt.<br \/>\nAz XCeed el\u00e9g t\u00e1gas ahhoz, hogy ezt a kateg\u00f3ri\u00e1t figyelembe v\u00e9ve komfortos utaz\u00e1st biztos\u00edtson, \u00e9s kis m\u00e9rt\u00e9kben jav\u00edt a Ceed hatchback-hez k\u00e9pest. Az XCeed 85 mm-rel hosszabb, \u00edgy az utas- \u00e9s csomagt\u00e9r kapacit\u00e1sa n\u00e9mileg megn\u00f6vekedett, de a Ceed tulajdonosok nem fognak \u00e9szrevenni \u00f3ri\u00e1si k\u00fcl\u00f6nbs\u00e9get. A j\u00f3l ismert platform azt is biztos\u00edtja, hogy az \u00fcl\u00e9shelyzet k\u00e9nyelmes legyen, a k\u00f6rk\u00f6r\u00f6s l\u00e1t\u00f3t\u00e1vols\u00e1g pedig megfelel\u0151, annak ellen\u00e9re, hogy a tet\u0151vonal viszonylag lejt\u0151s.<br \/>\nA bels\u0151 t\u00e9r viszonylag praktikus, j\u00f3l m\u00e9retezett ajt\u00f3zsebekkel, egy mobiltelefon tart\u00f3val a sebess\u00e9gv\u00e1lt\u00f3 el\u0151tt \u00e9s k\u00e9t poh\u00e1rtart\u00f3val a k\u00f6z\u00e9ps\u0151 konzolon. A k\u00f6z\u00e9ps\u0151 kart\u00e1masz alatt egy nagyobb t\u00e1rol\u00f3 tal\u00e1lhat\u00f3. Tov\u00e1bbi praktikus kieg\u00e9sz\u00edt\u0151k k\u00f6z\u00e9 tartozik a csomagtart\u00f3ban tal\u00e1lhat\u00f3 poggy\u00e1szhorgok, a tet\u0151re szerelt napszem\u00fcveg tart\u00f3 \u00e9s a legmagasabb szint\u0171 GT-Line S verzi\u00f3kban a 40:20:40 ar\u00e1ny\u00fa osztott h\u00e1ts\u00f3 \u00fcl\u00e9sek.<br \/>\nA XCeed m\u00e9retei: 1,495 mm magas, 1,575 mm sz\u00e9les (t\u00fckr\u00f6k n\u00e9lk\u00fcl 1,826 mm), \u00e9s 4,395 mm hossz\u00fa. M\u00e9retben k\u00f6zel azonos a Mercedes GLA-val, \u00e9s pontosan ugyanakkora, mint a Mazda CX-30, b\u00e1r a jap\u00e1n riv\u00e1lis 1,795 mm sz\u00e9les, t\u00fckr\u00f6k n\u00e9lk\u00fcl.<br \/>\nA XCeed SUV-szer\u0171 megjelen\u00e9se ellen\u00e9re az utasok t\u00e9rs\u00e9ge el\u00f6l \u00e9s h\u00e1tul a Ceedhez k\u00e9pest alig \u00e9szrevehet\u0151en v\u00e1ltozik. Az utast\u00e9r tov\u00e1bbra is tisztess\u00e9ges, n\u00e9gy feln\u0151tt sz\u00e1m\u00e1ra k\u00e9nyelmes helyet biztos\u00edt, vagy \u00f6t feln\u0151tt sz\u00e1m\u00e1ra egy kicsit szorosabb helyet. Minden \u00fcl\u00e9s k\u00e9nyelmes, j\u00f3 t\u00e1mogat\u00e1ssal \u00e9s \u00e1ll\u00edthat\u00f3s\u00e1ggal rendelkezik, k\u00fcl\u00f6n\u00f6sen a magasabb felszerelts\u00e9gi szinteken. Az Isofix r\u00f6gz\u00edt\u00e9si pontok a h\u00e1ts\u00f3 k\u00fcls\u0151 \u00fcl\u00e9seken tal\u00e1lhat\u00f3k, m\u00edg a GT-Line S verzi\u00f3kban ezek f\u0171thet\u0151k is.<\/p>\n","protected":false},"excerpt":{"rendered":"<p>\u00dajra k\u00f3rh\u00e1zban, sz\u00edvm\u0171t\u00e9t v\u00e1r r\u00e1 &#8211; Pedig az \u00e9v elej\u00e9n m\u00e9g bizakod\u00f3 hangon nyilatkozott arr\u00f3l, mennyire j\u00f3l \u00e9rzi mag\u00e1t \u00e9s&#8230; <span class=\"gridview-grid-post-read-more\"><a href=\"https:\/\/online-filmkatarzis.com\/kucko\/napiinfok\/?p=2834\">read more<span class=\"gridview-sr-only\"> Megt\u00f6rt\u00e9nt a baj Reviczky G\u00e1borral! A sz\u00edve adta fel!<\/span><\/a><\/span><\/p>\n","protected":false},"author":1,"featured_media":2835,"comment_status":"open","ping_status":"open","sticky":false,"template":"","format":"standard","meta":{"footnotes":""},"categories":[1],"tags":[],"class_list":["post-2834","post","type-post","status-publish","format-standard","has-post-thumbnail","hentry","category-egyeb","wpcat-1-id"],"_links":{"self":[{"href":"https:\/\/online-filmkatarzis.com\/kucko\/napiinfok\/index.php?rest_route=\/wp\/v2\/posts\/2834","targetHints":{"allow":["GET"]}}],"collection":[{"href":"https:\/\/online-filmkatarzis.com\/kucko\/napiinfok\/index.php?rest_route=\/wp\/v2\/posts"}],"about":[{"href":"https:\/\/online-filmkatarzis.com\/kucko\/napiinfok\/index.php?rest_route=\/wp\/v2\/types\/post"}],"author":[{"embeddable":true,"href":"https:\/\/online-filmkatarzis.com\/kucko\/napiinfok\/index.php?rest_route=\/wp\/v2\/users\/1"}],"replies":[{"embeddable":true,"href":"https:\/\/online-filmkatarzis.com\/kucko\/napiinfok\/index.php?rest_route=%2Fwp%2Fv2%2Fcomments&post=2834"}],"version-history":[{"count":1,"href":"https:\/\/online-filmkatarzis.com\/kucko\/napiinfok\/index.php?rest_route=\/wp\/v2\/posts\/2834\/revisions"}],"predecessor-version":[{"id":2836,"href":"https:\/\/online-filmkatarzis.com\/kucko\/napiinfok\/index.php?rest_route=\/wp\/v2\/posts\/2834\/revisions\/2836"}],"wp:featuredmedia":[{"embeddable":true,"href":"https:\/\/online-filmkatarzis.com\/kucko\/napiinfok\/index.php?rest_route=\/wp\/v2\/media\/2835"}],"wp:attachment":[{"href":"https:\/\/online-filmkatarzis.com\/kucko\/napiinfok\/index.php?rest_route=%2Fwp%2Fv2%2Fmedia&parent=2834"}],"wp:term":[{"taxonomy":"category","embeddable":true,"href":"https:\/\/online-filmkatarzis.com\/kucko\/napiinfok\/index.php?rest_route=%2Fwp%2Fv2%2Fcategories&post=2834"},{"taxonomy":"post_tag","embeddable":true,"href":"https:\/\/online-filmkatarzis.com\/kucko\/napiinfok\/index.php?rest_route=%2Fwp%2Fv2%2Ftags&post=2834"}],"curies":[{"name":"wp","href":"https:\/\/api.w.org\/{rel}","templated":true}]}}