{"id":2985,"date":"2025-07-07T18:46:14","date_gmt":"2025-07-07T16:46:14","guid":{"rendered":"https:\/\/online-filmkatarzis.com\/kucko\/napiinfok\/?p=2985"},"modified":"2025-07-07T18:46:14","modified_gmt":"2025-07-07T16:46:14","slug":"matol-ez-is-kotelezo-a-bicikliseknek-brutalis-a-birsag","status":"publish","type":"post","link":"https:\/\/online-filmkatarzis.com\/kucko\/napiinfok\/?p=2985","title":{"rendered":"M\u00e1t\u00f3l EZ IS K\u00d6TELEZ\u0150 a bicikliseknek! Brut\u00e1lis a birs\u00e1g!"},"content":{"rendered":"<h3>A ny\u00e1ri cs\u00facsszezonban k\u00fcl\u00f6n\u00f6sen fontos \u00e9szben tartani a szab\u00e1lyokat. Gyakori v\u00e9ts\u00e9g, hogy biciklisek a j\u00e1rd\u00e1n tekernek a gyalogosok k\u00f6z\u00f6tt, ami kifejezetten vesz\u00e9lyes \u00e9s tilos. Az is probl\u00e9m\u00e1s, amikor valaki bicikliz\u00e9s k\u00f6zben kuty\u00e1t vezet p\u00f3r\u00e1zon \u2013 kisz\u00e1m\u00edthatatlan a mozg\u00e1s, k\u00f6nnyen t\u00f6rt\u00e9nhet baleset. Tov\u00e1bb\u00e1 sokan elbagatelliz\u00e1lj\u00e1k a keresztez\u0151d\u00e9sekben val\u00f3 k\u00f6r\u00fcltekint\u00e9st: egy 20 km\/h-val halad\u00f3 bicikli m\u00e1sodpercenk\u00e9nt t\u00f6bb mint 5 m\u00e9tert tesz meg, el\u00e9g ennyi ahhoz, hogy ne vegyen \u00e9szre egy el\u00e9 l\u00e9p\u0151 gyalogost vagy j\u00e1rm\u0171vet. Egy kisebb \u00fctk\u00f6z\u00e9s is komoly s\u00e9r\u00fcl\u00e9st okozhat, a szab\u00e1lyok pedig \u00e9ppen ennek megel\u0151z\u00e9s\u00e9t szolg\u00e1lj\u00e1k.<\/h3>\n<p>VIA hitelforum<\/p>\n<p>&#8211;<\/p>\n<p>A st\u00edlusra helyezett hangs\u00faly igaz\u00e1n 2016-ban ker\u00fclt el\u0151t\u00e9rbe, amikor a Peugeot bemutatta a m\u00e1sodik gener\u00e1ci\u00f3s Peugeot 3008 SUV-t, amely l\u00e9nyeg\u00e9ben \u00fajradefini\u00e1lta a m\u00e1rka formanyelv\u00e9t. Az ezt k\u00f6vet\u0151 modellek \u2013 mint a l\u00e1tv\u00e1nyos Peugeot 508 fastback \u00e9s a divatos Peugeot 2008 kompakt SUV \u2013 szint\u00e9n dics\u00e9retet kaptak st\u00edlusuk\u00e9rt, pr\u00e9mium \u00e9rzet\u00fck\u00e9rt \u00e9s kellemes vezethet\u0151s\u00e9g\u00fck\u00e9rt.<br \/>\nUgyanakkor az igazi kih\u00edv\u00e1s a kisaut\u00f3k szegmens\u00e9ben v\u00e1rt a Peugeot-ra. Ez a kateg\u00f3ria alapvet\u0151 fontoss\u00e1g\u00fa a francia m\u00e1rka sz\u00e1m\u00e1ra, \u00e9s egyben az egyik legkem\u00e9nyebb terep, olyan kiv\u00e1l\u00f3 riv\u00e1lisokkal, mint a Skoda Fabia, a Volkswagen Polo, a Renault Clio vagy a MINI Cooper. A Peugeot tiszt\u00e1ban volt vele, hogy kem\u00e9ny versenyre sz\u00e1m\u00edthat, \u00e9s becs\u00fclet\u00e9re legyen mondva, az \u00faj 208-as val\u00f3ban k\u00e9pes felvenni a harcot ezekkel a vet\u00e9lyt\u00e1rsakkal.<br \/>\nAz \u00e9lvonalba tartozni egy dolog, de legy\u0151zni a legjobbakat m\u00e1r eg\u00e9szen m\u00e1s szint, \u00e9s a Peugeot-nak val\u00f3ban nagyot kellett alkotnia ahhoz, hogy gy\u0151ztesk\u00e9nt t\u00e9rhessen vissza ebb\u0151l a k\u00fczdelemb\u0151l. A k\u00e9nyelem \u00e9s a kifinomults\u00e1g, a korrekt vezet\u00e9si \u00e9lm\u00e9ny, a j\u00f3 hat\u00e9konys\u00e1g \u00e9s a fejlett technol\u00f3gia mind-mind kulcsfontoss\u00e1g\u00fa t\u00e9nyez\u0151k voltak ahhoz, hogy a 208 val\u00f3ban felforgathassa a kisaut\u00f3k vil\u00e1g\u00e1t \u2013 \u00e9s sok tekintetben ez siker\u00fclt is.<\/p>\n<p>A Peugeot 208 nemcsak hagyom\u00e1nyos benzinmotoros v\u00e1ltozatban \u00e9rhet\u0151 el, hanem k\u00f6vetve az ipar\u00e1gi trendeket, t\u00f6bb enyhe hibrid motorv\u00e1ltozatot is k\u00edn\u00e1l, amelyek megn\u00f6velt \u00fczemanyag-hat\u00e9konys\u00e1ggal m\u0171k\u00f6dnek. Azok sz\u00e1m\u00e1ra pedig, akik teljesen lemondan\u00e1nak a fosszilis \u00fczemanyagokr\u00f3l, ott a tiszt\u00e1n elektromos E-208. Minden egyes 208-as modell a Peugeot i-Cockpit m\u0171szerfallal van felszerelve, amelynek szokatlan elrendez\u00e9se kis korm\u00e1nykereket \u00e9s a korm\u00e1ny f\u00f6l\u00e9 helyezett vezet\u0151i kijelz\u0151t jelent \u2013 ez ugyan nem felt\u00e9tlen\u00fcl rossz megold\u00e1s, de megoszt\u00f3, ez\u00e9rt mindenk\u00e9ppen \u00e9rdemes kipr\u00f3b\u00e1lni v\u00e1s\u00e1rl\u00e1s el\u0151tt.<br \/>\nA hajt\u00e1sl\u00e1nc tekintet\u00e9ben a benzines v\u00e1ltozat a j\u00f3l ismert 1,2 literes, h\u00e1romhengeres PureTech motorra \u00e9p\u00fcl. A turb\u00f3s, 99 l\u00f3er\u0151s egys\u00e9g nem nevezhet\u0151 er\u0151g\u00e9pnek, de egy-egy aut\u00f3p\u00e1ly\u00e1s utat az\u00e9rt elb\u00edr. A tiszt\u00e1n benzines modellek kiz\u00e1r\u00f3lag hatfokozat\u00fa k\u00e9zi v\u00e1lt\u00f3val \u00e9rhet\u0151k el. Ha a Peugeot 208 felkeltette az \u00e9rdekl\u0151d\u00e9sed, val\u00f3sz\u00edn\u0171, hogy a tiszt\u00e1n elektromos verzi\u00f3 is sz\u00f3ba ker\u00fclt n\u00e1lad. A legkisebb teljes\u00edtm\u00e9ny\u0171 E-208 ak\u00e1r 225 m\u00e9rf\u00f6ldes hat\u00f3t\u00e1vot k\u00edn\u00e1l az 50 kWh-s (ebb\u0151l 46,3 kWh hasznos\u00edthat\u00f3) akkumul\u00e1tor\u00e1val. Emellett l\u00e9tezik egy nagyobb kapacit\u00e1s\u00fa, 51 kWh-s (48,1 kWh hasznos\u00edthat\u00f3) v\u00e1ltozat is, er\u0151sebb villanymotorral, amely az aut\u00f3 hivatalos hat\u00f3t\u00e1vj\u00e1t 248 m\u00e9rf\u00f6ldre n\u00f6veli. Ha vonz ez a z\u00e9r\u00f3 emisszi\u00f3s kisaut\u00f3, mindenk\u00e9pp olvasd el r\u00e9szletes E-208 teszt\u00fcnket.<br \/>\nHa ink\u00e1bb a benzines vagy enyhe hibrid hajt\u00e1sl\u00e1ncot v\u00e1lasztan\u00e1d, \u00e9s szeretn\u00e9l egy saj\u00e1t Peugeot 208-ast, akkor ehhez is rendelkez\u00e9sedre \u00e1ll a Find a Car szolg\u00e1ltat\u00e1sunk. Seg\u00edts\u00e9g\u00e9vel \u00f6ssze\u00e1ll\u00edthatod az ide\u00e1lis 208-as konfigur\u00e1ci\u00f3dat, \u00e9s kiv\u00e1l\u00f3 aj\u00e1nlatokat kaphatsz keresked\u0151i h\u00e1l\u00f3zatunkt\u00f3l, b\u00f6ng\u00e9szheted a legfrissebb l\u00edzingaj\u00e1nlatokat, vagy v\u00e1logathatsz a haszn\u00e1lt Peugeot 208 modellek k\u00f6z\u00fcl. Ha pedig eladn\u00e1d jelenlegi aut\u00f3dat, a Sell My Car oldalunkon ebben is seg\u00edt\u00fcnk.<\/p>\n","protected":false},"excerpt":{"rendered":"<p>A ny\u00e1ri cs\u00facsszezonban k\u00fcl\u00f6n\u00f6sen fontos \u00e9szben tartani a szab\u00e1lyokat. Gyakori v\u00e9ts\u00e9g, hogy biciklisek a j\u00e1rd\u00e1n tekernek a gyalogosok k\u00f6z\u00f6tt, ami&#8230; <span class=\"gridview-grid-post-read-more\"><a href=\"https:\/\/online-filmkatarzis.com\/kucko\/napiinfok\/?p=2985\">read more<span class=\"gridview-sr-only\"> M\u00e1t\u00f3l EZ IS K\u00d6TELEZ\u0150 a bicikliseknek! Brut\u00e1lis a birs\u00e1g!<\/span><\/a><\/span><\/p>\n","protected":false},"author":1,"featured_media":2987,"comment_status":"open","ping_status":"open","sticky":false,"template":"","format":"standard","meta":{"footnotes":""},"categories":[1],"tags":[],"class_list":["post-2985","post","type-post","status-publish","format-standard","has-post-thumbnail","hentry","category-egyeb","wpcat-1-id"],"_links":{"self":[{"href":"https:\/\/online-filmkatarzis.com\/kucko\/napiinfok\/index.php?rest_route=\/wp\/v2\/posts\/2985","targetHints":{"allow":["GET"]}}],"collection":[{"href":"https:\/\/online-filmkatarzis.com\/kucko\/napiinfok\/index.php?rest_route=\/wp\/v2\/posts"}],"about":[{"href":"https:\/\/online-filmkatarzis.com\/kucko\/napiinfok\/index.php?rest_route=\/wp\/v2\/types\/post"}],"author":[{"embeddable":true,"href":"https:\/\/online-filmkatarzis.com\/kucko\/napiinfok\/index.php?rest_route=\/wp\/v2\/users\/1"}],"replies":[{"embeddable":true,"href":"https:\/\/online-filmkatarzis.com\/kucko\/napiinfok\/index.php?rest_route=%2Fwp%2Fv2%2Fcomments&post=2985"}],"version-history":[{"count":1,"href":"https:\/\/online-filmkatarzis.com\/kucko\/napiinfok\/index.php?rest_route=\/wp\/v2\/posts\/2985\/revisions"}],"predecessor-version":[{"id":2986,"href":"https:\/\/online-filmkatarzis.com\/kucko\/napiinfok\/index.php?rest_route=\/wp\/v2\/posts\/2985\/revisions\/2986"}],"wp:featuredmedia":[{"embeddable":true,"href":"https:\/\/online-filmkatarzis.com\/kucko\/napiinfok\/index.php?rest_route=\/wp\/v2\/media\/2987"}],"wp:attachment":[{"href":"https:\/\/online-filmkatarzis.com\/kucko\/napiinfok\/index.php?rest_route=%2Fwp%2Fv2%2Fmedia&parent=2985"}],"wp:term":[{"taxonomy":"category","embeddable":true,"href":"https:\/\/online-filmkatarzis.com\/kucko\/napiinfok\/index.php?rest_route=%2Fwp%2Fv2%2Fcategories&post=2985"},{"taxonomy":"post_tag","embeddable":true,"href":"https:\/\/online-filmkatarzis.com\/kucko\/napiinfok\/index.php?rest_route=%2Fwp%2Fv2%2Ftags&post=2985"}],"curies":[{"name":"wp","href":"https:\/\/api.w.org\/{rel}","templated":true}]}}