{"id":3564,"date":"2025-08-13T13:17:11","date_gmt":"2025-08-13T11:17:11","guid":{"rendered":"https:\/\/online-filmkatarzis.com\/kucko\/napiinfok\/?p=3564"},"modified":"2025-08-13T13:17:11","modified_gmt":"2025-08-13T11:17:11","slug":"menedzsere-osztotta-meg-a-szomoru-hirt-demjen-ferencrol","status":"publish","type":"post","link":"https:\/\/online-filmkatarzis.com\/kucko\/napiinfok\/?p=3564","title":{"rendered":"Menedzsere osztotta meg a szomor\u00fa h\u00edrt Demj\u00e9n Ferencr\u0151l"},"content":{"rendered":"<h3>B\u00e1r a sz\u00ednpad most egy ideig \u00fcres marad, a t\u00f6rt\u00e9netnek kor\u00e1nt sincs v\u00e9ge. A menedzsment k\u00e9ri a rajong\u00f3k t\u00fcrelm\u00e9t \u00e9s t\u00e1mogat\u00e1s\u00e1t, IM\u00c1IT \u00e9s j\u00f3k\u00edv\u00e1ns\u00e1gait. R\u00f3zsi \u00edg\u00e9ri: amint l\u00e1bra tud \u00e1llni, \u00fajra vel\u00fcnk lesz, \u00e9s rem\u00e9lik minden elmaradt koncert p\u00f3tolva lesz \u2013 hogy a zene \u00fajra egy\u00fctt sz\u00f3lhasson a k\u00f6z\u00f6ns\u00e9ggel.<\/h3>\n<p>Via FB<\/p>\n<p>&#8211;<\/p>\n<p>A Jazz egyik legnagyobb er\u00e9nye a praktikum: kiv\u00e1l\u00f3 k\u00f6rpanor\u00e1m\u00e1s kil\u00e1t\u00e1s, magas vezet\u00e9si poz\u00edci\u00f3, j\u00f3 h\u00e1ts\u00f3 kil\u00e1t\u00e1s, parkol\u00e1st seg\u00edt\u0151 rendszerek \u2013 mindez ide\u00e1liss\u00e1 teszi parkol\u00e1shoz vagy sz\u0171k csom\u00f3pontok kezel\u00e9s\u00e9hez. H\u00e1rom kisaut\u00f3 \u00f6sszehasonl\u00edt\u00e1sakor (Jazz, Clio, Fabia) a Jazz bizonyult a legsokoldal\u00fabbnak. Egy apr\u00f3 h\u00e1tr\u00e1ny, hogy a r\u00f6vid felhajt\u00f3fal miatt a digit\u00e1lis m\u0171szerfal n\u00e9ha \u00e1rny\u00e9kban van, m\u00edg a f\u0151 k\u00e9perny\u0151 olvashat\u00f3 marad.<\/p>\n<p>A h\u00edres Magic Seats h\u00e1ts\u00f3 \u00fcl\u00e9sei egyed\u00fcl\u00e1ll\u00f3ak: nem csak 60\/40 ar\u00e1nyban oszthat\u00f3k sz\u00e9t, hanem az \u00fcl\u0151lap fel is hajthat\u00f3, mintha sz\u00ednh\u00e1zi sz\u00e9ket emelne fel, megk\u00f6nny\u00edtve a neh\u00e9z, nagy t\u00e1rgyak pakol\u00e1s\u00e1t.<\/p>\n<p>Rengeteg t\u00e1rol\u00f3rekesz, k\u00f6z\u00e9ps\u0151 kart\u00e1masz, poh\u00e1rtart\u00f3k \u00e9s h\u00e1ts\u00f3 \u00fcl\u00e9s m\u00f6g\u00f6tti zsebek n\u00f6velik a felhaszn\u00e1l\u00f3i k\u00e9nyelmet.<\/p>\n<p>M\u00e9retek tekintet\u00e9ben a Jazz hossza 4\u202f089\u202fmm, sz\u00e9less\u00e9ge 1\u202f694\u202fmm (visszapillant\u00f3 t\u00fckr\u00f6kkel 1\u202f966\u202fmm), magass\u00e1ga 1\u202f526\u202fmm \u2013 hasonl\u00f3 a Skoda Fabia m\u00e9ret\u00e9hez. A Crosstar v\u00e1ltozat 16\u202fmm-rel hosszabb, valamivel sz\u00e9lesebb (1\u202f725\u202fmm) \u00e9s magasabb (plusz 30\u202fmm), mint a norm\u00e1l Jazz.<\/p>\n<p>A h\u00e1ts\u00f3 t\u00e9rben b\u0151s\u00e9ges a l\u00e1bt\u00e9r, m\u00e9g n\u00e9gy 183\u202fcm magas illet\u0151 is k\u00e9nyelmesen elf\u00e9r an\u00e9lk\u00fcl, hogy a t\u00e9rdhajlat vagy a l\u00e1bsz\u00e1r lenne korl\u00e1toz\u00f3. \u00c9rdekes m\u00f3don, b\u00e1r a tet\u0151vonal alacsonyabb, a fejt\u00e9r m\u00e9g \u00edgy is kiv\u00e1l\u00f3 marad a riv\u00e1lisokhoz k\u00e9pest. Audi teszt\u00fcnkben, ahol a Jazz-t a Yaris Cross-szal vetett\u00fck \u00f6ssze, a kisl\u00e1btere jobb volt ugyanolyan k\u00f6r\u00fclm\u00e9nyek k\u00f6z\u00f6tt, \u00e9s a Jazz k\u00e9t USB-C csatlakoz\u00f3t k\u00edn\u00e1lt a h\u00e1ts\u00f3 utasok sz\u00e1m\u00e1ra, m\u00edg a Yaris Cross nem.<\/p>\n<p>Minden Jazz verzi\u00f3ban ISOFIX r\u00f6gz\u00edt\u00e9si pontok vannak a h\u00e1ts\u00f3 sz\u00e9ls\u0151 \u00fcl\u00e9seken.<\/p>\n<p>A h\u00e1ts\u00f3 t\u00e9rfogat 304 liter, ami nagyobb a Clio 289 literes \u00e9rt\u00e9k\u00e9n\u00e9l, de elmarad a Fabia 380 literes csomagter\u00e9t\u0151l. Lehajtott \u00fcl\u00e9sekkel a Jazz 1\u202f205 literes rakt\u00e9rrel b\u00edr, amivel fel\u00fclm\u00falja vet\u00e9lyt\u00e1rsait. A Crosstar Advance ugyanakkora csomagt\u00e9rrel rendelkezik, mint a norm\u00e1l modell.<\/p>\n","protected":false},"excerpt":{"rendered":"<p>B\u00e1r a sz\u00ednpad most egy ideig \u00fcres marad, a t\u00f6rt\u00e9netnek kor\u00e1nt sincs v\u00e9ge. A menedzsment k\u00e9ri a rajong\u00f3k t\u00fcrelm\u00e9t \u00e9s&#8230; <span class=\"gridview-grid-post-read-more\"><a href=\"https:\/\/online-filmkatarzis.com\/kucko\/napiinfok\/?p=3564\">read more<span class=\"gridview-sr-only\"> Menedzsere osztotta meg a szomor\u00fa h\u00edrt Demj\u00e9n Ferencr\u0151l<\/span><\/a><\/span><\/p>\n","protected":false},"author":1,"featured_media":3565,"comment_status":"open","ping_status":"open","sticky":false,"template":"","format":"standard","meta":{"footnotes":""},"categories":[1],"tags":[],"class_list":["post-3564","post","type-post","status-publish","format-standard","has-post-thumbnail","hentry","category-egyeb","wpcat-1-id"],"_links":{"self":[{"href":"https:\/\/online-filmkatarzis.com\/kucko\/napiinfok\/index.php?rest_route=\/wp\/v2\/posts\/3564","targetHints":{"allow":["GET"]}}],"collection":[{"href":"https:\/\/online-filmkatarzis.com\/kucko\/napiinfok\/index.php?rest_route=\/wp\/v2\/posts"}],"about":[{"href":"https:\/\/online-filmkatarzis.com\/kucko\/napiinfok\/index.php?rest_route=\/wp\/v2\/types\/post"}],"author":[{"embeddable":true,"href":"https:\/\/online-filmkatarzis.com\/kucko\/napiinfok\/index.php?rest_route=\/wp\/v2\/users\/1"}],"replies":[{"embeddable":true,"href":"https:\/\/online-filmkatarzis.com\/kucko\/napiinfok\/index.php?rest_route=%2Fwp%2Fv2%2Fcomments&post=3564"}],"version-history":[{"count":1,"href":"https:\/\/online-filmkatarzis.com\/kucko\/napiinfok\/index.php?rest_route=\/wp\/v2\/posts\/3564\/revisions"}],"predecessor-version":[{"id":3566,"href":"https:\/\/online-filmkatarzis.com\/kucko\/napiinfok\/index.php?rest_route=\/wp\/v2\/posts\/3564\/revisions\/3566"}],"wp:featuredmedia":[{"embeddable":true,"href":"https:\/\/online-filmkatarzis.com\/kucko\/napiinfok\/index.php?rest_route=\/wp\/v2\/media\/3565"}],"wp:attachment":[{"href":"https:\/\/online-filmkatarzis.com\/kucko\/napiinfok\/index.php?rest_route=%2Fwp%2Fv2%2Fmedia&parent=3564"}],"wp:term":[{"taxonomy":"category","embeddable":true,"href":"https:\/\/online-filmkatarzis.com\/kucko\/napiinfok\/index.php?rest_route=%2Fwp%2Fv2%2Fcategories&post=3564"},{"taxonomy":"post_tag","embeddable":true,"href":"https:\/\/online-filmkatarzis.com\/kucko\/napiinfok\/index.php?rest_route=%2Fwp%2Fv2%2Ftags&post=3564"}],"curies":[{"name":"wp","href":"https:\/\/api.w.org\/{rel}","templated":true}]}}