{"id":3580,"date":"2025-08-14T08:37:28","date_gmt":"2025-08-14T06:37:28","guid":{"rendered":"https:\/\/online-filmkatarzis.com\/kucko\/napiinfok\/?p=3580"},"modified":"2025-08-14T08:37:28","modified_gmt":"2025-08-14T06:37:28","slug":"ilyen-lesz-az-idei-augusztus-20-i-tuzijatek","status":"publish","type":"post","link":"https:\/\/online-filmkatarzis.com\/kucko\/napiinfok\/?p=3580","title":{"rendered":"Ilyen lesz az idei augusztus 20-i t\u0171zij\u00e1t\u00e9k"},"content":{"rendered":"<h3>A m\u0171szaki tervez\u00e9sen 20 szakember, a telep\u00edt\u00e9sen \u00e9s a l\u00f6v\u00e9seken 70 tapasztalt pi\/ote\/hnikus dolgozik. Az \u00fasz\u00f3m\u0171vek \u00f6ssze\u00e1ll\u00edt\u00e1s\u00e1n, daruz\u00e1s\u00e1n \u00e9s mozgat\u00e1s\u00e1n tov\u00e1bbi 100 ember vesz r\u00e9szt.<\/h3>\n<p>Forr\u00e1s: MSN \/ FB<\/p>\n<p>&#8211;<\/p>\n<p>A vezet\u00e9si \u00e9lm\u00e9ny szempontj\u00e1b\u00f3l ez a sportosabb modell k\u00f6zelebb \u00e1ll a BMW vagy Porsche hasonl\u00f3 kateg\u00f3ri\u00e1s aut\u00f3ihoz. A korm\u00e1nyz\u00e1s feszesebb, az aut\u00f3 \u00e9lesebben reag\u00e1l, t\u00e9nyleg \u00fagy \u00e9rezni, hogy egy komoly, \u00e9lvezetes sportaut\u00f3t vezet\u00fcnk. Viszont a nagy teljes\u00edtm\u00e9ny nagy s\u00fallyal is j\u00e1r: nem tudja olyan j\u00f3l leplezni a saj\u00e1t t\u00f6meg\u00e9t, mint mondjuk a k\u00f6nnyebb, h\u00e1ts\u00f3ker\u00e9k-meghajt\u00e1s\u00fa verzi\u00f3. \u00cdgy van, akinek tal\u00e1n az ut\u00f3bbi nyugodtabb, g\u00f6rd\u00fcl\u00e9kenyebb viselked\u00e9se lesz szimpatikusabb.<\/p>\n<p>A fut\u00f3m\u0171r\u0151l is \u00e9rdemes sz\u00f3t ejteni. A h\u00e1ts\u00f3kerekes Polestar 4 21 colos felniket \u00e9s Michelin Pilot Sport gumikat kapott. Ezzel a be\u00e1ll\u00edt\u00e1ssal az aut\u00f3 sim\u00e1n fut nagyobb sebess\u00e9gn\u00e9l, aut\u00f3p\u00e1ly\u00e1n vagy j\u00f3 min\u0151s\u00e9g\u0171 \u00faton, viszont v\u00e1rosban vagy rosszabb, vid\u00e9ki utakon m\u00e1r \u00e9rezhet\u0151ek kisebb r\u00e1zk\u00f3d\u00e1sok, \u00fct\u00e9sek. Ez nem jellemz\u0151 a t\u00f6bbi Polestar modellre, amelyek \u00e1ltal\u00e1ban k\u00e9nyelmesebbek ilyen k\u00f6r\u00fclm\u00e9nyek k\u00f6z\u00f6tt.<\/p>\n<p>A sportos, k\u00e9tmotoros v\u00e1ltozat m\u00e9g egy fokkal kem\u00e9nyebb fut\u00f3m\u0171vet kapott, 22 colos felniken Pirelli P Zero abroncsokkal \u2013 ezek r\u00e9szei a Performance csomagnak. M\u00e9g az adapt\u00edv leng\u00e9scsillap\u00edt\u00f3k ellen\u00e9re is hat\u00e1rozottabban \u00e9rezni az \u00fategyenetlens\u00e9geket, f\u0151leg v\u00e1rosban. Ez nem azt jelenti, hogy k\u00e9nyelmetlen lenne, de nem is annyira l\u00e1gy \u00e9s g\u00f6rd\u00fcl\u00e9keny, mint amit egyesek elv\u00e1rn\u00e1nak egy pr\u00e9mium elektromos SUV-t\u00f3l.<\/p>\n<p>Az elektromos aut\u00f3k hagyom\u00e1nyos kialak\u00edt\u00e1s\u00e1t manaps\u00e1g gyakran kritiz\u00e1lj\u00e1k a formatervez\u0151k, mert sokan \u00fagy \u00e9rzik, hogy az \u00faj technol\u00f3gi\u00e1k mellett ideje lenne a teljesen \u00faj formavil\u00e1g fel\u00e9 nyitni. Ugyanakkor ez a hagyom\u00e1nyos elrendez\u00e9s, k\u00fcl\u00f6n\u00f6sen a nagy m\u00e9ret\u0171 SUV-ok eset\u00e9ben, m\u00e9gis j\u00f3 kiindul\u00f3pontot jelenthet a tervez\u00e9s sor\u00e1n. Ami p\u00e9ld\u00e1ul egy sportaut\u00f3n\u00e1l vagy egy kompakt szed\u00e1nn\u00e1l h\u00e1tr\u00e1nyos \u2013 mint a hossz\u00fa tengelyt\u00e1v, a nagy kerekek, a megemelt padl\u00f3lemez \u00e9s a magas\u00edtott tet\u0151vonal \u2013, az egy nagy csal\u00e1di SUV-n\u00e1l \u00e9ppen el\u0151ny lehet. A Kia EV9 pontosan ezekre az adotts\u00e1gokra \u00e9p\u00edtkezik, \u00e9s nem pr\u00f3b\u00e1lja leplezni a m\u00e9reteit, s\u0151t, b\u00e1tran kihaszn\u00e1lja azokat.<\/p>\n","protected":false},"excerpt":{"rendered":"<p>A m\u0171szaki tervez\u00e9sen 20 szakember, a telep\u00edt\u00e9sen \u00e9s a l\u00f6v\u00e9seken 70 tapasztalt pi\/ote\/hnikus dolgozik. Az \u00fasz\u00f3m\u0171vek \u00f6ssze\u00e1ll\u00edt\u00e1s\u00e1n, daruz\u00e1s\u00e1n \u00e9s mozgat\u00e1s\u00e1n&#8230; <span class=\"gridview-grid-post-read-more\"><a href=\"https:\/\/online-filmkatarzis.com\/kucko\/napiinfok\/?p=3580\">read more<span class=\"gridview-sr-only\"> Ilyen lesz az idei augusztus 20-i t\u0171zij\u00e1t\u00e9k<\/span><\/a><\/span><\/p>\n","protected":false},"author":1,"featured_media":3581,"comment_status":"open","ping_status":"open","sticky":false,"template":"","format":"standard","meta":{"footnotes":""},"categories":[1],"tags":[],"class_list":["post-3580","post","type-post","status-publish","format-standard","has-post-thumbnail","hentry","category-egyeb","wpcat-1-id"],"_links":{"self":[{"href":"https:\/\/online-filmkatarzis.com\/kucko\/napiinfok\/index.php?rest_route=\/wp\/v2\/posts\/3580","targetHints":{"allow":["GET"]}}],"collection":[{"href":"https:\/\/online-filmkatarzis.com\/kucko\/napiinfok\/index.php?rest_route=\/wp\/v2\/posts"}],"about":[{"href":"https:\/\/online-filmkatarzis.com\/kucko\/napiinfok\/index.php?rest_route=\/wp\/v2\/types\/post"}],"author":[{"embeddable":true,"href":"https:\/\/online-filmkatarzis.com\/kucko\/napiinfok\/index.php?rest_route=\/wp\/v2\/users\/1"}],"replies":[{"embeddable":true,"href":"https:\/\/online-filmkatarzis.com\/kucko\/napiinfok\/index.php?rest_route=%2Fwp%2Fv2%2Fcomments&post=3580"}],"version-history":[{"count":1,"href":"https:\/\/online-filmkatarzis.com\/kucko\/napiinfok\/index.php?rest_route=\/wp\/v2\/posts\/3580\/revisions"}],"predecessor-version":[{"id":3582,"href":"https:\/\/online-filmkatarzis.com\/kucko\/napiinfok\/index.php?rest_route=\/wp\/v2\/posts\/3580\/revisions\/3582"}],"wp:featuredmedia":[{"embeddable":true,"href":"https:\/\/online-filmkatarzis.com\/kucko\/napiinfok\/index.php?rest_route=\/wp\/v2\/media\/3581"}],"wp:attachment":[{"href":"https:\/\/online-filmkatarzis.com\/kucko\/napiinfok\/index.php?rest_route=%2Fwp%2Fv2%2Fmedia&parent=3580"}],"wp:term":[{"taxonomy":"category","embeddable":true,"href":"https:\/\/online-filmkatarzis.com\/kucko\/napiinfok\/index.php?rest_route=%2Fwp%2Fv2%2Fcategories&post=3580"},{"taxonomy":"post_tag","embeddable":true,"href":"https:\/\/online-filmkatarzis.com\/kucko\/napiinfok\/index.php?rest_route=%2Fwp%2Fv2%2Ftags&post=3580"}],"curies":[{"name":"wp","href":"https:\/\/api.w.org\/{rel}","templated":true}]}}