{"id":3587,"date":"2025-08-14T16:04:25","date_gmt":"2025-08-14T14:04:25","guid":{"rendered":"https:\/\/online-filmkatarzis.com\/kucko\/napiinfok\/?p=3587"},"modified":"2025-08-14T16:04:25","modified_gmt":"2025-08-14T14:04:25","slug":"sirva-jelentette-be-keresztes-ildiko","status":"publish","type":"post","link":"https:\/\/online-filmkatarzis.com\/kucko\/napiinfok\/?p=3587","title":{"rendered":"S\u00edrva jelentette be Keresztes Ildik\u00f3"},"content":{"rendered":"<h3>Ildik\u00f3 a 61. sz\u00fclet\u00e9snapj\u00e1n l\u00e9pett fel egy Bal\u00e1zs Fec\u00f3-eml\u00e9kkoncerten, amir\u0151l meghat\u00f3 posztot tett k\u00f6zz\u00e9. Vir\u00e1gcsokrokkal k\u00f6sz\u00f6nt\u00f6tt\u00e9k \u0151t a szervez\u0151k, \u00e9s a k\u00f6z\u00f6ns\u00e9ggel egy\u00fctt \u00e9nekelt\u00e9k el neki a boldog sz\u00fclet\u00e9snapot c\u00edm\u0171 dalt \u2013 sz\u00farta ki a Bors. Az \u00e9nekesn\u0151 annyira s\u00edrt, hogy sz\u00f3hoz sem jutott a meghat\u00f3dotts\u00e1gt\u00f3l.<br \/>\n\u201eA sz\u00edvem tele szeretettel. K\u00f6sz\u00f6n\u00f6m, hogy vagytok nekem. \u00c9reztem, hogy Anya \u00e9s Fec\u00f3 is vel\u00fcnk volt\u201d<\/h3>\n<p>VIA Story\/Bors<\/p>\n<p>&#8211;<\/p>\n<p>A biztos\u00edt\u00e1si k\u00f6lts\u00e9gek kiss\u00e9 magasabbak lehetnek az \u00e1tlagn\u00e1l, mivel mindk\u00e9t MG5 v\u00e1ltozat a 27-es biztos\u00edt\u00e1si kateg\u00f3ri\u00e1ba tartozik, szemben p\u00e9ld\u00e1ul a Ford Focus 10-23 k\u00f6z\u00f6tti kateg\u00f3ri\u00e1ival. Ugyanakkor m\u00e1s elektromos modellek, mint a Hyundai Kona Electric vagy a Volkswagen ID.4, hasonl\u00f3 biztos\u00edt\u00e1si d\u00edjakkal sz\u00e1molhat\u00f3k.<br \/>\nA v\u00e1rhat\u00f3 \u00e9rt\u00e9kcs\u00f6kken\u00e9s szerint az MG5 h\u00e1rom \u00e9v vagy 58 000 kilom\u00e9ter ut\u00e1n az eredeti v\u00e9tel\u00e1r\u00e1nak k\u00f6r\u00fclbel\u00fcl 44%-\u00e1t tartja meg, ami csak kicsit marad el az MG4 m\u00f6g\u00f6tt, amely \u00e1tlagosan 53%-ot \u0151riz meg.<\/p>\n<p>Az MG5 bels\u0151 tere moderniz\u00e1lt, \u00e9s a kor\u00e1bbi, unalmas diz\u00e1jn helyett most egy frissebb, letisztultabb m\u0171szerfalat k\u00edn\u00e1l. B\u00e1r n\u00e9h\u00e1ny anyaghaszn\u00e1lat m\u00e9g mindig olcs\u00f3nak hat, az \u00e1rc\u00e9dul\u00e1t figyelembe v\u00e9ve ez elfogadhat\u00f3 kompromisszum. Az alapfelszerelts\u00e9g r\u00e9sze t\u00f6bbek k\u00f6z\u00f6tt a 16 colos k\u00f6nny\u0171f\u00e9m ker\u00e9k, automata f\u00e9nysz\u00f3r\u00f3k, adapt\u00edv tempomat, tolat\u00f3szenzorok, l\u00e9gkondicion\u00e1l\u00f3 \u00e9s b\u0151r\u00f6z\u00f6tt korm\u00e1nyker\u00e9k. A Trophy v\u00e1ltozat ehhez m\u00e9g 17 colos felniket, ez\u00fcst tet\u0151s\u00edneket, elektromosan behajthat\u00f3 t\u00fckr\u00f6ket, s\u00f6t\u00e9t\u00edtett h\u00e1ts\u00f3 ablakokat, automata es\u0151\u00e9rz\u00e9kel\u0151s ablakt\u00f6rl\u0151ket, 360 fokos kamerarendszert \u00e9s f\u0171thet\u0151 \u00fcl\u00e9seket is ad.<\/p>\n<p>Az alapf\u00e9nyez\u00e9s az Arctic White, a k\u00e9k, fekete vagy ez\u00fcst met\u00e1lf\u00e9nyez\u00e9s fel\u00e1ra kb. 550 font, m\u00edg a k\u00fcl\u00f6nleges Dynamic Red h\u00e1romr\u00e9teg\u0171 f\u00e9nyez\u00e9s k\u00f6zel 700 fonttal n\u00f6veli az \u00e1rat.<br \/>\nAz infotainment rendszer 10,25 h\u00fcvelykes \u00e9rint\u0151k\u00e9perny\u0151t kapott, amely ugyanazt a rendszert futtatja, mint az MG4. Alapfelszerelts\u00e9g az Apple CarPlay \u00e9s Android Auto t\u00e1mogat\u00e1s is. Egyetlen bosszant\u00f3 dolog, hogy az \u00f6sszes kl\u00edmavez\u00e9rl\u00e9s a k\u00e9perny\u0151n tal\u00e1lhat\u00f3, a kis ikonok kezel\u00e9se p\u00e9ld\u00e1ul a f\u0171t\u00e9s vagy a ventil\u00e1tor ir\u00e1ny\u00e1nak m\u00f3dos\u00edt\u00e1s\u00e1hoz neh\u00e9zkes lehet.<\/p>\n","protected":false},"excerpt":{"rendered":"<p>Ildik\u00f3 a 61. sz\u00fclet\u00e9snapj\u00e1n l\u00e9pett fel egy Bal\u00e1zs Fec\u00f3-eml\u00e9kkoncerten, amir\u0151l meghat\u00f3 posztot tett k\u00f6zz\u00e9. Vir\u00e1gcsokrokkal k\u00f6sz\u00f6nt\u00f6tt\u00e9k \u0151t a szervez\u0151k, \u00e9s&#8230; <span class=\"gridview-grid-post-read-more\"><a href=\"https:\/\/online-filmkatarzis.com\/kucko\/napiinfok\/?p=3587\">read more<span class=\"gridview-sr-only\"> S\u00edrva jelentette be Keresztes Ildik\u00f3<\/span><\/a><\/span><\/p>\n","protected":false},"author":1,"featured_media":3588,"comment_status":"open","ping_status":"open","sticky":false,"template":"","format":"standard","meta":{"footnotes":""},"categories":[1],"tags":[],"class_list":["post-3587","post","type-post","status-publish","format-standard","has-post-thumbnail","hentry","category-egyeb","wpcat-1-id"],"_links":{"self":[{"href":"https:\/\/online-filmkatarzis.com\/kucko\/napiinfok\/index.php?rest_route=\/wp\/v2\/posts\/3587","targetHints":{"allow":["GET"]}}],"collection":[{"href":"https:\/\/online-filmkatarzis.com\/kucko\/napiinfok\/index.php?rest_route=\/wp\/v2\/posts"}],"about":[{"href":"https:\/\/online-filmkatarzis.com\/kucko\/napiinfok\/index.php?rest_route=\/wp\/v2\/types\/post"}],"author":[{"embeddable":true,"href":"https:\/\/online-filmkatarzis.com\/kucko\/napiinfok\/index.php?rest_route=\/wp\/v2\/users\/1"}],"replies":[{"embeddable":true,"href":"https:\/\/online-filmkatarzis.com\/kucko\/napiinfok\/index.php?rest_route=%2Fwp%2Fv2%2Fcomments&post=3587"}],"version-history":[{"count":1,"href":"https:\/\/online-filmkatarzis.com\/kucko\/napiinfok\/index.php?rest_route=\/wp\/v2\/posts\/3587\/revisions"}],"predecessor-version":[{"id":3589,"href":"https:\/\/online-filmkatarzis.com\/kucko\/napiinfok\/index.php?rest_route=\/wp\/v2\/posts\/3587\/revisions\/3589"}],"wp:featuredmedia":[{"embeddable":true,"href":"https:\/\/online-filmkatarzis.com\/kucko\/napiinfok\/index.php?rest_route=\/wp\/v2\/media\/3588"}],"wp:attachment":[{"href":"https:\/\/online-filmkatarzis.com\/kucko\/napiinfok\/index.php?rest_route=%2Fwp%2Fv2%2Fmedia&parent=3587"}],"wp:term":[{"taxonomy":"category","embeddable":true,"href":"https:\/\/online-filmkatarzis.com\/kucko\/napiinfok\/index.php?rest_route=%2Fwp%2Fv2%2Fcategories&post=3587"},{"taxonomy":"post_tag","embeddable":true,"href":"https:\/\/online-filmkatarzis.com\/kucko\/napiinfok\/index.php?rest_route=%2Fwp%2Fv2%2Ftags&post=3587"}],"curies":[{"name":"wp","href":"https:\/\/api.w.org\/{rel}","templated":true}]}}