{"id":3665,"date":"2025-08-19T17:39:21","date_gmt":"2025-08-19T15:39:21","guid":{"rendered":"https:\/\/online-filmkatarzis.com\/kucko\/napiinfok\/?p=3665"},"modified":"2025-08-19T17:39:21","modified_gmt":"2025-08-19T15:39:21","slug":"a-nyugdijasok-miatt-marad-el-az-augusztus-20-ai-tuzijatek","status":"publish","type":"post","link":"https:\/\/online-filmkatarzis.com\/kucko\/napiinfok\/?p=3665","title":{"rendered":"A nyugd\u00edjasok miatt marad el az augusztus 20-ai t\u0171zij\u00e1t\u00e9k"},"content":{"rendered":"<h3>Egyesek szerint a fiatal cinikusan fogalmazott, m\u00e1sok viszont egyet\u00e9rtettek vele abban, hogy a t\u0171zij\u00e1t\u00e9k ideje lej\u00e1rt, \u00e9s a modern kor alternat\u00edv, k\u00f6rnyezetbar\u00e1t megold\u00e1sokat k\u00edv\u00e1n \u2013 p\u00e9ld\u00e1ul f\u00e9ny- vagy dr\u00f3nshow-kat.<br \/>\nB\u00e1r Budapesten csak akkor marad el az augusztus 20-ai \u00fcnneps\u00e9g f\u00e9nypontja, ha az id\u0151j\u00e1r\u00e1s kedvez\u0151tlen fordulatot vesz, t\u00f6bb nagyv\u00e1rosban m\u00e1r \u00e9vek \u00f3ta nincs t\u0171zij\u00e1t\u00e9k, \u00e9s ebben az \u00e9vben m\u00e9g t\u00f6bb telep\u00fcl\u00e9s csatlakozott ehhez.<\/h3>\n<p>VIA FB<\/p>\n<p>&#8211;<\/p>\n<p>A fogyaszt\u00e1s szempontj\u00e1b\u00f3l a Subaru Forester e-Boxer nem tartozik a legjobbak k\u00f6z\u00e9. A gy\u00e1ri kombin\u00e1lt \u00e9rt\u00e9k 34,8 mpg (kb. 8,1 l\/100 km), amit a gyakorlatban v\u00e1rosban ak\u00e1r fel\u00fcl is lehet m\u00falni, f\u0151leg a hibrid rendszer seg\u00edts\u00e9g\u00e9vel. Aut\u00f3p\u00e1ly\u00e1n azonban a motor magasabb fordulatsz\u00e1mon m\u0171k\u00f6dik, \u00edgy a fogyaszt\u00e1s is emelkedik. Cser\u00e9be az \u00e1lland\u00f3 \u00f6sszker\u00e9khajt\u00e1s nemcsak a biztons\u00e1g\u00e9rzetet n\u00f6veli, de val\u00f3di el\u0151nyt ny\u00fajt, ha let\u00e9r\u00fcnk az aszfaltr\u00f3l. A Subaru h\u00edres megb\u00edzhat\u00f3s\u00e1g\u00e1r\u00f3l is, \u00edgy hossz\u00fa t\u00e1von a karbantart\u00e1si k\u00f6lts\u00e9gek is alacsonyan tarthat\u00f3k.<\/p>\n<p>A bels\u0151 t\u00e9r ink\u00e1bb praktikus, mint eleg\u00e1ns, de ez nem jelent h\u00e1tr\u00e1nyt. A kor\u00e1bbi modellekn\u00e9l sokkal jobb min\u0151s\u00e9g\u0171 anyagok domin\u00e1lnak, \u00e9s b\u00e1r nincs luxus\u00e9rzet, minden r\u00e9szlet massz\u00edv, strapab\u00edr\u00f3 \u00e9s c\u00e9lszer\u0171. A kabin anyaghaszn\u00e1lata egyfajta gum\u00edrozott, k\u00fclt\u00e9ri ruh\u00e1zatra eml\u00e9keztet\u0151 hat\u00e1st kelt, ami remek\u00fcl \u00e1ll egy ilyen funkcion\u00e1lis j\u00e1rm\u0171nek. A m\u0171szerfalon k\u00f6z\u00e9pen elhelyezett, \u00e1ll\u00f3 form\u00e1tum\u00fa \u00e9rint\u0151k\u00e9perny\u0151 ugyan nem a legmodernebb grafik\u00e1t k\u00edn\u00e1lja, de j\u00f3l \u00e1tl\u00e1that\u00f3 \u00e9s k\u00f6nnyen kezelhet\u0151. Alapfelszerelts\u00e9g az Apple CarPlay \u00e9s az Android Auto, \u00edgy a saj\u00e1t mobilos rendszert haszn\u00e1lva egyszer\u0171en p\u00f3tolhat\u00f3 a be\u00e9p\u00edtett rendszer egyszer\u0171s\u00e9ge. Emellett a kl\u00edmavez\u00e9rl\u00e9s \u00e9s a hanger\u0151 \u00e1ll\u00edt\u00e1sa fizikai gombokkal t\u00f6rt\u00e9nik, ami megk\u00f6nny\u00edti a kezel\u00e9st vezet\u00e9s k\u00f6zben is. A korm\u00e1nyra helyezett kezel\u0151szervek els\u0151re kicsit bonyolultnak t\u0171nhetnek, de gyorsan megszokhat\u00f3ak.<\/p>\n<p>T\u00e9rk\u00edn\u00e1lat ter\u00e9n a Forester kifejezetten j\u00f3l szerepel. A 4,67 m\u00e9teres hossz \u00e9s az egyenes, dobozszer\u0171 tet\u0151vonal miatt az utast\u00e9r rendk\u00edv\u00fcl t\u00e1gas, el\u00f6l \u00e9s h\u00e1tul is b\u0151s\u00e9ges a hely. A h\u00e1ts\u00f3 \u00fcl\u00e9ssorban h\u00e1rom feln\u0151tt is k\u00e9nyelmesen elf\u00e9r, \u00e9s a s\u00edk padl\u00f3nak, valamint a nagy ablakfel\u00fcleteknek k\u00f6sz\u00f6nhet\u0151en kifejezetten vil\u00e1gos, t\u00e1gas hat\u00e1st kelt az utast\u00e9r. A csomagtart\u00f3 alaphelyzetben 508 literes, ami megfelel a kateg\u00f3ria elv\u00e1r\u00e1sainak.<\/p>\n","protected":false},"excerpt":{"rendered":"<p>Egyesek szerint a fiatal cinikusan fogalmazott, m\u00e1sok viszont egyet\u00e9rtettek vele abban, hogy a t\u0171zij\u00e1t\u00e9k ideje lej\u00e1rt, \u00e9s a modern kor&#8230; <span class=\"gridview-grid-post-read-more\"><a href=\"https:\/\/online-filmkatarzis.com\/kucko\/napiinfok\/?p=3665\">read more<span class=\"gridview-sr-only\"> A nyugd\u00edjasok miatt marad el az augusztus 20-ai t\u0171zij\u00e1t\u00e9k<\/span><\/a><\/span><\/p>\n","protected":false},"author":1,"featured_media":3667,"comment_status":"open","ping_status":"open","sticky":false,"template":"","format":"standard","meta":{"footnotes":""},"categories":[1],"tags":[],"class_list":["post-3665","post","type-post","status-publish","format-standard","has-post-thumbnail","hentry","category-egyeb","wpcat-1-id"],"_links":{"self":[{"href":"https:\/\/online-filmkatarzis.com\/kucko\/napiinfok\/index.php?rest_route=\/wp\/v2\/posts\/3665","targetHints":{"allow":["GET"]}}],"collection":[{"href":"https:\/\/online-filmkatarzis.com\/kucko\/napiinfok\/index.php?rest_route=\/wp\/v2\/posts"}],"about":[{"href":"https:\/\/online-filmkatarzis.com\/kucko\/napiinfok\/index.php?rest_route=\/wp\/v2\/types\/post"}],"author":[{"embeddable":true,"href":"https:\/\/online-filmkatarzis.com\/kucko\/napiinfok\/index.php?rest_route=\/wp\/v2\/users\/1"}],"replies":[{"embeddable":true,"href":"https:\/\/online-filmkatarzis.com\/kucko\/napiinfok\/index.php?rest_route=%2Fwp%2Fv2%2Fcomments&post=3665"}],"version-history":[{"count":1,"href":"https:\/\/online-filmkatarzis.com\/kucko\/napiinfok\/index.php?rest_route=\/wp\/v2\/posts\/3665\/revisions"}],"predecessor-version":[{"id":3668,"href":"https:\/\/online-filmkatarzis.com\/kucko\/napiinfok\/index.php?rest_route=\/wp\/v2\/posts\/3665\/revisions\/3668"}],"wp:featuredmedia":[{"embeddable":true,"href":"https:\/\/online-filmkatarzis.com\/kucko\/napiinfok\/index.php?rest_route=\/wp\/v2\/media\/3667"}],"wp:attachment":[{"href":"https:\/\/online-filmkatarzis.com\/kucko\/napiinfok\/index.php?rest_route=%2Fwp%2Fv2%2Fmedia&parent=3665"}],"wp:term":[{"taxonomy":"category","embeddable":true,"href":"https:\/\/online-filmkatarzis.com\/kucko\/napiinfok\/index.php?rest_route=%2Fwp%2Fv2%2Fcategories&post=3665"},{"taxonomy":"post_tag","embeddable":true,"href":"https:\/\/online-filmkatarzis.com\/kucko\/napiinfok\/index.php?rest_route=%2Fwp%2Fv2%2Ftags&post=3665"}],"curies":[{"name":"wp","href":"https:\/\/api.w.org\/{rel}","templated":true}]}}