{"id":3959,"date":"2025-09-07T14:29:49","date_gmt":"2025-09-07T12:29:49","guid":{"rendered":"https:\/\/online-filmkatarzis.com\/kucko\/napiinfok\/?p=3959"},"modified":"2025-09-07T14:29:49","modified_gmt":"2025-09-07T12:29:49","slug":"nagy-a-baj-mar-a-koncertre-sem-ment-el-fenyo-miklos","status":"publish","type":"post","link":"https:\/\/online-filmkatarzis.com\/kucko\/napiinfok\/?p=3959","title":{"rendered":"Nagy a baj! M\u00e1r a koncertre sem ment el Feny\u0151 Mikl\u00f3s!"},"content":{"rendered":"<h3>Rejt\u00e9ly \u00f6vezi Feny\u0151 Mikl\u00f3s hi\u00e1nyz\u00e1s\u00e1t! Hogy mi\u00e9rt nem jelent meg a Pozsonyi Pikniken, egyel\u0151re senki sem tudja. Sajt\u00f3h\u00edrek szerint m\u00e9g R\u00f3nai Egon is csak annyit \u00e1rulhatott el, hogy az \u00e9nekes kor\u00e1bban jelezte a t\u00e1volmarad\u00e1s\u00e1t \u2013 de a val\u00f3di okr\u00f3l hallgatnia kellett, mely komoly eg\u00e9szs\u00e9g\u00fcgyi probl\u00e9m\u00e1k felt\u00e9telez\u00e9seire ad okot a rajong\u00f3k k\u00f6r\u00e9ben!<br \/>\nAMINT FRISS H\u00cdR \u00c9RKEZIK FENY\u0150 MIKL\u00d3SR\u00d3L, AZONNAL FRISS\u00cdTJ\u00dcK CIKK\u00dcNKET!<\/h3>\n<p>VIA Bors<\/p>\n<p>&#8211;<\/p>\n<p>A k\u00e9s\u0151bbiekben v\u00e1rhat\u00f3 egy m\u00e9g olcs\u00f3bb, kisebb akkumul\u00e1torral szerelt v\u00e1ltozat is, kb. 125 m\u00e9rf\u00f6ldes hat\u00f3t\u00e1vval, amely az Egyes\u00fclt Kir\u00e1lys\u00e1gban ak\u00e1r 18 000 font al\u00e1 is ker\u00fclhet \u2013 b\u00e1r egyel\u0151re nem biztos, hogy el\u00e9rhet\u0151 lesz ezen a piacon. Val\u00f3s haszn\u00e1lat sor\u00e1n a hibrid lehet a legf\u00fcrg\u00e9bb, hiszen az elektromos e-C3 csup\u00e1n 111 l\u00f3er\u0151t \u00e9s 120 Nm nyomat\u00e9kot k\u00edn\u00e1l, a 0\u2013100 km\/h-s gyorsul\u00e1sa 11 m\u00e1sodperc, v\u00e9gsebess\u00e9ge pedig mind\u00f6ssze 135 km\/h. B\u00e1r nem t\u0171nik kifejezetten f\u00fcrg\u00e9nek, az elektromos hajt\u00e1s line\u00e1ris teljes\u00edtm\u00e9nylead\u00e1sa miatt v\u00e1rosi k\u00f6rnyezetben kellemesen vezethet\u0151, \u00e9s a felf\u00fcggeszt\u00e9s kifejezetten j\u00f3l kezeli az \u00fathib\u00e1kat kis sebess\u00e9gn\u00e9l. A benzines v\u00e1ltozat h\u00e1romhengeres mivolt\u00e1t nem rejti v\u00e9ka al\u00e1, de kell\u0151en nyomat\u00e9kos alacsony fordulaton, \u00e9s a v\u00e1lt\u00f3kar furcsa kialak\u00edt\u00e1sa ellen\u00e9re is finoman vezethet\u0151.<\/p>\n<p>A C3 magasabb temp\u00f3n\u00e1l is k\u00e9nyelmesen suhan, b\u00e1r hirtelen \u00fathib\u00e1kra \u00e9rz\u00e9kenyebb. A korm\u00e1nyz\u00e1s k\u00f6nny\u0171, de visszajelz\u00e9st alig ad, \u00e9s \u00e9lesebb kanyarokban hajlamos alulkorm\u00e1nyozotts\u00e1gra. Mindezek ellen\u00e9re a modell f\u0151 \u00fczenete a k\u00e9nyelem \u00e9s az el\u00e9rhet\u0151 \u00e1r \u2013 \u00e1m hosszabb t\u00e1von felt\u0171nhet a zajszigetel\u00e9s hi\u00e1nya: a benzines motor hangja, az elektromos hajt\u00e1s s\u00edpol\u00e1sa, a sz\u00e9lzaj \u00e9s a g\u00f6rd\u00fcl\u00e9si zaj egy\u00fctt kiss\u00e9 f\u00e1raszt\u00f3 lehet.<\/p>\n<p>Az e-C3 akkumul\u00e1tora a hivatalos adatok szerint 199 m\u00e9rf\u00f6ldes hat\u00f3t\u00e1vot biztos\u00edt, de vegyes k\u00f6r\u00fclm\u00e9nyek k\u00f6z\u00f6tt 174 m\u00e9rf\u00f6ld k\u00f6r\u00fcli \u00e9rt\u00e9ket m\u00e9rt\u00fcnk, amely kedvez\u0151bb haszn\u00e1lattal t\u00falsz\u00e1rnyalhat\u00f3 lenne \u2013 \u00e1m a h\u0151szivatty\u00fa hi\u00e1nya t\u00e9li id\u0151ben jelent\u0151sen cs\u00f6kkentheti a hat\u00f3t\u00e1vot. A t\u00f6lt\u0151csatlakoz\u00f3 a h\u00e1ts\u00f3 s\u00e1rv\u00e9d\u0151n\u00e9l tal\u00e1lhat\u00f3, ahol a benzines modellek tanksapk\u00e1ja is van, de a kis m\u00e9ret miatt nem gond az aut\u00f3 orr\u00e1val k\u00f6zel\u00edteni a t\u00f6lt\u0151\u00e1llom\u00e1shoz.<\/p>\n","protected":false},"excerpt":{"rendered":"<p>Rejt\u00e9ly \u00f6vezi Feny\u0151 Mikl\u00f3s hi\u00e1nyz\u00e1s\u00e1t! Hogy mi\u00e9rt nem jelent meg a Pozsonyi Pikniken, egyel\u0151re senki sem tudja. Sajt\u00f3h\u00edrek szerint m\u00e9g&#8230; <span class=\"gridview-grid-post-read-more\"><a href=\"https:\/\/online-filmkatarzis.com\/kucko\/napiinfok\/?p=3959\">read more<span class=\"gridview-sr-only\"> Nagy a baj! M\u00e1r a koncertre sem ment el Feny\u0151 Mikl\u00f3s!<\/span><\/a><\/span><\/p>\n","protected":false},"author":1,"featured_media":3962,"comment_status":"open","ping_status":"open","sticky":false,"template":"","format":"standard","meta":{"footnotes":""},"categories":[1],"tags":[],"class_list":["post-3959","post","type-post","status-publish","format-standard","has-post-thumbnail","hentry","category-egyeb","wpcat-1-id"],"_links":{"self":[{"href":"https:\/\/online-filmkatarzis.com\/kucko\/napiinfok\/index.php?rest_route=\/wp\/v2\/posts\/3959","targetHints":{"allow":["GET"]}}],"collection":[{"href":"https:\/\/online-filmkatarzis.com\/kucko\/napiinfok\/index.php?rest_route=\/wp\/v2\/posts"}],"about":[{"href":"https:\/\/online-filmkatarzis.com\/kucko\/napiinfok\/index.php?rest_route=\/wp\/v2\/types\/post"}],"author":[{"embeddable":true,"href":"https:\/\/online-filmkatarzis.com\/kucko\/napiinfok\/index.php?rest_route=\/wp\/v2\/users\/1"}],"replies":[{"embeddable":true,"href":"https:\/\/online-filmkatarzis.com\/kucko\/napiinfok\/index.php?rest_route=%2Fwp%2Fv2%2Fcomments&post=3959"}],"version-history":[{"count":1,"href":"https:\/\/online-filmkatarzis.com\/kucko\/napiinfok\/index.php?rest_route=\/wp\/v2\/posts\/3959\/revisions"}],"predecessor-version":[{"id":3963,"href":"https:\/\/online-filmkatarzis.com\/kucko\/napiinfok\/index.php?rest_route=\/wp\/v2\/posts\/3959\/revisions\/3963"}],"wp:featuredmedia":[{"embeddable":true,"href":"https:\/\/online-filmkatarzis.com\/kucko\/napiinfok\/index.php?rest_route=\/wp\/v2\/media\/3962"}],"wp:attachment":[{"href":"https:\/\/online-filmkatarzis.com\/kucko\/napiinfok\/index.php?rest_route=%2Fwp%2Fv2%2Fmedia&parent=3959"}],"wp:term":[{"taxonomy":"category","embeddable":true,"href":"https:\/\/online-filmkatarzis.com\/kucko\/napiinfok\/index.php?rest_route=%2Fwp%2Fv2%2Fcategories&post=3959"},{"taxonomy":"post_tag","embeddable":true,"href":"https:\/\/online-filmkatarzis.com\/kucko\/napiinfok\/index.php?rest_route=%2Fwp%2Fv2%2Ftags&post=3959"}],"curies":[{"name":"wp","href":"https:\/\/api.w.org\/{rel}","templated":true}]}}